{"id":72892,"date":"2026-01-12T19:25:00","date_gmt":"2026-01-12T19:25:00","guid":{"rendered":"https:\/\/www.uta.cl\/?p=72892"},"modified":"2026-04-29T13:13:23","modified_gmt":"2026-04-29T13:13:23","slug":"academicos-y-academicas-de-estados-unidos-y-bolivia-participaron-en-la-x-escuela-de-verano-en-metodologias-cualitativas-organizada-por-la-utarapaca","status":"publish","type":"post","link":"https:\/\/www.uta.cl\/index.php\/2026\/01\/12\/academicos-y-academicas-de-estados-unidos-y-bolivia-participaron-en-la-x-escuela-de-verano-en-metodologias-cualitativas-organizada-por-la-utarapaca\/","title":{"rendered":"Acad\u00e9micos y acad\u00e9micas de Estados Unidos y Bolivia participaron en la X Escuela de Verano en Metodolog\u00edas Cualitativas organizada por la UTarapac\u00e1"},"content":{"rendered":"\n<p>Investigadores y estudiantes de diversas disciplinas se reunieron los d\u00edas 8 y 9 de enero en el Campus Saucache de la Universidad de Tarapac\u00e1 para participar en la \u201cX Escuela de Verano en Metodolog\u00edas Cualitativas para la Transformaci\u00f3n Social en Zonas Fronterizas\u201d, encuentro que cont\u00f3 con la participaci\u00f3n de acad\u00e9micos y acad\u00e9micas de Estados Unidos y Bolivia.<\/p>\n\n\n\n<p>El encuentro, consolidado como uno de los principales espacios de formaci\u00f3n y di\u00e1logo acad\u00e9mico en el norte de Chile, estuvo orientado a promover el intercambio de experiencias y conocimientos en torno a enfoques interpretativos y metodol\u00f3gicos aplicados a la investigaci\u00f3n en Ciencias Sociales, Educaci\u00f3n, Salud y Humanidades. A lo largo de dos jornadas, se realizaron talleres, conferencias y conversatorios que abordaron los desaf\u00edos actuales de la investigaci\u00f3n cualitativa desde una perspectiva interdisciplinaria y territorial.<\/p>\n\n\n\n<p><strong>Invitados internacionales<\/strong><\/p>\n\n\n\n<p>El programa cont\u00f3 con la participaci\u00f3n de dos expositores internacionales. El acad\u00e9mico estadounidense C. Albert Bardi, PhD, de The University of the South, quien lider\u00f3 el conversatorio <em>\u201c<\/em>Involucrando a los estudiantes universitarios en la cultura ind\u00edgena\u201d, donde abord\u00f3 experiencias formativas que fortalecen el v\u00ednculo entre educaci\u00f3n superior y culturas originarias, destacando la importancia de incorporar perspectivas interculturales en los procesos de investigaci\u00f3n y ense\u00f1anza.<\/p>\n\n\n\n<p>Por su parte, el investigador boliviano David Quispe Alvarado, de la Universidad Mayor de San Sim\u00f3n, present\u00f3 la conferencia \u201cInstinto pol\u00edtico warmi-indianista: genealog\u00eda del pensamiento pol\u00edtico de Camila Choquetitlla Mamani\u201d, donde realiz\u00f3 un an\u00e1lisis cr\u00edtico del pensamiento pol\u00edtico ind\u00edgena contempor\u00e1neo en la regi\u00f3n andina, con \u00e9nfasis en el rol de las mujeres ind\u00edgenas en la construcci\u00f3n de proyectos pol\u00edticos y epistemol\u00f3gicos propios.<\/p>\n\n\n\n<p><strong>Coordinaci\u00f3n y marco institucional<\/strong><\/p>\n\n\n\n<p>La Escuela de Verano fue coordinada por la Dra. Pamela Zapata Sep\u00falveda, acad\u00e9mica de la Escuela de Psicolog\u00eda y Filosof\u00eda de la Universidad de Tarapac\u00e1, con el apoyo de la Facultad de Ciencias Sociales. La actividad se realiz\u00f3 en el marco del proyecto Fondecyt Regular N\u00b01221330 (2022\u20132026), iniciativa orientada a fortalecer la investigaci\u00f3n interdisciplinaria en la macrozona norte del pa\u00eds.<\/p>\n\n\n\n<p>La Dra. Pamela Zapata destac\u00f3 la relevancia del encuentro: \u201cLa relevancia de una escuela de verano, como la que organizamos en la UTA, radica en que permite reflexionar, tanto a investigadoras (es) cualitativas (os), acad\u00e9micas (os), estudiantes de pre y postgrado y p\u00fablico en general.&nbsp; Es un espacio propicio para actualizar conocimientos sobre temas con pertinencia cultural para el territorio, compartidos por expertas (os). Tambi\u00e9n para nuestras vidas como acad\u00e9micas (os) del sistema de educaci\u00f3n superior actual\u201d.<\/p>\n\n\n\n<p>La investigadora agreg\u00f3 que \u201cesto posiciona a la UTA como eje articulador de la macrorregi\u00f3n centro sur andina a trav\u00e9s de metodolog\u00edas innovadoras comprometidas con las instituciones y comunidades participantes, que buscan responder a problemas sociales y pol\u00edticos de las personas que participan de los estudios\u201d.<\/p>\n\n\n\n<figure class=\"wp-block-gallery columns-3 is-cropped\"><ul class=\"blocks-gallery-grid\"><li class=\"blocks-gallery-item\"><figure><a href=\"https:\/\/www.uta.cl\/wp-content\/uploads\/2026\/04\/ADRIANA-BASTIAS--scaled.jpg\"><img loading=\"lazy\" width=\"1024\" height=\"683\" src=\"https:\/\/www.uta.cl\/wp-content\/uploads\/2026\/04\/ADRIANA-BASTIAS--1024x683.jpg\" alt=\"\" data-id=\"72893\" data-full-url=\"https:\/\/www.uta.cl\/wp-content\/uploads\/2026\/04\/ADRIANA-BASTIAS--scaled.jpg\" data-link=\"https:\/\/www.uta.cl\/?attachment_id=72893\" class=\"wp-image-72893\" srcset=\"https:\/\/www.uta.cl\/wp-content\/uploads\/2026\/04\/ADRIANA-BASTIAS--1024x683.jpg 1024w, https:\/\/www.uta.cl\/wp-content\/uploads\/2026\/04\/ADRIANA-BASTIAS--300x200.jpg 300w, https:\/\/www.uta.cl\/wp-content\/uploads\/2026\/04\/ADRIANA-BASTIAS--768x512.jpg 768w, https:\/\/www.uta.cl\/wp-content\/uploads\/2026\/04\/ADRIANA-BASTIAS--1536x1024.jpg 1536w, https:\/\/www.uta.cl\/wp-content\/uploads\/2026\/04\/ADRIANA-BASTIAS--2048x1365.jpg 2048w\" sizes=\"(max-width: 1024px) 100vw, 1024px\" \/><\/a><\/figure><\/li><li class=\"blocks-gallery-item\"><figure><a href=\"https:\/\/www.uta.cl\/wp-content\/uploads\/2026\/04\/ALBERT-BARDI-3-scaled.jpg\"><img loading=\"lazy\" width=\"1024\" height=\"683\" src=\"https:\/\/www.uta.cl\/wp-content\/uploads\/2026\/04\/ALBERT-BARDI-3-1024x683.jpg\" alt=\"\" data-id=\"72894\" data-full-url=\"https:\/\/www.uta.cl\/wp-content\/uploads\/2026\/04\/ALBERT-BARDI-3-scaled.jpg\" data-link=\"https:\/\/www.uta.cl\/?attachment_id=72894\" class=\"wp-image-72894\" srcset=\"https:\/\/www.uta.cl\/wp-content\/uploads\/2026\/04\/ALBERT-BARDI-3-1024x683.jpg 1024w, https:\/\/www.uta.cl\/wp-content\/uploads\/2026\/04\/ALBERT-BARDI-3-300x200.jpg 300w, https:\/\/www.uta.cl\/wp-content\/uploads\/2026\/04\/ALBERT-BARDI-3-768x512.jpg 768w, https:\/\/www.uta.cl\/wp-content\/uploads\/2026\/04\/ALBERT-BARDI-3-1536x1024.jpg 1536w, https:\/\/www.uta.cl\/wp-content\/uploads\/2026\/04\/ALBERT-BARDI-3-2048x1365.jpg 2048w\" sizes=\"(max-width: 1024px) 100vw, 1024px\" \/><\/a><\/figure><\/li><li class=\"blocks-gallery-item\"><figure><a href=\"https:\/\/www.uta.cl\/wp-content\/uploads\/2026\/04\/ASISTENTES-DE-LA-ESCUELA--scaled.jpg\"><img loading=\"lazy\" width=\"1024\" height=\"683\" src=\"https:\/\/www.uta.cl\/wp-content\/uploads\/2026\/04\/ASISTENTES-DE-LA-ESCUELA--1024x683.jpg\" alt=\"\" data-id=\"72895\" data-full-url=\"https:\/\/www.uta.cl\/wp-content\/uploads\/2026\/04\/ASISTENTES-DE-LA-ESCUELA--scaled.jpg\" data-link=\"https:\/\/www.uta.cl\/?attachment_id=72895\" class=\"wp-image-72895\" srcset=\"https:\/\/www.uta.cl\/wp-content\/uploads\/2026\/04\/ASISTENTES-DE-LA-ESCUELA--1024x683.jpg 1024w, https:\/\/www.uta.cl\/wp-content\/uploads\/2026\/04\/ASISTENTES-DE-LA-ESCUELA--300x200.jpg 300w, https:\/\/www.uta.cl\/wp-content\/uploads\/2026\/04\/ASISTENTES-DE-LA-ESCUELA--768x512.jpg 768w, https:\/\/www.uta.cl\/wp-content\/uploads\/2026\/04\/ASISTENTES-DE-LA-ESCUELA--1536x1024.jpg 1536w, https:\/\/www.uta.cl\/wp-content\/uploads\/2026\/04\/ASISTENTES-DE-LA-ESCUELA--2048x1365.jpg 2048w\" sizes=\"(max-width: 1024px) 100vw, 1024px\" \/><\/a><\/figure><\/li><li class=\"blocks-gallery-item\"><figure><a href=\"https:\/\/www.uta.cl\/wp-content\/uploads\/2026\/04\/ASISTENTES-DE-LA-ESCUELA-2-scaled.jpg\"><img loading=\"lazy\" width=\"1024\" height=\"683\" src=\"https:\/\/www.uta.cl\/wp-content\/uploads\/2026\/04\/ASISTENTES-DE-LA-ESCUELA-2-1024x683.jpg\" alt=\"\" data-id=\"72896\" data-full-url=\"https:\/\/www.uta.cl\/wp-content\/uploads\/2026\/04\/ASISTENTES-DE-LA-ESCUELA-2-scaled.jpg\" data-link=\"https:\/\/www.uta.cl\/?attachment_id=72896\" class=\"wp-image-72896\" srcset=\"https:\/\/www.uta.cl\/wp-content\/uploads\/2026\/04\/ASISTENTES-DE-LA-ESCUELA-2-1024x683.jpg 1024w, https:\/\/www.uta.cl\/wp-content\/uploads\/2026\/04\/ASISTENTES-DE-LA-ESCUELA-2-300x200.jpg 300w, https:\/\/www.uta.cl\/wp-content\/uploads\/2026\/04\/ASISTENTES-DE-LA-ESCUELA-2-768x512.jpg 768w, https:\/\/www.uta.cl\/wp-content\/uploads\/2026\/04\/ASISTENTES-DE-LA-ESCUELA-2-1536x1024.jpg 1536w, https:\/\/www.uta.cl\/wp-content\/uploads\/2026\/04\/ASISTENTES-DE-LA-ESCUELA-2-2048x1365.jpg 2048w\" sizes=\"(max-width: 1024px) 100vw, 1024px\" \/><\/a><\/figure><\/li><li class=\"blocks-gallery-item\"><figure><a href=\"https:\/\/www.uta.cl\/wp-content\/uploads\/2026\/04\/DAVID-QUISPE-UNIVERSIDAD-SAN-SIMON-BOLIVIA-scaled.jpg\"><img loading=\"lazy\" width=\"1024\" height=\"683\" src=\"https:\/\/www.uta.cl\/wp-content\/uploads\/2026\/04\/DAVID-QUISPE-UNIVERSIDAD-SAN-SIMON-BOLIVIA-1024x683.jpg\" alt=\"\" data-id=\"72897\" data-full-url=\"https:\/\/www.uta.cl\/wp-content\/uploads\/2026\/04\/DAVID-QUISPE-UNIVERSIDAD-SAN-SIMON-BOLIVIA-scaled.jpg\" data-link=\"https:\/\/www.uta.cl\/?attachment_id=72897\" class=\"wp-image-72897\" srcset=\"https:\/\/www.uta.cl\/wp-content\/uploads\/2026\/04\/DAVID-QUISPE-UNIVERSIDAD-SAN-SIMON-BOLIVIA-1024x683.jpg 1024w, https:\/\/www.uta.cl\/wp-content\/uploads\/2026\/04\/DAVID-QUISPE-UNIVERSIDAD-SAN-SIMON-BOLIVIA-300x200.jpg 300w, https:\/\/www.uta.cl\/wp-content\/uploads\/2026\/04\/DAVID-QUISPE-UNIVERSIDAD-SAN-SIMON-BOLIVIA-768x512.jpg 768w, https:\/\/www.uta.cl\/wp-content\/uploads\/2026\/04\/DAVID-QUISPE-UNIVERSIDAD-SAN-SIMON-BOLIVIA-1536x1024.jpg 1536w, https:\/\/www.uta.cl\/wp-content\/uploads\/2026\/04\/DAVID-QUISPE-UNIVERSIDAD-SAN-SIMON-BOLIVIA-2048x1365.jpg 2048w\" sizes=\"(max-width: 1024px) 100vw, 1024px\" \/><\/a><\/figure><\/li><li class=\"blocks-gallery-item\"><figure><a href=\"https:\/\/www.uta.cl\/wp-content\/uploads\/2026\/04\/DR-MIRLIANA-RAMI\u0301REZ-U-DE-CHILE-2-scaled.jpg\"><img loading=\"lazy\" width=\"1024\" height=\"683\" src=\"https:\/\/www.uta.cl\/wp-content\/uploads\/2026\/04\/DR-MIRLIANA-RAMI\u0301REZ-U-DE-CHILE-2-1024x683.jpg\" alt=\"\" data-id=\"72898\" data-full-url=\"https:\/\/www.uta.cl\/wp-content\/uploads\/2026\/04\/DR-MIRLIANA-RAMI\u0301REZ-U-DE-CHILE-2-scaled.jpg\" data-link=\"https:\/\/www.uta.cl\/?attachment_id=72898\" class=\"wp-image-72898\" srcset=\"https:\/\/www.uta.cl\/wp-content\/uploads\/2026\/04\/DR-MIRLIANA-RAMI\u0301REZ-U-DE-CHILE-2-1024x683.jpg 1024w, https:\/\/www.uta.cl\/wp-content\/uploads\/2026\/04\/DR-MIRLIANA-RAMI\u0301REZ-U-DE-CHILE-2-300x200.jpg 300w, https:\/\/www.uta.cl\/wp-content\/uploads\/2026\/04\/DR-MIRLIANA-RAMI\u0301REZ-U-DE-CHILE-2-768x512.jpg 768w, https:\/\/www.uta.cl\/wp-content\/uploads\/2026\/04\/DR-MIRLIANA-RAMI\u0301REZ-U-DE-CHILE-2-1536x1024.jpg 1536w, https:\/\/www.uta.cl\/wp-content\/uploads\/2026\/04\/DR-MIRLIANA-RAMI\u0301REZ-U-DE-CHILE-2-2048x1365.jpg 2048w\" sizes=\"(max-width: 1024px) 100vw, 1024px\" \/><\/a><\/figure><\/li><li class=\"blocks-gallery-item\"><figure><a href=\"https:\/\/www.uta.cl\/wp-content\/uploads\/2026\/04\/DR-PABLO-ESPINOZA--scaled.jpg\"><img loading=\"lazy\" width=\"1024\" height=\"683\" src=\"https:\/\/www.uta.cl\/wp-content\/uploads\/2026\/04\/DR-PABLO-ESPINOZA--1024x683.jpg\" alt=\"\" data-id=\"72899\" data-full-url=\"https:\/\/www.uta.cl\/wp-content\/uploads\/2026\/04\/DR-PABLO-ESPINOZA--scaled.jpg\" data-link=\"https:\/\/www.uta.cl\/?attachment_id=72899\" class=\"wp-image-72899\" srcset=\"https:\/\/www.uta.cl\/wp-content\/uploads\/2026\/04\/DR-PABLO-ESPINOZA--1024x683.jpg 1024w, https:\/\/www.uta.cl\/wp-content\/uploads\/2026\/04\/DR-PABLO-ESPINOZA--300x200.jpg 300w, https:\/\/www.uta.cl\/wp-content\/uploads\/2026\/04\/DR-PABLO-ESPINOZA--768x512.jpg 768w, https:\/\/www.uta.cl\/wp-content\/uploads\/2026\/04\/DR-PABLO-ESPINOZA--1536x1024.jpg 1536w, https:\/\/www.uta.cl\/wp-content\/uploads\/2026\/04\/DR-PABLO-ESPINOZA--2048x1365.jpg 2048w\" sizes=\"(max-width: 1024px) 100vw, 1024px\" \/><\/a><\/figure><\/li><li class=\"blocks-gallery-item\"><figure><a href=\"https:\/\/www.uta.cl\/wp-content\/uploads\/2026\/04\/DRA-ROXANA-CHIAPPA-scaled.jpg\"><img loading=\"lazy\" width=\"1024\" height=\"683\" src=\"https:\/\/www.uta.cl\/wp-content\/uploads\/2026\/04\/DRA-ROXANA-CHIAPPA-1024x683.jpg\" alt=\"\" data-id=\"72900\" data-full-url=\"https:\/\/www.uta.cl\/wp-content\/uploads\/2026\/04\/DRA-ROXANA-CHIAPPA-scaled.jpg\" data-link=\"https:\/\/www.uta.cl\/?attachment_id=72900\" class=\"wp-image-72900\" srcset=\"https:\/\/www.uta.cl\/wp-content\/uploads\/2026\/04\/DRA-ROXANA-CHIAPPA-1024x683.jpg 1024w, https:\/\/www.uta.cl\/wp-content\/uploads\/2026\/04\/DRA-ROXANA-CHIAPPA-300x200.jpg 300w, https:\/\/www.uta.cl\/wp-content\/uploads\/2026\/04\/DRA-ROXANA-CHIAPPA-768x512.jpg 768w, https:\/\/www.uta.cl\/wp-content\/uploads\/2026\/04\/DRA-ROXANA-CHIAPPA-1536x1024.jpg 1536w, https:\/\/www.uta.cl\/wp-content\/uploads\/2026\/04\/DRA-ROXANA-CHIAPPA-2048x1365.jpg 2048w\" sizes=\"(max-width: 1024px) 100vw, 1024px\" \/><\/a><\/figure><\/li><li class=\"blocks-gallery-item\"><figure><a href=\"https:\/\/www.uta.cl\/wp-content\/uploads\/2026\/04\/EDUARDO-SANDOVAL-UNIVERSIDAD-AUTO\u0301NOMA-2-scaled.jpg\"><img loading=\"lazy\" width=\"1024\" height=\"683\" src=\"https:\/\/www.uta.cl\/wp-content\/uploads\/2026\/04\/EDUARDO-SANDOVAL-UNIVERSIDAD-AUTO\u0301NOMA-2-1024x683.jpg\" alt=\"\" data-id=\"72901\" data-full-url=\"https:\/\/www.uta.cl\/wp-content\/uploads\/2026\/04\/EDUARDO-SANDOVAL-UNIVERSIDAD-AUTO\u0301NOMA-2-scaled.jpg\" data-link=\"https:\/\/www.uta.cl\/?attachment_id=72901\" class=\"wp-image-72901\" srcset=\"https:\/\/www.uta.cl\/wp-content\/uploads\/2026\/04\/EDUARDO-SANDOVAL-UNIVERSIDAD-AUTO\u0301NOMA-2-1024x683.jpg 1024w, https:\/\/www.uta.cl\/wp-content\/uploads\/2026\/04\/EDUARDO-SANDOVAL-UNIVERSIDAD-AUTO\u0301NOMA-2-300x200.jpg 300w, https:\/\/www.uta.cl\/wp-content\/uploads\/2026\/04\/EDUARDO-SANDOVAL-UNIVERSIDAD-AUTO\u0301NOMA-2-768x512.jpg 768w, https:\/\/www.uta.cl\/wp-content\/uploads\/2026\/04\/EDUARDO-SANDOVAL-UNIVERSIDAD-AUTO\u0301NOMA-2-1536x1024.jpg 1536w, https:\/\/www.uta.cl\/wp-content\/uploads\/2026\/04\/EDUARDO-SANDOVAL-UNIVERSIDAD-AUTO\u0301NOMA-2-2048x1365.jpg 2048w\" sizes=\"(max-width: 1024px) 100vw, 1024px\" \/><\/a><\/figure><\/li><li class=\"blocks-gallery-item\"><figure><a href=\"https:\/\/www.uta.cl\/wp-content\/uploads\/2026\/04\/GABRIELA-RUBILAR-U-DE-CHILE-4-scaled.jpg\"><img loading=\"lazy\" width=\"1024\" height=\"683\" src=\"https:\/\/www.uta.cl\/wp-content\/uploads\/2026\/04\/GABRIELA-RUBILAR-U-DE-CHILE-4-1024x683.jpg\" alt=\"\" data-id=\"72902\" data-full-url=\"https:\/\/www.uta.cl\/wp-content\/uploads\/2026\/04\/GABRIELA-RUBILAR-U-DE-CHILE-4-scaled.jpg\" data-link=\"https:\/\/www.uta.cl\/?attachment_id=72902\" class=\"wp-image-72902\" srcset=\"https:\/\/www.uta.cl\/wp-content\/uploads\/2026\/04\/GABRIELA-RUBILAR-U-DE-CHILE-4-1024x683.jpg 1024w, https:\/\/www.uta.cl\/wp-content\/uploads\/2026\/04\/GABRIELA-RUBILAR-U-DE-CHILE-4-300x200.jpg 300w, https:\/\/www.uta.cl\/wp-content\/uploads\/2026\/04\/GABRIELA-RUBILAR-U-DE-CHILE-4-768x512.jpg 768w, https:\/\/www.uta.cl\/wp-content\/uploads\/2026\/04\/GABRIELA-RUBILAR-U-DE-CHILE-4-1536x1024.jpg 1536w, https:\/\/www.uta.cl\/wp-content\/uploads\/2026\/04\/GABRIELA-RUBILAR-U-DE-CHILE-4-2048x1365.jpg 2048w\" sizes=\"(max-width: 1024px) 100vw, 1024px\" \/><\/a><\/figure><\/li><li class=\"blocks-gallery-item\"><figure><a href=\"https:\/\/www.uta.cl\/wp-content\/uploads\/2026\/04\/INAUGURACIO\u0301N-ESCUELA-VERANO-4-scaled.jpg\"><img loading=\"lazy\" width=\"1024\" height=\"683\" src=\"https:\/\/www.uta.cl\/wp-content\/uploads\/2026\/04\/INAUGURACIO\u0301N-ESCUELA-VERANO-4-1024x683.jpg\" alt=\"\" data-id=\"72903\" data-full-url=\"https:\/\/www.uta.cl\/wp-content\/uploads\/2026\/04\/INAUGURACIO\u0301N-ESCUELA-VERANO-4-scaled.jpg\" data-link=\"https:\/\/www.uta.cl\/?attachment_id=72903\" class=\"wp-image-72903\" srcset=\"https:\/\/www.uta.cl\/wp-content\/uploads\/2026\/04\/INAUGURACIO\u0301N-ESCUELA-VERANO-4-1024x683.jpg 1024w, https:\/\/www.uta.cl\/wp-content\/uploads\/2026\/04\/INAUGURACIO\u0301N-ESCUELA-VERANO-4-300x200.jpg 300w, https:\/\/www.uta.cl\/wp-content\/uploads\/2026\/04\/INAUGURACIO\u0301N-ESCUELA-VERANO-4-768x512.jpg 768w, https:\/\/www.uta.cl\/wp-content\/uploads\/2026\/04\/INAUGURACIO\u0301N-ESCUELA-VERANO-4-1536x1024.jpg 1536w, https:\/\/www.uta.cl\/wp-content\/uploads\/2026\/04\/INAUGURACIO\u0301N-ESCUELA-VERANO-4-2048x1365.jpg 2048w\" sizes=\"(max-width: 1024px) 100vw, 1024px\" \/><\/a><\/figure><\/li><li class=\"blocks-gallery-item\"><figure><a href=\"https:\/\/www.uta.cl\/wp-content\/uploads\/2026\/04\/INVITADA--scaled.jpg\"><img loading=\"lazy\" width=\"1024\" height=\"683\" src=\"https:\/\/www.uta.cl\/wp-content\/uploads\/2026\/04\/INVITADA--1024x683.jpg\" alt=\"\" data-id=\"72904\" data-full-url=\"https:\/\/www.uta.cl\/wp-content\/uploads\/2026\/04\/INVITADA--scaled.jpg\" data-link=\"https:\/\/www.uta.cl\/?attachment_id=72904\" class=\"wp-image-72904\" srcset=\"https:\/\/www.uta.cl\/wp-content\/uploads\/2026\/04\/INVITADA--1024x683.jpg 1024w, https:\/\/www.uta.cl\/wp-content\/uploads\/2026\/04\/INVITADA--300x200.jpg 300w, https:\/\/www.uta.cl\/wp-content\/uploads\/2026\/04\/INVITADA--768x512.jpg 768w, https:\/\/www.uta.cl\/wp-content\/uploads\/2026\/04\/INVITADA--1536x1024.jpg 1536w, https:\/\/www.uta.cl\/wp-content\/uploads\/2026\/04\/INVITADA--2048x1365.jpg 2048w\" sizes=\"(max-width: 1024px) 100vw, 1024px\" \/><\/a><\/figure><\/li><li class=\"blocks-gallery-item\"><figure><a href=\"https:\/\/www.uta.cl\/wp-content\/uploads\/2026\/04\/MARIA-JOSE\u0301-MERA-U-AUTONOMA-2-scaled.jpg\"><img loading=\"lazy\" width=\"1024\" height=\"683\" src=\"https:\/\/www.uta.cl\/wp-content\/uploads\/2026\/04\/MARIA-JOSE\u0301-MERA-U-AUTONOMA-2-1024x683.jpg\" alt=\"\" data-id=\"72905\" data-full-url=\"https:\/\/www.uta.cl\/wp-content\/uploads\/2026\/04\/MARIA-JOSE\u0301-MERA-U-AUTONOMA-2-scaled.jpg\" data-link=\"https:\/\/www.uta.cl\/?attachment_id=72905\" class=\"wp-image-72905\" srcset=\"https:\/\/www.uta.cl\/wp-content\/uploads\/2026\/04\/MARIA-JOSE\u0301-MERA-U-AUTONOMA-2-1024x683.jpg 1024w, https:\/\/www.uta.cl\/wp-content\/uploads\/2026\/04\/MARIA-JOSE\u0301-MERA-U-AUTONOMA-2-300x200.jpg 300w, https:\/\/www.uta.cl\/wp-content\/uploads\/2026\/04\/MARIA-JOSE\u0301-MERA-U-AUTONOMA-2-768x512.jpg 768w, https:\/\/www.uta.cl\/wp-content\/uploads\/2026\/04\/MARIA-JOSE\u0301-MERA-U-AUTONOMA-2-1536x1024.jpg 1536w, https:\/\/www.uta.cl\/wp-content\/uploads\/2026\/04\/MARIA-JOSE\u0301-MERA-U-AUTONOMA-2-2048x1365.jpg 2048w\" sizes=\"(max-width: 1024px) 100vw, 1024px\" \/><\/a><\/figure><\/li><li class=\"blocks-gallery-item\"><figure><a href=\"https:\/\/www.uta.cl\/wp-content\/uploads\/2026\/04\/MICHELLE-ESPINOZA-2-scaled.jpg\"><img loading=\"lazy\" width=\"1024\" height=\"683\" src=\"https:\/\/www.uta.cl\/wp-content\/uploads\/2026\/04\/MICHELLE-ESPINOZA-2-1024x683.jpg\" alt=\"\" data-id=\"72906\" data-full-url=\"https:\/\/www.uta.cl\/wp-content\/uploads\/2026\/04\/MICHELLE-ESPINOZA-2-scaled.jpg\" data-link=\"https:\/\/www.uta.cl\/?attachment_id=72906\" class=\"wp-image-72906\" srcset=\"https:\/\/www.uta.cl\/wp-content\/uploads\/2026\/04\/MICHELLE-ESPINOZA-2-1024x683.jpg 1024w, https:\/\/www.uta.cl\/wp-content\/uploads\/2026\/04\/MICHELLE-ESPINOZA-2-300x200.jpg 300w, https:\/\/www.uta.cl\/wp-content\/uploads\/2026\/04\/MICHELLE-ESPINOZA-2-768x512.jpg 768w, https:\/\/www.uta.cl\/wp-content\/uploads\/2026\/04\/MICHELLE-ESPINOZA-2-1536x1024.jpg 1536w, https:\/\/www.uta.cl\/wp-content\/uploads\/2026\/04\/MICHELLE-ESPINOZA-2-2048x1365.jpg 2048w\" sizes=\"(max-width: 1024px) 100vw, 1024px\" \/><\/a><\/figure><\/li><li class=\"blocks-gallery-item\"><figure><a href=\"https:\/\/www.uta.cl\/wp-content\/uploads\/2026\/04\/NORMAN-GARRIDO-2-scaled.jpg\"><img loading=\"lazy\" width=\"1024\" height=\"683\" src=\"https:\/\/www.uta.cl\/wp-content\/uploads\/2026\/04\/NORMAN-GARRIDO-2-1024x683.jpg\" alt=\"\" data-id=\"72907\" data-full-url=\"https:\/\/www.uta.cl\/wp-content\/uploads\/2026\/04\/NORMAN-GARRIDO-2-scaled.jpg\" data-link=\"https:\/\/www.uta.cl\/?attachment_id=72907\" class=\"wp-image-72907\" srcset=\"https:\/\/www.uta.cl\/wp-content\/uploads\/2026\/04\/NORMAN-GARRIDO-2-1024x683.jpg 1024w, https:\/\/www.uta.cl\/wp-content\/uploads\/2026\/04\/NORMAN-GARRIDO-2-300x200.jpg 300w, https:\/\/www.uta.cl\/wp-content\/uploads\/2026\/04\/NORMAN-GARRIDO-2-768x512.jpg 768w, https:\/\/www.uta.cl\/wp-content\/uploads\/2026\/04\/NORMAN-GARRIDO-2-1536x1024.jpg 1536w, https:\/\/www.uta.cl\/wp-content\/uploads\/2026\/04\/NORMAN-GARRIDO-2-2048x1365.jpg 2048w\" sizes=\"(max-width: 1024px) 100vw, 1024px\" \/><\/a><\/figure><\/li><\/ul><\/figure>\n\n\n\n<p>Video con resumen de la actividad: <a href=\"https:\/\/drive.google.com\/file\/d\/1-EbdGZgHKU-7Zvup_KNAZ-RdtcysBhdY\/view?usp=drivesdk\" target=\"_blank\" rel=\"noreferrer noopener\">https:\/\/drive.google.com\/file\/d\/1-EbdGZgHKU-7Zvup_KNAZ-RdtcysBhdY\/view?usp=drivesdk <\/a><\/p>\n\n\n\n<p><\/p>\n","protected":false},"excerpt":{"rendered":"<p>El encuentro se ha consolidado como un espacio de formaci\u00f3n e intercambio internacional para la investigaci\u00f3n en zonas fronterizas.<\/p>\n","protected":false},"author":13,"featured_media":72900,"comment_status":"open","ping_status":"open","sticky":false,"template":"","format":"standard","meta":[],"categories":[316,51],"tags":[],"_links":{"self":[{"href":"https:\/\/www.uta.cl\/index.php\/wp-json\/wp\/v2\/posts\/72892"}],"collection":[{"href":"https:\/\/www.uta.cl\/index.php\/wp-json\/wp\/v2\/posts"}],"about":[{"href":"https:\/\/www.uta.cl\/index.php\/wp-json\/wp\/v2\/types\/post"}],"author":[{"embeddable":true,"href":"https:\/\/www.uta.cl\/index.php\/wp-json\/wp\/v2\/users\/13"}],"replies":[{"embeddable":true,"href":"https:\/\/www.uta.cl\/index.php\/wp-json\/wp\/v2\/comments?post=72892"}],"version-history":[{"count":4,"href":"https:\/\/www.uta.cl\/index.php\/wp-json\/wp\/v2\/posts\/72892\/revisions"}],"predecessor-version":[{"id":72939,"href":"https:\/\/www.uta.cl\/index.php\/wp-json\/wp\/v2\/posts\/72892\/revisions\/72939"}],"wp:featuredmedia":[{"embeddable":true,"href":"https:\/\/www.uta.cl\/index.php\/wp-json\/wp\/v2\/media\/72900"}],"wp:attachment":[{"href":"https:\/\/www.uta.cl\/index.php\/wp-json\/wp\/v2\/media?parent=72892"}],"wp:term":[{"taxonomy":"category","embeddable":true,"href":"https:\/\/www.uta.cl\/index.php\/wp-json\/wp\/v2\/categories?post=72892"},{"taxonomy":"post_tag","embeddable":true,"href":"https:\/\/www.uta.cl\/index.php\/wp-json\/wp\/v2\/tags?post=72892"}],"curies":[{"name":"wp","href":"https:\/\/api.w.org\/{rel}","templated":true}]}}