{"id":72883,"date":"2026-04-06T19:13:00","date_gmt":"2026-04-06T19:13:00","guid":{"rendered":"https:\/\/www.uta.cl\/?p=72883"},"modified":"2026-04-28T19:14:31","modified_gmt":"2026-04-28T19:14:31","slug":"5-encuentro-trinacional-de-jovenes-cioff-arica-se-convirtio-en-el-epicentro-de-la-salvaguardia-del-patrimonio-cultural","status":"publish","type":"post","link":"https:\/\/www.uta.cl\/index.php\/2026\/04\/06\/5-encuentro-trinacional-de-jovenes-cioff-arica-se-convirtio-en-el-epicentro-de-la-salvaguardia-del-patrimonio-cultural\/","title":{"rendered":"5\u00b0 Encuentro Trinacional de J\u00f3venes CIOFF: Arica se convirti\u00f3 en el epicentro de la salvaguardia del patrimonio cultural"},"content":{"rendered":"\n<p>Con el objetivo de integrar y difundir el folclor, fomentando a su vez el compromiso con el resguardo del patrimonio cultural inmaterial, la Universidad de Tarapac\u00e1 acogi\u00f3 el \u201cQuinto Encuentro Trinacional de J\u00f3venes CIOFF Chile\u201d. Durante las jornadas del 26 al 29 de marzo, la casa de estudios abri\u00f3 sus puertas a delegaciones de grupos folcl\u00f3ricos provenientes de Chile, Per\u00fa y Bolivia, reuniendo a j\u00f3venes representantes en torno a la identidad y la colaboraci\u00f3n regional.<\/p>\n\n\n\n<p>El programa de actividades, extendido por cuatro jornadas, contempl\u00f3 un amplio programa de intercambio de saberes que se inici\u00f3 con talleres t\u00e9cnicos y charlas magistrales sobre la tem\u00e1tica de &#8220;Zapateos&#8221;, desarrollados por especialistas de las delegaciones en las dependencias del Departamento de Ciencias de la Actividad F\u00edsica y del Deporte. La planificaci\u00f3n acad\u00e9mica continu\u00f3 en el Gimnasio Mayor de la UTA con talleres de integraci\u00f3n, para luego dar paso a un ciclo de capacitaciones y plenarios de discusi\u00f3n en el Auditorio Ovidio Sotomayor, donde los expositores de las tres naciones profundizaron en la salvaguardia del patrimonio inmaterial.<\/p>\n\n\n\n<p>Este componente formativo alcanz\u00f3 un nivel de profundidad t\u00e9cnica significativo con la participaci\u00f3n de destacados cultores locales, entre ellos el reconocido m\u00fasico y gestor Rodomiro Huanca V\u00e1squez, cuya intervenci\u00f3n fue fundamental en el proceso de traspaso generacional de saberes. Su presencia en las jornadas permiti\u00f3 conectar la investigaci\u00f3n acad\u00e9mica con la pr\u00e1ctica ancestral, poniendo la experiencia de d\u00e9cadas de rescate cultural a disposici\u00f3n de las nuevas delegaciones.<\/p>\n\n\n\n<p>\u201cMe parece muy buena iniciativa, y adem\u00e1s que la universidad, por ser un espacio fronterizo, debe llevar la ventaja con otros; ser un ente donde se junten todos los pa\u00edses aleda\u00f1os, cercanos, vecinos. Ojal\u00e1 que esto se repita, porque para m\u00ed hay un dicho que lo he ido madurando de a poco: nuestra cultura puede ser el eslab\u00f3n m\u00e1s importante para unir Am\u00e9rica\u201d, expres\u00f3 Rodomiro Huanca V\u00e1squez, m\u00fasico y folclorista.<\/p>\n\n\n\n<p>El acto inaugural estuvo encabezado por la Directora General de Vinculaci\u00f3n con el Medio, Dra. Ingrid Fern\u00e1ndez Carvajal, quien destac\u00f3 la relevancia institucional de acoger a las delegaciones, manifestando que es un honor recibir a j\u00f3venes \u201cportadores de su cultura, identidad y tradici\u00f3n\u201d. La autoridad enfatiz\u00f3 que su presencia reafirma el compromiso de la Universidad de Tarapac\u00e1 con las artes y el patrimonio, elementos centrales de la misi\u00f3n institucional.<\/p>\n\n\n\n<p>El presidente del CIOFF Chile, Cristian Boggen, profundiz\u00f3 en el impacto de estas redes de colaboraci\u00f3n para las nuevas generaciones de cultores, subrayando la importancia estrat\u00e9gica de Arica como sede de este intercambio transfronterizo.<\/p>\n\n\n\n<p>\u201cNosotros, j\u00f3venes, tenemos alrededor de todo el mundo y, espec\u00edficamente, este evento donde se juntan tres de nuestros pa\u00edses lim\u00edtrofes, Per\u00fa, Bolivia y Chile, se re\u00fanen en este ya quinto evento donde los j\u00f3venes nuestros, que no son el futuro sino que son el presente, est\u00e1n comandados a mantener, difundir y, sobre todo, con los ni\u00f1os, nuestras tradiciones, nuestras costumbres, nuestro folklore. Y lo que se vivi\u00f3 aqu\u00ed es convivir, comunicarse, ense\u00f1arse entre uno y otro, distintas danzas, m\u00fasica, trabajar con ni\u00f1os tambi\u00e9n porque han estado en establecimientos educacionales, han tenido charlas, exposiciones de distintas materias del folklore y de las artes tradicionales\u201d, se\u00f1al\u00f3 Boggen.<\/p>\n\n\n\n<p>En esta misma l\u00ednea t\u00e9cnica, el director del Ballet Folcl\u00f3rico de la Universidad de Tarapac\u00e1 (BAFUT), Jorge Manr\u00edquez Picero, enfatiz\u00f3 el valor de la instituci\u00f3n como sede de este intercambio estrat\u00e9gico: \u201cComo grupo anfitri\u00f3n realmente nos sentimos muy contentos que se haya logrado el objetivo, que era el consolidarse como un espacio de trabajo encuentro de formaci\u00f3n de colaboraci\u00f3n con los y las j\u00f3venes de las comisiones juveniles, donde se compartieron conocimientos, experiencias y se proyecta el trabajo en el tiempo. Ellos, como miembros integrantes de esta red mundial dedicada sobre todo a la salvaguarda del patrimonio cultural inmaterial\u201d.<\/p>\n\n\n\n<p><strong>Gala Trinacional en el Teatro Municipal de Arica<\/strong><strong><\/strong><\/p>\n\n\n\n<p>El hito de mayor convocatoria del encuentro fue la Gala Trinacional realizada en el Teatro Municipal de Arica \u201cPedro Ariel Olea\u201d. En esta instancia, cada una de las delegaciones participantes exhibi\u00f3 su propuesta art\u00edstica ante un marco de p\u00fablico cercano a las 200 personas, permitiendo que la comunidad local se vinculara directamente con el patrimonio coreogr\u00e1fico de los tres pa\u00edses. La audiencia valor\u00f3 la puesta en escena y el impacto cultural del encuentro, destacando la importancia de que la Universidad proyecte su quehacer art\u00edstico hacia los espacios p\u00fablicos de la ciudad.<\/p>\n\n\n\n<p>\u201cFue una bonita experiencia poder ver a la gente con tanto entusiasmo, no pens\u00e9 que iba a venir tanta gente. Todo es hermoso. Me he sacado fotos con todos los grupos\u201d, se\u00f1al\u00f3 Nayin N\u00fa\u00f1ez, asistente al evento.<\/p>\n\n\n\n<p>Desde la perspectiva internacional, un representante de la delegaci\u00f3n de Per\u00fa, destac\u00f3 la relevancia de consolidar estos espacios de intercambio t\u00e9cnico entre las juventudes de la macrozona andina: \u201cComo representantes de CIOFF Juvenil Ica, estamos encantados de participar en este evento trinacional en Arica. Ha sido una experiencia maravillosa observar el despliegue y el talento de estos tres pa\u00edses hermanos en el teatro; nos sentimos felices de haber aportado nuestro grano de arena en esta jornada cultural y de fortalecer los lazos con la comunidad local a trav\u00e9s del arte tradicional\u201d.<\/p>\n\n\n\n<p>El encuentro culmin\u00f3 con un acto de alto valor simb\u00f3lico: la plantaci\u00f3n del \u201c\u00c1rbol de la Paz\u201d y un intercambio de presentes entre las delegaciones, acciones que sellaron una agenda orientada en la contribuci\u00f3n real al desarrollo regional y la integraci\u00f3n transfronteriza.<\/p>\n\n\n\n<figure class=\"wp-block-gallery columns-3 is-cropped\"><ul class=\"blocks-gallery-grid\"><li class=\"blocks-gallery-item\"><figure><a href=\"https:\/\/www.uta.cl\/wp-content\/uploads\/2026\/04\/IMG_3042-2-scaled.jpg\"><img loading=\"lazy\" width=\"1024\" height=\"576\" src=\"https:\/\/www.uta.cl\/wp-content\/uploads\/2026\/04\/IMG_3042-2-1024x576.jpg\" alt=\"\" data-id=\"72885\" data-full-url=\"https:\/\/www.uta.cl\/wp-content\/uploads\/2026\/04\/IMG_3042-2-scaled.jpg\" data-link=\"https:\/\/www.uta.cl\/?attachment_id=72885\" class=\"wp-image-72885\" srcset=\"https:\/\/www.uta.cl\/wp-content\/uploads\/2026\/04\/IMG_3042-2-1024x576.jpg 1024w, https:\/\/www.uta.cl\/wp-content\/uploads\/2026\/04\/IMG_3042-2-300x169.jpg 300w, https:\/\/www.uta.cl\/wp-content\/uploads\/2026\/04\/IMG_3042-2-768x432.jpg 768w, https:\/\/www.uta.cl\/wp-content\/uploads\/2026\/04\/IMG_3042-2-1536x864.jpg 1536w, https:\/\/www.uta.cl\/wp-content\/uploads\/2026\/04\/IMG_3042-2-2048x1152.jpg 2048w\" sizes=\"(max-width: 1024px) 100vw, 1024px\" \/><\/a><\/figure><\/li><li class=\"blocks-gallery-item\"><figure><a href=\"https:\/\/www.uta.cl\/wp-content\/uploads\/2026\/04\/IMG_3045-scaled.jpg\"><img loading=\"lazy\" width=\"1024\" height=\"576\" src=\"https:\/\/www.uta.cl\/wp-content\/uploads\/2026\/04\/IMG_3045-1024x576.jpg\" alt=\"\" data-id=\"72886\" data-full-url=\"https:\/\/www.uta.cl\/wp-content\/uploads\/2026\/04\/IMG_3045-scaled.jpg\" data-link=\"https:\/\/www.uta.cl\/?attachment_id=72886\" class=\"wp-image-72886\" srcset=\"https:\/\/www.uta.cl\/wp-content\/uploads\/2026\/04\/IMG_3045-1024x576.jpg 1024w, https:\/\/www.uta.cl\/wp-content\/uploads\/2026\/04\/IMG_3045-300x169.jpg 300w, https:\/\/www.uta.cl\/wp-content\/uploads\/2026\/04\/IMG_3045-768x432.jpg 768w, https:\/\/www.uta.cl\/wp-content\/uploads\/2026\/04\/IMG_3045-1536x864.jpg 1536w, https:\/\/www.uta.cl\/wp-content\/uploads\/2026\/04\/IMG_3045-2048x1152.jpg 2048w\" sizes=\"(max-width: 1024px) 100vw, 1024px\" \/><\/a><\/figure><\/li><li class=\"blocks-gallery-item\"><figure><a href=\"https:\/\/www.uta.cl\/wp-content\/uploads\/2026\/04\/IMG_3063-scaled.jpg\"><img loading=\"lazy\" width=\"1024\" height=\"576\" src=\"https:\/\/www.uta.cl\/wp-content\/uploads\/2026\/04\/IMG_3063-1024x576.jpg\" alt=\"\" data-id=\"72887\" data-full-url=\"https:\/\/www.uta.cl\/wp-content\/uploads\/2026\/04\/IMG_3063-scaled.jpg\" data-link=\"https:\/\/www.uta.cl\/?attachment_id=72887\" class=\"wp-image-72887\" srcset=\"https:\/\/www.uta.cl\/wp-content\/uploads\/2026\/04\/IMG_3063-1024x576.jpg 1024w, https:\/\/www.uta.cl\/wp-content\/uploads\/2026\/04\/IMG_3063-300x169.jpg 300w, https:\/\/www.uta.cl\/wp-content\/uploads\/2026\/04\/IMG_3063-768x432.jpg 768w, https:\/\/www.uta.cl\/wp-content\/uploads\/2026\/04\/IMG_3063-1536x864.jpg 1536w, https:\/\/www.uta.cl\/wp-content\/uploads\/2026\/04\/IMG_3063-2048x1152.jpg 2048w\" sizes=\"(max-width: 1024px) 100vw, 1024px\" \/><\/a><\/figure><\/li><li class=\"blocks-gallery-item\"><figure><a href=\"https:\/\/www.uta.cl\/wp-content\/uploads\/2026\/04\/IMG_3119-scaled.jpg\"><img loading=\"lazy\" width=\"1024\" height=\"576\" src=\"https:\/\/www.uta.cl\/wp-content\/uploads\/2026\/04\/IMG_3119-1024x576.jpg\" alt=\"\" data-id=\"72888\" data-full-url=\"https:\/\/www.uta.cl\/wp-content\/uploads\/2026\/04\/IMG_3119-scaled.jpg\" data-link=\"https:\/\/www.uta.cl\/?attachment_id=72888\" class=\"wp-image-72888\" srcset=\"https:\/\/www.uta.cl\/wp-content\/uploads\/2026\/04\/IMG_3119-1024x576.jpg 1024w, https:\/\/www.uta.cl\/wp-content\/uploads\/2026\/04\/IMG_3119-300x169.jpg 300w, https:\/\/www.uta.cl\/wp-content\/uploads\/2026\/04\/IMG_3119-768x432.jpg 768w, https:\/\/www.uta.cl\/wp-content\/uploads\/2026\/04\/IMG_3119-1536x864.jpg 1536w, https:\/\/www.uta.cl\/wp-content\/uploads\/2026\/04\/IMG_3119-2048x1152.jpg 2048w\" sizes=\"(max-width: 1024px) 100vw, 1024px\" \/><\/a><\/figure><\/li><li class=\"blocks-gallery-item\"><figure><a href=\"https:\/\/www.uta.cl\/wp-content\/uploads\/2026\/04\/IMG_3241-scaled.jpg\"><img loading=\"lazy\" width=\"1024\" height=\"576\" src=\"https:\/\/www.uta.cl\/wp-content\/uploads\/2026\/04\/IMG_3241-1024x576.jpg\" alt=\"\" data-id=\"72889\" data-full-url=\"https:\/\/www.uta.cl\/wp-content\/uploads\/2026\/04\/IMG_3241-scaled.jpg\" data-link=\"https:\/\/www.uta.cl\/?attachment_id=72889\" class=\"wp-image-72889\" srcset=\"https:\/\/www.uta.cl\/wp-content\/uploads\/2026\/04\/IMG_3241-1024x576.jpg 1024w, https:\/\/www.uta.cl\/wp-content\/uploads\/2026\/04\/IMG_3241-300x169.jpg 300w, https:\/\/www.uta.cl\/wp-content\/uploads\/2026\/04\/IMG_3241-768x432.jpg 768w, https:\/\/www.uta.cl\/wp-content\/uploads\/2026\/04\/IMG_3241-1536x864.jpg 1536w, https:\/\/www.uta.cl\/wp-content\/uploads\/2026\/04\/IMG_3241-2048x1152.jpg 2048w\" sizes=\"(max-width: 1024px) 100vw, 1024px\" \/><\/a><\/figure><\/li><li class=\"blocks-gallery-item\"><figure><a href=\"https:\/\/www.uta.cl\/wp-content\/uploads\/2026\/04\/IMG_3272-scaled.jpg\"><img loading=\"lazy\" width=\"1024\" height=\"576\" src=\"https:\/\/www.uta.cl\/wp-content\/uploads\/2026\/04\/IMG_3272-1024x576.jpg\" alt=\"\" data-id=\"72890\" data-full-url=\"https:\/\/www.uta.cl\/wp-content\/uploads\/2026\/04\/IMG_3272-scaled.jpg\" data-link=\"https:\/\/www.uta.cl\/?attachment_id=72890\" class=\"wp-image-72890\" srcset=\"https:\/\/www.uta.cl\/wp-content\/uploads\/2026\/04\/IMG_3272-1024x576.jpg 1024w, https:\/\/www.uta.cl\/wp-content\/uploads\/2026\/04\/IMG_3272-300x169.jpg 300w, https:\/\/www.uta.cl\/wp-content\/uploads\/2026\/04\/IMG_3272-768x432.jpg 768w, https:\/\/www.uta.cl\/wp-content\/uploads\/2026\/04\/IMG_3272-1536x864.jpg 1536w, https:\/\/www.uta.cl\/wp-content\/uploads\/2026\/04\/IMG_3272-2048x1152.jpg 2048w\" sizes=\"(max-width: 1024px) 100vw, 1024px\" \/><\/a><\/figure><\/li><li class=\"blocks-gallery-item\"><figure><a href=\"https:\/\/www.uta.cl\/wp-content\/uploads\/2026\/04\/foto-central-scaled.jpg\"><img loading=\"lazy\" width=\"1024\" height=\"576\" src=\"https:\/\/www.uta.cl\/wp-content\/uploads\/2026\/04\/foto-central-1024x576.jpg\" alt=\"\" data-id=\"72884\" data-full-url=\"https:\/\/www.uta.cl\/wp-content\/uploads\/2026\/04\/foto-central-scaled.jpg\" data-link=\"https:\/\/www.uta.cl\/?attachment_id=72884\" class=\"wp-image-72884\" srcset=\"https:\/\/www.uta.cl\/wp-content\/uploads\/2026\/04\/foto-central-1024x576.jpg 1024w, https:\/\/www.uta.cl\/wp-content\/uploads\/2026\/04\/foto-central-300x169.jpg 300w, https:\/\/www.uta.cl\/wp-content\/uploads\/2026\/04\/foto-central-768x432.jpg 768w, https:\/\/www.uta.cl\/wp-content\/uploads\/2026\/04\/foto-central-1536x864.jpg 1536w, https:\/\/www.uta.cl\/wp-content\/uploads\/2026\/04\/foto-central-2048x1152.jpg 2048w\" sizes=\"(max-width: 1024px) 100vw, 1024px\" \/><\/a><\/figure><\/li><\/ul><\/figure>\n","protected":false},"excerpt":{"rendered":"<p>Delegaciones de Chile, Per\u00fa y Bolivia se reunieron en la Universidad de Tarapac\u00e1 y el Teatro Municipal de Arica para potenciar el intercambio de saberes folcl\u00f3ricos, fortaleciendo la colaboraci\u00f3n transfronteriza y la puesta en valor de las expresiones folcl\u00f3ricas de la macrozona andina.<\/p>\n","protected":false},"author":13,"featured_media":72884,"comment_status":"open","ping_status":"open","sticky":false,"template":"","format":"standard","meta":[],"categories":[316,51],"tags":[],"_links":{"self":[{"href":"https:\/\/www.uta.cl\/index.php\/wp-json\/wp\/v2\/posts\/72883"}],"collection":[{"href":"https:\/\/www.uta.cl\/index.php\/wp-json\/wp\/v2\/posts"}],"about":[{"href":"https:\/\/www.uta.cl\/index.php\/wp-json\/wp\/v2\/types\/post"}],"author":[{"embeddable":true,"href":"https:\/\/www.uta.cl\/index.php\/wp-json\/wp\/v2\/users\/13"}],"replies":[{"embeddable":true,"href":"https:\/\/www.uta.cl\/index.php\/wp-json\/wp\/v2\/comments?post=72883"}],"version-history":[{"count":1,"href":"https:\/\/www.uta.cl\/index.php\/wp-json\/wp\/v2\/posts\/72883\/revisions"}],"predecessor-version":[{"id":72891,"href":"https:\/\/www.uta.cl\/index.php\/wp-json\/wp\/v2\/posts\/72883\/revisions\/72891"}],"wp:featuredmedia":[{"embeddable":true,"href":"https:\/\/www.uta.cl\/index.php\/wp-json\/wp\/v2\/media\/72884"}],"wp:attachment":[{"href":"https:\/\/www.uta.cl\/index.php\/wp-json\/wp\/v2\/media?parent=72883"}],"wp:term":[{"taxonomy":"category","embeddable":true,"href":"https:\/\/www.uta.cl\/index.php\/wp-json\/wp\/v2\/categories?post=72883"},{"taxonomy":"post_tag","embeddable":true,"href":"https:\/\/www.uta.cl\/index.php\/wp-json\/wp\/v2\/tags?post=72883"}],"curies":[{"name":"wp","href":"https:\/\/api.w.org\/{rel}","templated":true}]}}