{"id":72866,"date":"2026-04-27T16:37:22","date_gmt":"2026-04-27T16:37:22","guid":{"rendered":"https:\/\/www.uta.cl\/?p=72866"},"modified":"2026-04-27T16:37:28","modified_gmt":"2026-04-27T16:37:28","slug":"cruch-acuerda-agenda-de-colaboracion-con-el-mineduc-tras-sesion-plenaria-en-nuble","status":"publish","type":"post","link":"https:\/\/www.uta.cl\/index.php\/2026\/04\/27\/cruch-acuerda-agenda-de-colaboracion-con-el-mineduc-tras-sesion-plenaria-en-nuble\/","title":{"rendered":"CRUCH acuerda agenda de colaboraci\u00f3n con el Mineduc tras sesi\u00f3n plenaria en \u00d1uble"},"content":{"rendered":"\n<figure class=\"wp-block-image size-large\"><img loading=\"lazy\" width=\"1024\" height=\"512\" src=\"https:\/\/www.uta.cl\/wp-content\/uploads\/2026\/04\/DSC08800-1024x512.jpg\" alt=\"\" class=\"wp-image-72869\" srcset=\"https:\/\/www.uta.cl\/wp-content\/uploads\/2026\/04\/DSC08800-1024x512.jpg 1024w, https:\/\/www.uta.cl\/wp-content\/uploads\/2026\/04\/DSC08800-300x150.jpg 300w, https:\/\/www.uta.cl\/wp-content\/uploads\/2026\/04\/DSC08800-768x384.jpg 768w, https:\/\/www.uta.cl\/wp-content\/uploads\/2026\/04\/DSC08800-1536x768.jpg 1536w, https:\/\/www.uta.cl\/wp-content\/uploads\/2026\/04\/DSC08800-2048x1024.jpg 2048w\" sizes=\"(max-width: 1024px) 100vw, 1024px\" \/><\/figure>\n\n\n\n<p>En su rol como principal asesor de la pol\u00edtica p\u00fablica en educaci\u00f3n superior, el Consejo de Rectoras y Rectores de las Universidades Chilenas (CRUCH), acord\u00f3 una agenda de trabajo conjunta con el Ministerio de Educaci\u00f3n en el marco de la plenaria realizada este jueves en la Universidad del B\u00edo-B\u00edo (UBB) en Chill\u00e1n.<\/p>\n\n\n\n<p>La jornada estuvo marcada por una conversaci\u00f3n con la Subsecretaria de Educaci\u00f3n Superior, Fernanda Vald\u00e9s, quien expuso acerca de la sostenibilidad del sistema de educaci\u00f3n superior, los mecanismos de cobranza del CAE, la flexibilidad curricular y la pertinencia de los programas. Al respecto, el Vicepresidente Ejecutivo del CRUCH y rector de la Universidad de Tarapac\u00e1, Emilio Rodr\u00edguez, valor\u00f3 el tono y contenido del encuentro: \u201cEs una conversaci\u00f3n muy valiosa porque la Subsecretaria ha hecho una presentaci\u00f3n muy completa, con evidencia comparada adem\u00e1s, y eso ha permitido abrir un debate que es significativo e importante sobre el cual, por cierto, no se agotan los temas hoy mismo, ni la profundidad de estos, sino que comenzamos a conversar\u00bb.<\/p>\n\n\n\n<p>Por su parte, la subsecretaria Vald\u00e9s, destac\u00f3 la importancia de este v\u00ednculo directo con las universidades para abordar los desaf\u00edos del sistema, enfatizando que para avanzar es fundamental contar con la colaboraci\u00f3n del Consejo, se\u00f1alando que \u201cnecesitamos esa inteligencia que hay al interior de cada universidad\u201d.<\/p>\n\n\n\n<p>Otra de las tem\u00e1ticas abordadas fue la convivencia y seguridad universitaria, frente a las cuales, tanto el CRUCH como la Subsecretar\u00eda, manifestaron su voluntad de trabajar y profundizar en sus causas.<\/p>\n\n\n\n<p>En l\u00edneas generales, el rector Rodr\u00edguez subray\u00f3 que la colaboraci\u00f3n institucional es el camino para abordar temas cr\u00edticos. \u00abEn cada uno de estos temas el CRUCH se ha planteado en la perspectiva de colaborar como organismo asesor principal que tiene hoy d\u00eda el Ministerio de Educaci\u00f3n, asesorando en el dise\u00f1o e implementaci\u00f3n de las pol\u00edticas p\u00fablicas\u201d, se\u00f1al\u00f3 Rodr\u00edguez, afirmando que \u201cse ha trazado una agenda de trabajo de primer orden que vamos a realizar y desarrollar en conjunto&#8221;.<\/p>\n\n\n\n<div class=\"wp-block-image\"><figure class=\"aligncenter size-large is-resized\"><img loading=\"lazy\" src=\"https:\/\/www.uta.cl\/wp-content\/uploads\/2026\/04\/DSC07873-1024x682.jpg\" alt=\"\" class=\"wp-image-72870\" width=\"646\" height=\"430\" srcset=\"https:\/\/www.uta.cl\/wp-content\/uploads\/2026\/04\/DSC07873-1024x682.jpg 1024w, https:\/\/www.uta.cl\/wp-content\/uploads\/2026\/04\/DSC07873-300x200.jpg 300w, https:\/\/www.uta.cl\/wp-content\/uploads\/2026\/04\/DSC07873-768x512.jpg 768w, https:\/\/www.uta.cl\/wp-content\/uploads\/2026\/04\/DSC07873-1536x1023.jpg 1536w, https:\/\/www.uta.cl\/wp-content\/uploads\/2026\/04\/DSC07873.jpg 1582w\" sizes=\"(max-width: 646px) 100vw, 646px\" \/><\/figure><\/div>\n\n\n\n<p><strong>La UBB: Hito de descentralizaci\u00f3n y participaci\u00f3n<\/strong><\/p>\n\n\n\n<p>La UBB marc\u00f3 un hito al convocar por primera vez al Consejo en la regi\u00f3n de \u00d1uble. En la instancia el rector Benito Uma\u00f1a subray\u00f3 la importancia de la descentralizaci\u00f3n y la labor de vinculaci\u00f3n institucional, expresando que \u201ces muy importante que la universidad convoque a la discusi\u00f3n, convoque a la regi\u00f3n, a entes tan importantes como el Consejo de Rectoras y Rectores y por lo tanto lo que ha hecho la universidad es cumplir su labor\u201d.<\/p>\n\n\n\n<p>En esta l\u00ednea, la sesi\u00f3n incluy\u00f3 una presentaci\u00f3n del presidente de la Federaci\u00f3n de Estudiantes de la UBB, Mat\u00edas Sol\u00eds, acerca de los desaf\u00edos y relevancia de la participaci\u00f3n universitaria. Sobre la universidad anfitriona, el rector Rodr\u00edguez destac\u00f3 que \u201chemos podido ver y apreciar el crecimiento de la UBB, la gran gesti\u00f3n que se ha realizado en los \u00faltimos a\u00f1os y c\u00f3mo ha ido creciendo cualitativamente\u201d.<\/p>\n\n\n\n<div class=\"wp-block-image\"><figure class=\"aligncenter size-large is-resized\"><img loading=\"lazy\" src=\"https:\/\/www.uta.cl\/wp-content\/uploads\/2026\/04\/DSC08805-1024x683.jpg\" alt=\"\" class=\"wp-image-72867\" width=\"618\" height=\"412\" srcset=\"https:\/\/www.uta.cl\/wp-content\/uploads\/2026\/04\/DSC08805-1024x683.jpg 1024w, https:\/\/www.uta.cl\/wp-content\/uploads\/2026\/04\/DSC08805-300x200.jpg 300w, https:\/\/www.uta.cl\/wp-content\/uploads\/2026\/04\/DSC08805-768x512.jpg 768w, https:\/\/www.uta.cl\/wp-content\/uploads\/2026\/04\/DSC08805-1536x1024.jpg 1536w, https:\/\/www.uta.cl\/wp-content\/uploads\/2026\/04\/DSC08805-2048x1365.jpg 2048w\" sizes=\"(max-width: 618px) 100vw, 618px\" \/><\/figure><\/div>\n\n\n\n<p><strong>Reconocimiento a rectores salientes<\/strong><\/p>\n\n\n\n<p>El Pleno dedic\u00f3 un emotivo espacio para despedir al rector de la Universidad de Concepci\u00f3n y vicepresidente Ejecutivo Alterno del CRUCH, Carlos Saavedra, y al rector de la Universidad de Talca, Carlos Torres, quienes finalizan sus periodos de rector\u00eda en las pr\u00f3ximas semanas.<\/p>\n\n\n\n<p>Sobre el rector Torres, el rector Rodr\u00edguez resalt\u00f3 que su gesti\u00f3n \u201cha estado marcada por una visi\u00f3n estrat\u00e9gica y un compromiso inquebrantable con la calidad y la descentralizaci\u00f3n\u201d, siendo un referente t\u00e9cnico clave en la Comisi\u00f3n Econ\u00f3mica.<\/p>\n\n\n\n<p>Asimismo, agradeci\u00f3 la gesti\u00f3n del rector Saavedra, reconociendo su rol fundamental como Vicepresidente Ejecutivo Alterno, y destacando su labor \u201cque trascendi\u00f3 nuestras sesiones\u201d, que deja un legado importante, especialmente con la creaci\u00f3n de la Comisi\u00f3n de Vinculaci\u00f3n con el Medio, la cual consolid\u00f3 como una de las m\u00e1s activas.<\/p>\n\n\n\n<p>Finalmente, se aprob\u00f3 la iniciativa de trabajo de la Comisi\u00f3n de Investigaci\u00f3n, orientada a abordar los costos del desarrollo cient\u00edfico, y se confirm\u00f3 la fecha para el pr\u00f3ximo encuentro con la Conferencia de Rectores y Rectoras de las Universidades Espa\u00f1olas (CRUE) para el 19 y 20 de octubre en Tenerife.<\/p>\n\n\n\n<p><strong>Texto:<\/strong>&nbsp;Comunicaciones CRUCH<\/p>\n\n\n\n<p><strong>Fotos:<\/strong>&nbsp;Comunicaciones Universidad del B\u00edo-B\u00edo.<\/p>\n","protected":false},"excerpt":{"rendered":"<p>En el marco de una nueva sesi\u00f3n plenaria, celebrada por primera vez en la Regi\u00f3n de \u00d1uble, el CRUCH reafirm\u00f3 su compromiso con el di\u00e1logo y la construcci\u00f3n mancomunada de pol\u00edticas p\u00fablicas para la educaci\u00f3n superior.<\/p>\n<p>En la instancia tambi\u00e9n se realiz\u00f3 una emotiva despedida de los rectores Carlos Saavedra (Universidad de Concepci\u00f3n) y Carlos Torres (Universidad de Talca), valorando los importantes aportes realizados por cada uno al Consejo.<\/p>\n","protected":false},"author":13,"featured_media":72869,"comment_status":"open","ping_status":"open","sticky":false,"template":"","format":"standard","meta":[],"categories":[315,316],"tags":[],"_links":{"self":[{"href":"https:\/\/www.uta.cl\/index.php\/wp-json\/wp\/v2\/posts\/72866"}],"collection":[{"href":"https:\/\/www.uta.cl\/index.php\/wp-json\/wp\/v2\/posts"}],"about":[{"href":"https:\/\/www.uta.cl\/index.php\/wp-json\/wp\/v2\/types\/post"}],"author":[{"embeddable":true,"href":"https:\/\/www.uta.cl\/index.php\/wp-json\/wp\/v2\/users\/13"}],"replies":[{"embeddable":true,"href":"https:\/\/www.uta.cl\/index.php\/wp-json\/wp\/v2\/comments?post=72866"}],"version-history":[{"count":1,"href":"https:\/\/www.uta.cl\/index.php\/wp-json\/wp\/v2\/posts\/72866\/revisions"}],"predecessor-version":[{"id":72871,"href":"https:\/\/www.uta.cl\/index.php\/wp-json\/wp\/v2\/posts\/72866\/revisions\/72871"}],"wp:featuredmedia":[{"embeddable":true,"href":"https:\/\/www.uta.cl\/index.php\/wp-json\/wp\/v2\/media\/72869"}],"wp:attachment":[{"href":"https:\/\/www.uta.cl\/index.php\/wp-json\/wp\/v2\/media?parent=72866"}],"wp:term":[{"taxonomy":"category","embeddable":true,"href":"https:\/\/www.uta.cl\/index.php\/wp-json\/wp\/v2\/categories?post=72866"},{"taxonomy":"post_tag","embeddable":true,"href":"https:\/\/www.uta.cl\/index.php\/wp-json\/wp\/v2\/tags?post=72866"}],"curies":[{"name":"wp","href":"https:\/\/api.w.org\/{rel}","templated":true}]}}