{"id":72851,"date":"2026-04-23T21:11:31","date_gmt":"2026-04-23T21:11:31","guid":{"rendered":"https:\/\/www.uta.cl\/?p=72851"},"modified":"2026-04-24T14:10:31","modified_gmt":"2026-04-24T14:10:31","slug":"investigador-del-iai-uta-es-nombrado-editor-asociado-de-una-de-las-revistas-mas-prestigiosas-de-matematicas-a-nivel-mundial","status":"publish","type":"post","link":"https:\/\/www.uta.cl\/index.php\/2026\/04\/23\/investigador-del-iai-uta-es-nombrado-editor-asociado-de-una-de-las-revistas-mas-prestigiosas-de-matematicas-a-nivel-mundial\/","title":{"rendered":"Investigador del IAI-UTA es nombrado Editor Asociado de una de las revistas m\u00e1s prestigiosas de matem\u00e1ticas a nivel mundial"},"content":{"rendered":"\n<p>El Dr. Felipe Lara Obreque, investigador del Instituto de Alta Investigaci\u00f3n (IAI) de la Universidad de Tarapac\u00e1 (UTA), ha sido designado como Editor Asociado del \u201cJournal of Optimization Theory and Applications\u201d (JOTA), una de las publicaciones m\u00e1s reconocidas e influyentes en el \u00e1rea de la optimizaci\u00f3n continua a nivel mundial. JOTA est\u00e1 catalogada en el nivel MB (que es la m\u00e1xima categor\u00eda) por el grupo de estudios de Matem\u00e1ticas de la Comisi\u00f3n Nacional de Investigaci\u00f3n Cient\u00edfica y Tecnol\u00f3gica (Fondecyt) de Chile.<\/p>\n\n\n\n<p>Este nombramiento posiciona al Dr. Lara en un grupo selecto, ya que en el campo de la optimizaci\u00f3n en Chile solo tres acad\u00e9micos tienen el t\u00edtulo de Editor Asociado en revistas de nivel MB. El Dr. Lara es el m\u00e1s joven de este grupo, junto a Jos\u00e9 Correa (Universidad de Chile) y Fabi\u00e1n Flores Baz\u00e1n (Universidad de Concepci\u00f3n).<\/p>\n\n\n\n<p><strong>Un rol de alta responsabilidad cient\u00edfica<\/strong><\/p>\n\n\n\n<p>El cargo de Editor Asociado implica asumir una responsabilidad cient\u00edfica de primer nivel. Una vez que un art\u00edculo llega a la revista, el Editor en Jefe lo asigna a un Editor Asociado con experiencia en el tema, quien se encarga de analizar en profundidad el manuscrito, gestionar la revisi\u00f3n por pares y redactar una recomendaci\u00f3n fundamentada (aceptaci\u00f3n, rechazo o revisi\u00f3n) que orienta la decisi\u00f3n final del Editor en Jefe.<\/p>\n\n\n\n<p>Para el Dr. Lara, este nombramiento \u201crepresenta simult\u00e1neamente un reconocimiento internacional de mis pares al trabajo realizado durante mi trayectoria acad\u00e9mica -tanto de mi investigaci\u00f3n en art\u00edculos, proyectos y charlas en congresos internacionales, como a ese trabajo arduo y an\u00f3nimo que realizamos cuando somos revisores de los art\u00edculos de otros acad\u00e9micos en las revistas del \u00e1rea- y&nbsp;tambi\u00e9n representa una oportunidad de crecimiento profesional y de contribuci\u00f3n m\u00e1s amplia en mi \u00e1rea de investigaci\u00f3n\u201d.<\/p>\n\n\n\n<p>\u201cPara m\u00ed es un orgullo ser Editor Asociado en JOTA, no s\u00f3lo por ser una de las mejores revistas de optimizaci\u00f3n continua, sino tambi\u00e9n porque es la revista que mejor refleja mi \u00e1rea de investigaci\u00f3n, tanto que es la revista en donde m\u00e1s art\u00edculos he publicado y donde m\u00e1s referatos he realizado en mi carrera\u201d, agreg\u00f3 el investigador.<\/p>\n\n\n\n<p><strong>Una trayectoria construida desde Arica<\/strong><\/p>\n\n\n\n<p>El Dr. Lara obtuvo su doctorado en Ciencias Aplicadas con Menci\u00f3n en Ingenier\u00eda Matem\u00e1tica en la Universidad de Concepci\u00f3n (2015) y ha realizado dos postdoctorados: uno en la Universidad de Tarapac\u00e1 y otro en el Instituto de Matem\u00e1tica Pura y Aplicada (IMPA) de Brasil, que es uno de los principales centros de investigaci\u00f3n matem\u00e1tica de Am\u00e9rica Latina.<\/p>\n\n\n\n<p>Su llegada a la UTA comenz\u00f3 en 2016 como investigador postdoctoral y en 2019 fue contratado como acad\u00e9mico del Departamento de Matem\u00e1ticas, incorpor\u00e1ndose al IAI a mediados de 2022. A lo largo de su carrera, ha publicado cerca de 50 art\u00edculos en revistas indexadas WOS\/ISI, de los cuales diez son como \u00fanico autor. En la actualidad, tambi\u00e9n es Editor Asociado en tres revistas WOS\/ISI, dos de ellas de nivel Q1.<\/p>\n\n\n\n<p>Su investigaci\u00f3n se enfoca en la optimizaci\u00f3n continua, especialmente en funciones casiconvexas, cuyo estudio tiene aplicaciones en la teor\u00eda de preferencias del consumidor en econom\u00eda, en algoritmos de aprendizaje autom\u00e1tico (machine learning) y en optimizaci\u00f3n num\u00e9rica. Adem\u00e1s, es evaluador par de postgrado de la Comisi\u00f3n Nacional de Acreditaci\u00f3n (CNA) y evaluador de proyectos Fondecyt e instituciones internacionales.<\/p>\n\n\n\n<p><strong>El desaf\u00edo del Doctorado en Matem\u00e1ticas durante la pandemia<\/strong><\/p>\n\n\n\n<p>Durante 2020 y 2021, en plena pandemia de COVID-19, el Dr. Lara asumi\u00f3 la direcci\u00f3n del Programa de Doctorado en Matem\u00e1ticas de la UTA, liderando su implementaci\u00f3n y acreditaci\u00f3n ante la CNA en condiciones bastante desafiantes. \u201cFue un desaf\u00edo porque deb\u00eda implementarse y acreditarse en un tiempo muy limitado, y durante la pandemia no todo funcionaba tan r\u00e1pido. Se necesit\u00f3 de mucho trabajo y sacrificio\u201d, coment\u00f3.<\/p>\n\n\n\n<p>Aunque ese periodo impact\u00f3 temporalmente su productividad cient\u00edfica, tambi\u00e9n fortaleci\u00f3 su experiencia y proyecci\u00f3n, abri\u00e9ndole nuevas oportunidades como evaluador en organismos nacionales e internacionales.<\/p>\n\n\n\n<p><strong>Presencia internacional<\/strong><\/p>\n\n\n\n<p>El reconocimiento al trabajo del Dr. Lara tambi\u00e9n se refleja en su agenda internacional. Durante el 2026, participar\u00e1 como expositor invitado en conferencias en Italia, Jap\u00f3n, Inglaterra, Armenia y Vietnam, consolidando su presencia en la comunidad cient\u00edfica global.<\/p>\n\n\n\n<p>\u201cLa Universidad de Tarapac\u00e1 es un lugar de excelencia nacional e internacional en diversas \u00e1reas, y este reconocimiento en matem\u00e1tica es la consecuencia del esfuerzo, dedicaci\u00f3n e inversi\u00f3n que ha realizado la Universidad en los \u00faltimos a\u00f1os por desarrollar las ciencias exactas y naturales\u201d, expres\u00f3 el Dr. Felipe Lara.<\/p>\n\n\n\n<figure class=\"wp-block-gallery columns-2 is-cropped\"><ul class=\"blocks-gallery-grid\"><li class=\"blocks-gallery-item\"><figure><a href=\"https:\/\/www.uta.cl\/wp-content\/uploads\/2026\/04\/prof-felipe-lara-uta.jpg\"><img loading=\"lazy\" width=\"718\" height=\"1024\" src=\"https:\/\/www.uta.cl\/wp-content\/uploads\/2026\/04\/prof-felipe-lara-uta-718x1024.jpg\" alt=\"\" data-id=\"72852\" data-full-url=\"https:\/\/www.uta.cl\/wp-content\/uploads\/2026\/04\/prof-felipe-lara-uta.jpg\" data-link=\"https:\/\/www.uta.cl\/?attachment_id=72852\" class=\"wp-image-72852\" srcset=\"https:\/\/www.uta.cl\/wp-content\/uploads\/2026\/04\/prof-felipe-lara-uta-718x1024.jpg 718w, https:\/\/www.uta.cl\/wp-content\/uploads\/2026\/04\/prof-felipe-lara-uta-210x300.jpg 210w, https:\/\/www.uta.cl\/wp-content\/uploads\/2026\/04\/prof-felipe-lara-uta-768x1096.jpg 768w, https:\/\/www.uta.cl\/wp-content\/uploads\/2026\/04\/prof-felipe-lara-uta.jpg 864w\" sizes=\"(max-width: 718px) 100vw, 718px\" \/><\/a><\/figure><\/li><li class=\"blocks-gallery-item\"><figure><a href=\"https:\/\/www.uta.cl\/wp-content\/uploads\/2026\/04\/FLara-Amberes-Belgica.jpg\"><img loading=\"lazy\" width=\"1024\" height=\"768\" src=\"https:\/\/www.uta.cl\/wp-content\/uploads\/2026\/04\/FLara-Amberes-Belgica-1024x768.jpg\" alt=\"\" data-id=\"72853\" data-full-url=\"https:\/\/www.uta.cl\/wp-content\/uploads\/2026\/04\/FLara-Amberes-Belgica.jpg\" data-link=\"https:\/\/www.uta.cl\/?attachment_id=72853\" class=\"wp-image-72853\" srcset=\"https:\/\/www.uta.cl\/wp-content\/uploads\/2026\/04\/FLara-Amberes-Belgica-1024x768.jpg 1024w, https:\/\/www.uta.cl\/wp-content\/uploads\/2026\/04\/FLara-Amberes-Belgica-300x225.jpg 300w, https:\/\/www.uta.cl\/wp-content\/uploads\/2026\/04\/FLara-Amberes-Belgica-768x576.jpg 768w, https:\/\/www.uta.cl\/wp-content\/uploads\/2026\/04\/FLara-Amberes-Belgica-1536x1152.jpg 1536w, https:\/\/www.uta.cl\/wp-content\/uploads\/2026\/04\/FLara-Amberes-Belgica.jpg 1600w\" sizes=\"(max-width: 1024px) 100vw, 1024px\" \/><\/a><\/figure><\/li><\/ul><\/figure>\n","protected":false},"excerpt":{"rendered":"<p>El Dr. Felipe Lara Obreque, investigador del Instituto de Alta Investigaci\u00f3n (IAI) de la Universidad de Tarapac\u00e1 (UTA), fue nombrado Editor Asociado del Journal of Optimization Theory and Applications (JOTA), una de las revistas m\u00e1s prestigiosas en matem\u00e1ticas a nivel mundial, convirti\u00e9ndose en uno de los tres acad\u00e9micos en Chile que ocupan esta distinci\u00f3n en su \u00e1rea.<\/p>\n","protected":false},"author":13,"featured_media":72853,"comment_status":"open","ping_status":"open","sticky":false,"template":"","format":"standard","meta":[],"categories":[315,316],"tags":[],"_links":{"self":[{"href":"https:\/\/www.uta.cl\/index.php\/wp-json\/wp\/v2\/posts\/72851"}],"collection":[{"href":"https:\/\/www.uta.cl\/index.php\/wp-json\/wp\/v2\/posts"}],"about":[{"href":"https:\/\/www.uta.cl\/index.php\/wp-json\/wp\/v2\/types\/post"}],"author":[{"embeddable":true,"href":"https:\/\/www.uta.cl\/index.php\/wp-json\/wp\/v2\/users\/13"}],"replies":[{"embeddable":true,"href":"https:\/\/www.uta.cl\/index.php\/wp-json\/wp\/v2\/comments?post=72851"}],"version-history":[{"count":1,"href":"https:\/\/www.uta.cl\/index.php\/wp-json\/wp\/v2\/posts\/72851\/revisions"}],"predecessor-version":[{"id":72854,"href":"https:\/\/www.uta.cl\/index.php\/wp-json\/wp\/v2\/posts\/72851\/revisions\/72854"}],"wp:featuredmedia":[{"embeddable":true,"href":"https:\/\/www.uta.cl\/index.php\/wp-json\/wp\/v2\/media\/72853"}],"wp:attachment":[{"href":"https:\/\/www.uta.cl\/index.php\/wp-json\/wp\/v2\/media?parent=72851"}],"wp:term":[{"taxonomy":"category","embeddable":true,"href":"https:\/\/www.uta.cl\/index.php\/wp-json\/wp\/v2\/categories?post=72851"},{"taxonomy":"post_tag","embeddable":true,"href":"https:\/\/www.uta.cl\/index.php\/wp-json\/wp\/v2\/tags?post=72851"}],"curies":[{"name":"wp","href":"https:\/\/api.w.org\/{rel}","templated":true}]}}