{"id":72838,"date":"2026-04-22T21:02:28","date_gmt":"2026-04-22T21:02:28","guid":{"rendered":"https:\/\/www.uta.cl\/?p=72838"},"modified":"2026-04-22T21:02:35","modified_gmt":"2026-04-22T21:02:35","slug":"jornada-de-investigacion-e-innovacion-uta-2026-reunio-a-academicos-con-destacados-avances-cientificos-con-impacto-territorial","status":"publish","type":"post","link":"https:\/\/www.uta.cl\/index.php\/2026\/04\/22\/jornada-de-investigacion-e-innovacion-uta-2026-reunio-a-academicos-con-destacados-avances-cientificos-con-impacto-territorial\/","title":{"rendered":"Jornada de Investigaci\u00f3n e Innovaci\u00f3n UTA 2026 reuni\u00f3 a acad\u00e9micos con destacados avances cient\u00edficos con impacto territorial"},"content":{"rendered":"\n<div class=\"wp-block-image\"><figure class=\"aligncenter size-large is-resized\"><img loading=\"lazy\" src=\"https:\/\/www.uta.cl\/wp-content\/uploads\/2026\/04\/IMG_20260417_111610-1024x768.jpg\" alt=\"\" class=\"wp-image-72840\" width=\"603\" height=\"452\" srcset=\"https:\/\/www.uta.cl\/wp-content\/uploads\/2026\/04\/IMG_20260417_111610-1024x768.jpg 1024w, https:\/\/www.uta.cl\/wp-content\/uploads\/2026\/04\/IMG_20260417_111610-300x225.jpg 300w, https:\/\/www.uta.cl\/wp-content\/uploads\/2026\/04\/IMG_20260417_111610-768x576.jpg 768w, https:\/\/www.uta.cl\/wp-content\/uploads\/2026\/04\/IMG_20260417_111610-1536x1152.jpg 1536w, https:\/\/www.uta.cl\/wp-content\/uploads\/2026\/04\/IMG_20260417_111610-2048x1536.jpg 2048w\" sizes=\"(max-width: 603px) 100vw, 603px\" \/><\/figure><\/div>\n\n\n\n<p>Con la participaci\u00f3n de investigadoras e investigadores de distintas disciplinas, la Direcci\u00f3n General de Investigaci\u00f3n e Innovaci\u00f3n (DGII) de la Universidad de Tarapac\u00e1 realiz\u00f3 la \u201cJornada de Investigaci\u00f3n e Innovaci\u00f3n UTA 2026\u201d, encuentro llevado a cabo el viernes 17 de abril en el auditorio de la Facultad de Medicina. La instancia permiti\u00f3 compartir resultados de investigaci\u00f3n en diversas \u00e1reas del conocimiento y relevar la contribuci\u00f3n de la ciencia al territorio.<\/p>\n\n\n\n<p>\u201cEste es un espacio de encuentro en que las investigadoras e investigadores nos puedan contar respecto de sus avances en sus trabajos. Especialmente, en esta jornada en particular, quisimos dar la tem\u00e1tica de c\u00f3mo la investigaci\u00f3n de proyectos Fondecyt, por ejemplo, impactan en el territorio\u201d, indic\u00f3 el director de la DGII, Dr. Ignacio Jessop, quien inici\u00f3 la jornada con una exposici\u00f3n sobre las capacidades institucionales y los principales resultados de I+D+i que posicionan a la UTA como un referente cient\u00edfico en el norte grande.<\/p>\n\n\n\n<div class=\"wp-block-image\"><figure class=\"aligncenter size-large is-resized\"><img loading=\"lazy\" src=\"https:\/\/www.uta.cl\/wp-content\/uploads\/2026\/04\/IMG_20260417_111652-1024x768.jpg\" alt=\"\" class=\"wp-image-72839\" width=\"504\" height=\"378\" srcset=\"https:\/\/www.uta.cl\/wp-content\/uploads\/2026\/04\/IMG_20260417_111652-1024x768.jpg 1024w, https:\/\/www.uta.cl\/wp-content\/uploads\/2026\/04\/IMG_20260417_111652-300x225.jpg 300w, https:\/\/www.uta.cl\/wp-content\/uploads\/2026\/04\/IMG_20260417_111652-768x576.jpg 768w, https:\/\/www.uta.cl\/wp-content\/uploads\/2026\/04\/IMG_20260417_111652-1536x1152.jpg 1536w, https:\/\/www.uta.cl\/wp-content\/uploads\/2026\/04\/IMG_20260417_111652-2048x1536.jpg 2048w\" sizes=\"(max-width: 504px) 100vw, 504px\" \/><\/figure><\/div>\n\n\n\n<p>Durante la jornada se presentaron exposiciones que dieron cuenta de la diversidad de investigaciones que se desarrollan en la Universidad. Entre ellas: \u201cProducci\u00f3n y circulaci\u00f3n de la cer\u00e1mica inka en el Qullasuyu: evidencia petrogr\u00e1fica y geoqu\u00edmica de la macrorregi\u00f3n Arica-Carangas (norte de Chile y oeste de Bolivia)\u201d, de la Dra. Ester Echenique; \u201cEnse\u00f1ar y aprender STEM en el norte de Chile: aportes situados de la Universidad de Tarapac\u00e1 hacia una did\u00e1ctica de frontera\u201d, de la Dra. Katherine Acosta; \u201cGeograf\u00edas Qu\u00edmicas de un Paisaje Naturalmente Cargado: Desnaturalizando el Impacto Minero en el Desierto de Atacama\u201d, del Dr. Manuel Prieto; \u201cAvances del Proyecto Anillo ATE250021: Agricultura en contexto de escasez h\u00eddrica\u201d, del Dr. Crist\u00f3bal Castro; \u201cMejorando la equidad en inteligencia artificial para el diagn\u00f3stico de c\u00e1ncer de piel\u201d, de la Dra. Ana Cabanas; \u201cRepresentaci\u00f3n del rol docente en profesores de ascendencia ind\u00edgena en contexto intercultural\u201d, del Dr. Ra\u00fal Bustos; y \u201c\u00bfPuede la exposici\u00f3n a carcin\u00f3genos ambientales reactivar virus persistentes y contribuir al desarrollo del c\u00e1ncer?\u201d, del Dr. Francisco Aguayo.<\/p>\n\n\n\n<figure class=\"wp-block-gallery columns-2 is-cropped\"><ul class=\"blocks-gallery-grid\"><li class=\"blocks-gallery-item\"><figure><img loading=\"lazy\" width=\"1024\" height=\"768\" src=\"https:\/\/www.uta.cl\/wp-content\/uploads\/2026\/04\/IMG_20260417_160244_1-1024x768.jpg\" alt=\"\" data-id=\"72841\" data-full-url=\"https:\/\/www.uta.cl\/wp-content\/uploads\/2026\/04\/IMG_20260417_160244_1-scaled.jpg\" data-link=\"https:\/\/www.uta.cl\/?attachment_id=72841\" class=\"wp-image-72841\" srcset=\"https:\/\/www.uta.cl\/wp-content\/uploads\/2026\/04\/IMG_20260417_160244_1-1024x768.jpg 1024w, https:\/\/www.uta.cl\/wp-content\/uploads\/2026\/04\/IMG_20260417_160244_1-300x225.jpg 300w, https:\/\/www.uta.cl\/wp-content\/uploads\/2026\/04\/IMG_20260417_160244_1-768x576.jpg 768w, https:\/\/www.uta.cl\/wp-content\/uploads\/2026\/04\/IMG_20260417_160244_1-1536x1152.jpg 1536w, https:\/\/www.uta.cl\/wp-content\/uploads\/2026\/04\/IMG_20260417_160244_1-2048x1536.jpg 2048w\" sizes=\"(max-width: 1024px) 100vw, 1024px\" \/><\/figure><\/li><li class=\"blocks-gallery-item\"><figure><img loading=\"lazy\" width=\"1024\" height=\"768\" src=\"https:\/\/www.uta.cl\/wp-content\/uploads\/2026\/04\/IMG_20260417_123731-1024x768.jpg\" alt=\"\" data-id=\"72843\" data-full-url=\"https:\/\/www.uta.cl\/wp-content\/uploads\/2026\/04\/IMG_20260417_123731-scaled.jpg\" data-link=\"https:\/\/www.uta.cl\/?attachment_id=72843\" class=\"wp-image-72843\" srcset=\"https:\/\/www.uta.cl\/wp-content\/uploads\/2026\/04\/IMG_20260417_123731-1024x768.jpg 1024w, https:\/\/www.uta.cl\/wp-content\/uploads\/2026\/04\/IMG_20260417_123731-300x225.jpg 300w, https:\/\/www.uta.cl\/wp-content\/uploads\/2026\/04\/IMG_20260417_123731-768x576.jpg 768w, https:\/\/www.uta.cl\/wp-content\/uploads\/2026\/04\/IMG_20260417_123731-1536x1152.jpg 1536w, https:\/\/www.uta.cl\/wp-content\/uploads\/2026\/04\/IMG_20260417_123731-2048x1536.jpg 2048w\" sizes=\"(max-width: 1024px) 100vw, 1024px\" \/><\/figure><\/li><\/ul><\/figure>\n\n\n\n<p>En relaci\u00f3n a su ponencia, el acad\u00e9mico de la Facultad de Educaci\u00f3n y Humanidades, Dr. Ra\u00fal Bustos, explic\u00f3 que se trata de un proyecto Fondecyt recientemente concluido, enfocado en la identificaci\u00f3n de la representaci\u00f3n del rol docente que ten\u00edan los profesores descendientes de pueblos originarios: \u201cLo relevante de la investigaci\u00f3n tiene que ver con identificar que la formaci\u00f3n docente y las tareas docentes homogenizan la representaci\u00f3n que se tiene de ese rol y, por lo tanto, no hay espacio a la identidad cultural\u201d.<\/p>\n\n\n\n<p>Asimismo, subray\u00f3 el valor de este tipo de encuentros para el fortalecimiento de la colaboraci\u00f3n acad\u00e9mica: \u201cCreo que exponer este tipo de temas en instancias como estas es fundamental, porque conocemos lo que estamos investigando uno y otro, podemos hacer sinergia, retroalimentarnos, y, adem\u00e1s, mostrar el compromiso que la instituci\u00f3n tiene con el desarrollo de la ciencia y con la aplicaci\u00f3n de la ciencia en pol\u00edticas p\u00fablicas\u201d.<\/p>\n\n\n\n<p><strong>Reconocimiento a la trayectoria de investigaci\u00f3n<\/strong><\/p>\n\n\n\n<p>Durante la jornada tambi\u00e9n se rindi\u00f3 un especial reconocimiento a la excelencia acad\u00e9mica y cient\u00edfica que prestigia a la UTA. En esta oportunidad, la DGII distingui\u00f3 la trayectoria del acad\u00e9mico del Instituto de Alta Investigaci\u00f3n (IAI) y director del Centro de Gesti\u00f3n Chinchorro, Dr. Bernardo Arriaza, por su liderazgo en la elaboraci\u00f3n del expediente que culmin\u00f3 con la declaraci\u00f3n de la Cultura Chinchorro como Patrimonio de la Humanidad por la UNESCO en el a\u00f1o 2021.<\/p>\n\n\n\n<div class=\"wp-block-image\"><figure class=\"aligncenter size-large is-resized\"><img loading=\"lazy\" src=\"https:\/\/www.uta.cl\/wp-content\/uploads\/2026\/04\/IMG_20260417_160602_1-1024x768.jpg\" alt=\"\" class=\"wp-image-72842\" width=\"514\" height=\"386\" srcset=\"https:\/\/www.uta.cl\/wp-content\/uploads\/2026\/04\/IMG_20260417_160602_1-1024x768.jpg 1024w, https:\/\/www.uta.cl\/wp-content\/uploads\/2026\/04\/IMG_20260417_160602_1-300x225.jpg 300w, https:\/\/www.uta.cl\/wp-content\/uploads\/2026\/04\/IMG_20260417_160602_1-768x576.jpg 768w, https:\/\/www.uta.cl\/wp-content\/uploads\/2026\/04\/IMG_20260417_160602_1-1536x1152.jpg 1536w, https:\/\/www.uta.cl\/wp-content\/uploads\/2026\/04\/IMG_20260417_160602_1-2048x1536.jpg 2048w\" sizes=\"(max-width: 514px) 100vw, 514px\" \/><\/figure><\/div>\n\n\n\n<p>El Dr. Arriaza es Antrop\u00f3logo F\u00edsico por la Arizona State University, con formaci\u00f3n postdoctoral en el Smithsonian Institution. Con un \u00edndice H de 48 y cerca de 9.000 citaciones, se sit\u00faa entre los cient\u00edficos m\u00e1s influyentes a nivel global en el campo de la Bioarqueolog\u00eda, habiendo liderado m\u00faltiples proyectos Fondecyt sobre la adaptaci\u00f3n biocultural en el desierto de Atacama. Nombrado Hijo Ilustre de Arica y Embajador Honor\u00edfico de la Cultura Chinchorro, su trayectoria incluye una destacada carrera como profesor titular en la Universidad de Nevada, Las Vegas, antes de su regreso a la UTA. Adem\u00e1s de su vasta producci\u00f3n cient\u00edfica y su rol como asesor ministerial, el Dr. Arriaza es un reconocido divulgador cuyo trabajo ha sido destacado por National Geographic y Discovery Channel, consolid\u00e1ndose como una figura clave en la protecci\u00f3n del patrimonio y la formaci\u00f3n de nuevas generaciones de investigadores.<\/p>\n\n\n\n<p>Respecto al reconocimiento, el Dr. Arriaza expres\u00f3 que \u201cme siento muy feliz de haber recibido este reconocimiento por parte de la direcci\u00f3n de investigaci\u00f3n en estas jornadas que nos invitan al di\u00e1logo, a reflexionar y a conocer lo que hacen otros colegas\u201d.&nbsp;<\/p>\n\n\n\n<p>Asimismo, entreg\u00f3 un mensaje orientado a las nuevas generaciones interesadas en continuar una carrera de investigaci\u00f3n: \u201cLo que hacemos lo hacemos de coraz\u00f3n, lo hacemos con mucho sentimiento. A veces somos un poquito quijotes, obsesivos con lo que hacemos, pero nos motiva conocer, saber, investigar. As\u00ed que tambi\u00e9n es una invitaci\u00f3n a la nueva generaci\u00f3n para que investiguen, conozcan nuestra prehistoria, nuestra historia y las condiciones actuales\u201d.<\/p>\n","protected":false},"excerpt":{"rendered":"<p>La actividad tambi\u00e9n contempl\u00f3 un especial reconocimiento a la trayectoria del Dr. Bernardo Arriaza por su liderazgo en la elaboraci\u00f3n del expediente que culmin\u00f3 con la declaraci\u00f3n de la Cultura Chinchorro como Patrimonio de la Humanidad por la UNESCO en el a\u00f1o 2021.<\/p>\n","protected":false},"author":13,"featured_media":72840,"comment_status":"open","ping_status":"open","sticky":false,"template":"","format":"standard","meta":[],"categories":[316,51],"tags":[],"_links":{"self":[{"href":"https:\/\/www.uta.cl\/index.php\/wp-json\/wp\/v2\/posts\/72838"}],"collection":[{"href":"https:\/\/www.uta.cl\/index.php\/wp-json\/wp\/v2\/posts"}],"about":[{"href":"https:\/\/www.uta.cl\/index.php\/wp-json\/wp\/v2\/types\/post"}],"author":[{"embeddable":true,"href":"https:\/\/www.uta.cl\/index.php\/wp-json\/wp\/v2\/users\/13"}],"replies":[{"embeddable":true,"href":"https:\/\/www.uta.cl\/index.php\/wp-json\/wp\/v2\/comments?post=72838"}],"version-history":[{"count":1,"href":"https:\/\/www.uta.cl\/index.php\/wp-json\/wp\/v2\/posts\/72838\/revisions"}],"predecessor-version":[{"id":72844,"href":"https:\/\/www.uta.cl\/index.php\/wp-json\/wp\/v2\/posts\/72838\/revisions\/72844"}],"wp:featuredmedia":[{"embeddable":true,"href":"https:\/\/www.uta.cl\/index.php\/wp-json\/wp\/v2\/media\/72840"}],"wp:attachment":[{"href":"https:\/\/www.uta.cl\/index.php\/wp-json\/wp\/v2\/media?parent=72838"}],"wp:term":[{"taxonomy":"category","embeddable":true,"href":"https:\/\/www.uta.cl\/index.php\/wp-json\/wp\/v2\/categories?post=72838"},{"taxonomy":"post_tag","embeddable":true,"href":"https:\/\/www.uta.cl\/index.php\/wp-json\/wp\/v2\/tags?post=72838"}],"curies":[{"name":"wp","href":"https:\/\/api.w.org\/{rel}","templated":true}]}}