{"id":72367,"date":"2026-03-12T04:23:41","date_gmt":"2026-03-12T04:23:41","guid":{"rendered":"https:\/\/www.uta.cl\/?p=72367"},"modified":"2026-03-12T04:28:27","modified_gmt":"2026-03-12T04:28:27","slug":"utarapaca-fortalece-vinculos-de-colaboracion-con-el-heidelberg-center-para-america-latina","status":"publish","type":"post","link":"https:\/\/www.uta.cl\/index.php\/2026\/03\/12\/utarapaca-fortalece-vinculos-de-colaboracion-con-el-heidelberg-center-para-america-latina\/","title":{"rendered":"UTarapac\u00e1 fortalece v\u00ednculos de colaboraci\u00f3n con el Heidelberg Center para Am\u00e9rica Latina"},"content":{"rendered":"\n<div class=\"wp-block-image\"><figure class=\"aligncenter size-large is-resized\"><img loading=\"lazy\" src=\"https:\/\/www.uta.cl\/wp-content\/uploads\/2026\/03\/IMG_20260310_093849-1024x768.jpg\" alt=\"\" class=\"wp-image-72374\" width=\"589\" height=\"442\" srcset=\"https:\/\/www.uta.cl\/wp-content\/uploads\/2026\/03\/IMG_20260310_093849-1024x768.jpg 1024w, https:\/\/www.uta.cl\/wp-content\/uploads\/2026\/03\/IMG_20260310_093849-300x225.jpg 300w, https:\/\/www.uta.cl\/wp-content\/uploads\/2026\/03\/IMG_20260310_093849-768x576.jpg 768w, https:\/\/www.uta.cl\/wp-content\/uploads\/2026\/03\/IMG_20260310_093849-1536x1152.jpg 1536w, https:\/\/www.uta.cl\/wp-content\/uploads\/2026\/03\/IMG_20260310_093849-2048x1536.jpg 2048w\" sizes=\"(max-width: 589px) 100vw, 589px\" \/><\/figure><\/div>\n\n\n\n<p>Durante los d\u00edas 9 y 10 de marzo, la Universidad de Tarapac\u00e1 recibi\u00f3 la visita de la Dra. In\u00e9s Recio Fern\u00e1ndez, directora Acad\u00e9mica del Heidelberg Center para Am\u00e9rica Latina (HCLA) perteneciente a la Universidad de Heidelberg, Alemania. La visita contempl\u00f3 una agenda de reuniones con investigadores, as\u00ed como con estudiantes de postgrado y pregrado, con el objetivo de explorar posibilidades de intercambios acad\u00e9micos y cient\u00edficos entre ambas instituciones.<\/p>\n\n\n\n<p>\u201cEl v\u00ednculo que estamos generando y fortaleciendo con la Universidad de Heidelberg a trav\u00e9s del Centro que tiene en Chile para Latinoam\u00e9rica, es muy relevante toda vez que est\u00e1 en nuestra perspectiva el fortalecer la internacionalizaci\u00f3n de nuestro quehacer universitario, particularmente cuando se trata de formaci\u00f3n de pregrado, de postgrado, y sin duda en investigaci\u00f3n\u201d, relev\u00f3 la vicerrectora Acad\u00e9mica, Dra. Jenniffer Peralta Montecinos.<\/p>\n\n\n\n<div class=\"wp-block-image\"><figure class=\"aligncenter size-large is-resized\"><img loading=\"lazy\" src=\"https:\/\/www.uta.cl\/wp-content\/uploads\/2026\/03\/IMG_20260309_130759_2-1024x768.jpg\" alt=\"\" class=\"wp-image-72371\" width=\"498\" height=\"374\" srcset=\"https:\/\/www.uta.cl\/wp-content\/uploads\/2026\/03\/IMG_20260309_130759_2-1024x768.jpg 1024w, https:\/\/www.uta.cl\/wp-content\/uploads\/2026\/03\/IMG_20260309_130759_2-300x225.jpg 300w, https:\/\/www.uta.cl\/wp-content\/uploads\/2026\/03\/IMG_20260309_130759_2-768x576.jpg 768w, https:\/\/www.uta.cl\/wp-content\/uploads\/2026\/03\/IMG_20260309_130759_2-1536x1152.jpg 1536w, https:\/\/www.uta.cl\/wp-content\/uploads\/2026\/03\/IMG_20260309_130759_2-2048x1536.jpg 2048w\" sizes=\"(max-width: 498px) 100vw, 498px\" \/><\/figure><\/div>\n\n\n\n<p>Asimismo, la vicerrectora se\u00f1al\u00f3 que ya existen algunas colaboraciones con el Centro Heidelberg, desde el Instituto de Alta Investigaci\u00f3n (IAI), la Facultad de Medicina y la Facultad de Ciencias Sociales a trav\u00e9s del proyecto JAYMA Conocimiento 2030: \u201cEstas capacidades pueden usarse para m\u00faltiples disciplinas y una proyecci\u00f3n internacional conjunta con logros y relevancia como la que debe tener nuestra Universidad de Tarapac\u00e1\u201d.<\/p>\n\n\n\n<p>El Heidelberg Center para Am\u00e9rica Latina es el campus latinoamericano de la Universidad de Heidelberg y un centro de excelencia en investigaci\u00f3n y docencia, fue fundado en 2002 en Santiago de Chile, constituye el primer centro de posgrado de una universidad alemana en la regi\u00f3n y, desde 2009, forma parte de la red de Centros de Excelencia del Servicio Alem\u00e1n de Intercambio Acad\u00e9mico (DAAD). Su labor se orienta al desarrollo de programas de mag\u00edster y educaci\u00f3n continua, as\u00ed como a la promoci\u00f3n del di\u00e1logo acad\u00e9mico y la cooperaci\u00f3n internacional en \u00e1reas estrat\u00e9gicas para Am\u00e9rica Latina.<\/p>\n\n\n\n<p>Durante su presentaci\u00f3n, la Dra. In\u00e9s Recio expuso el trabajo que desarrolla el HCLA en Chile y en el contexto latinoamericano, junto con diversas l\u00edneas de colaboraci\u00f3n posibles con universidades de la regi\u00f3n. Entre ellas destac\u00f3 el desarrollo de programas de doble grado y cotutelas, la movilidad acad\u00e9mica y estudiantil, la generaci\u00f3n de proyectos de investigaci\u00f3n conjuntos y la participaci\u00f3n en redes internacionales interdisciplinarias.<\/p>\n\n\n\n<div class=\"wp-block-image\"><figure class=\"aligncenter size-large is-resized\"><img loading=\"lazy\" src=\"https:\/\/www.uta.cl\/wp-content\/uploads\/2026\/03\/IMG_20260312_010451-1024x823.jpg\" alt=\"\" class=\"wp-image-72370\" width=\"505\" height=\"405\" srcset=\"https:\/\/www.uta.cl\/wp-content\/uploads\/2026\/03\/IMG_20260312_010451-1024x823.jpg 1024w, https:\/\/www.uta.cl\/wp-content\/uploads\/2026\/03\/IMG_20260312_010451-300x241.jpg 300w, https:\/\/www.uta.cl\/wp-content\/uploads\/2026\/03\/IMG_20260312_010451-768x617.jpg 768w, https:\/\/www.uta.cl\/wp-content\/uploads\/2026\/03\/IMG_20260312_010451-1536x1234.jpg 1536w, https:\/\/www.uta.cl\/wp-content\/uploads\/2026\/03\/IMG_20260312_010451-2048x1645.jpg 2048w\" sizes=\"(max-width: 505px) 100vw, 505px\" \/><\/figure><\/div>\n\n\n\n<p>\u201cChile es un pa\u00eds extremadamente diverso y extenso, y la ciencia tiene la necesidad de explorar lo que se est\u00e1 haciendo en cualquier parte. En concreto, la Universidad de Tarapac\u00e1, como universidad estatal, como universidad de excelencia, es un socio interesante para explorar v\u00ednculos de investigaci\u00f3n en \u00e1reas claves, estrat\u00e9gicas y prioritarias para el territorio, pero tambi\u00e9n para la internacionalizaci\u00f3n de la propia universidad y, desde luego, para la conexi\u00f3n con Chile de las investigadoras y los investigadores que trabajan en Heidelberg\u201d, explic\u00f3 la Dra. Recio.<\/p>\n\n\n\n<p>En esta l\u00ednea, el director general de Investigaci\u00f3n e Innovaci\u00f3n, Dr. Ignacio Jessop, manifest\u00f3 que &#8220;estamos muy contentos de recibir a la doctora, creemos que es una instancia s\u00faper relevante para que nuestros investigadores, estudiantes de pregrado y postgrado, puedan conocer las iniciativas de este Centro, y fortalecer o establecer lazos de colaboraci\u00f3n con esta importante instituci\u00f3n internacional\u201d.<\/p>\n\n\n\n<div class=\"wp-block-image\"><figure class=\"aligncenter size-large is-resized\"><img loading=\"lazy\" src=\"https:\/\/www.uta.cl\/wp-content\/uploads\/2026\/03\/IMG_20260309_121945_1-1024x768.jpg\" alt=\"\" class=\"wp-image-72372\" width=\"531\" height=\"398\" srcset=\"https:\/\/www.uta.cl\/wp-content\/uploads\/2026\/03\/IMG_20260309_121945_1-1024x768.jpg 1024w, https:\/\/www.uta.cl\/wp-content\/uploads\/2026\/03\/IMG_20260309_121945_1-300x225.jpg 300w, https:\/\/www.uta.cl\/wp-content\/uploads\/2026\/03\/IMG_20260309_121945_1-768x576.jpg 768w, https:\/\/www.uta.cl\/wp-content\/uploads\/2026\/03\/IMG_20260309_121945_1-1536x1152.jpg 1536w, https:\/\/www.uta.cl\/wp-content\/uploads\/2026\/03\/IMG_20260309_121945_1-2048x1536.jpg 2048w\" sizes=\"(max-width: 531px) 100vw, 531px\" \/><\/figure><\/div>\n\n\n\n<p>Uno de los estudiantes que particip\u00f3 de la charla para postgrado fue Jos\u00e9 Miguel Olcay, del Mag\u00edster en Educaci\u00f3n de la UTA, quien coment\u00f3 que estas instancias son \u201cuna manera de ir conociendo c\u00f3mo funciona este mundo del postgrado m\u00e1s all\u00e1 de lo que uno conoce dentro de la universidad misma y ver c\u00f3mo dentro de los distintos pa\u00edses tambi\u00e9n tienen redes que, de alguna forma, uno siente que s\u00ed quieren acoger a m\u00e1s personas de otros pa\u00edses y poder mantener estas comunicaciones bilaterales\u201d.<\/p>\n\n\n\n<p>Asimismo, el estudiante de segundo a\u00f1o en Enfermer\u00eda, Bruno Morales, destac\u00f3: \u201cQue venga una universidad extranjera a dar una charla, a mostrar sus posibilidades de estudio, es s\u00faper importante, porque deja una puerta, una posibilidad de nosotros formarnos en otra cultura, en otro ambiente, para mejorar en nuestra profesi\u00f3n\u201d.<\/p>\n\n\n\n<div class=\"wp-block-image\"><figure class=\"aligncenter size-large is-resized\"><img loading=\"lazy\" src=\"https:\/\/www.uta.cl\/wp-content\/uploads\/2026\/03\/IMG_20260310_101811-1024x768.jpg\" alt=\"\" class=\"wp-image-72373\" width=\"518\" height=\"388\" srcset=\"https:\/\/www.uta.cl\/wp-content\/uploads\/2026\/03\/IMG_20260310_101811-1024x768.jpg 1024w, https:\/\/www.uta.cl\/wp-content\/uploads\/2026\/03\/IMG_20260310_101811-300x225.jpg 300w, https:\/\/www.uta.cl\/wp-content\/uploads\/2026\/03\/IMG_20260310_101811-768x576.jpg 768w, https:\/\/www.uta.cl\/wp-content\/uploads\/2026\/03\/IMG_20260310_101811-1536x1152.jpg 1536w, https:\/\/www.uta.cl\/wp-content\/uploads\/2026\/03\/IMG_20260310_101811-2048x1536.jpg 2048w\" sizes=\"(max-width: 518px) 100vw, 518px\" \/><\/figure><\/div>\n","protected":false},"excerpt":{"rendered":"<p>Se trata del campus latinoamericano de la Universidad de Heidelberg, Alemania. Este fue fundado el 2002 en Santiago, es el primer Centro de postgrado de una universidad alemana en la regi\u00f3n y, desde 2009, forma parte de la red de Centros de Excelencia del Servicio Alem\u00e1n de Intercambio Acad\u00e9mico (DAAD).<\/p>\n","protected":false},"author":13,"featured_media":72374,"comment_status":"open","ping_status":"open","sticky":false,"template":"","format":"standard","meta":[],"categories":[316,51],"tags":[],"_links":{"self":[{"href":"https:\/\/www.uta.cl\/index.php\/wp-json\/wp\/v2\/posts\/72367"}],"collection":[{"href":"https:\/\/www.uta.cl\/index.php\/wp-json\/wp\/v2\/posts"}],"about":[{"href":"https:\/\/www.uta.cl\/index.php\/wp-json\/wp\/v2\/types\/post"}],"author":[{"embeddable":true,"href":"https:\/\/www.uta.cl\/index.php\/wp-json\/wp\/v2\/users\/13"}],"replies":[{"embeddable":true,"href":"https:\/\/www.uta.cl\/index.php\/wp-json\/wp\/v2\/comments?post=72367"}],"version-history":[{"count":5,"href":"https:\/\/www.uta.cl\/index.php\/wp-json\/wp\/v2\/posts\/72367\/revisions"}],"predecessor-version":[{"id":72416,"href":"https:\/\/www.uta.cl\/index.php\/wp-json\/wp\/v2\/posts\/72367\/revisions\/72416"}],"wp:featuredmedia":[{"embeddable":true,"href":"https:\/\/www.uta.cl\/index.php\/wp-json\/wp\/v2\/media\/72374"}],"wp:attachment":[{"href":"https:\/\/www.uta.cl\/index.php\/wp-json\/wp\/v2\/media?parent=72367"}],"wp:term":[{"taxonomy":"category","embeddable":true,"href":"https:\/\/www.uta.cl\/index.php\/wp-json\/wp\/v2\/categories?post=72367"},{"taxonomy":"post_tag","embeddable":true,"href":"https:\/\/www.uta.cl\/index.php\/wp-json\/wp\/v2\/tags?post=72367"}],"curies":[{"name":"wp","href":"https:\/\/api.w.org\/{rel}","templated":true}]}}