{"id":72361,"date":"2026-03-11T19:36:50","date_gmt":"2026-03-11T19:36:50","guid":{"rendered":"https:\/\/www.uta.cl\/?p=72361"},"modified":"2026-03-11T19:36:57","modified_gmt":"2026-03-11T19:36:57","slug":"primera-titulada-del-doctorado-en-ciencias-sociales-de-la-uta-sede-iquique-culmina-investigacion-sobre-infancias-migrantes","status":"publish","type":"post","link":"https:\/\/www.uta.cl\/index.php\/2026\/03\/11\/primera-titulada-del-doctorado-en-ciencias-sociales-de-la-uta-sede-iquique-culmina-investigacion-sobre-infancias-migrantes\/","title":{"rendered":"Primera titulada del Doctorado en Ciencias Sociales de la UTA sede Iquique culmina investigaci\u00f3n sobre infancias migrantes"},"content":{"rendered":"\n<div class=\"wp-block-image\"><figure class=\"aligncenter size-large is-resized\"><img loading=\"lazy\" src=\"https:\/\/www.uta.cl\/wp-content\/uploads\/2026\/03\/20260306_120018-1024x768.jpg\" alt=\"\" class=\"wp-image-72364\" width=\"620\" height=\"465\" srcset=\"https:\/\/www.uta.cl\/wp-content\/uploads\/2026\/03\/20260306_120018-1024x768.jpg 1024w, https:\/\/www.uta.cl\/wp-content\/uploads\/2026\/03\/20260306_120018-300x225.jpg 300w, https:\/\/www.uta.cl\/wp-content\/uploads\/2026\/03\/20260306_120018-768x576.jpg 768w, https:\/\/www.uta.cl\/wp-content\/uploads\/2026\/03\/20260306_120018-1536x1152.jpg 1536w, https:\/\/www.uta.cl\/wp-content\/uploads\/2026\/03\/20260306_120018-2048x1536.jpg 2048w\" sizes=\"(max-width: 620px) 100vw, 620px\" \/><\/figure><\/div>\n\n\n\n<p>El Doctorado en Ciencias Sociales de la Universidad de Tarapac\u00e1, sede Iquique, alcanz\u00f3 un hito acad\u00e9mico con la graduaci\u00f3n de su primera doctora en la ciudad. Se trata de la Dra. Sius-geng Salinas, psic\u00f3loga, docente e investigadora, quien culmin\u00f3 exitosamente su proceso doctoral iniciado en agosto de 2021 bajo la gu\u00eda de la Dra. Nanette Liberona.<\/p>\n\n\n\n<p>A trav\u00e9s de un enfoque etnogr\u00e1fico y participativo, la investigaci\u00f3n doctoral abord\u00f3 las experiencias de ni\u00f1as y ni\u00f1os migrantes en el tr\u00e1nsito irregularizado de la regi\u00f3n de Tarapac\u00e1, particularmente en la toma \u201cEl Paso de la Mula\u201d, el cual busc\u00f3 comprender c\u00f3mo experimentan el este proceso y de qu\u00e9 manera las pol\u00edticas migratorias y fronterizas influyen en sus trayectorias y vida cotidiana.<\/p>\n\n\n\n<p>Sobre su trabajo de tesis, Sius-geng explic\u00f3 que \u201cme interes\u00f3 comprender c\u00f3mo viven estos procesos, c\u00f3mo experimentan el tr\u00e1nsito, qu\u00e9 sentidos construyen sobre los espacios que habitan. Fue un trabajo situado, con enfoque etnogr\u00e1fico y participativo, que puso en el centro la experiencia de ni\u00f1as y ni\u00f1os\u201d.<\/p>\n\n\n\n<p>Salinas, quien es psic\u00f3loga, docente y cuenta con una trayectoria en la investigaci\u00f3n cualitativa, la ni\u00f1ez, las migraciones y el trabajo comunitario, tambi\u00e9n valor\u00f3 el proceso formativo vivido durante el doctorado. \u201cLo que m\u00e1s destaco de este posgrado es el cuerpo acad\u00e9mico y el compromiso que tienen con sus estudiantes. Valoro mucho la disposici\u00f3n de las y los docentes para acompa\u00f1ar los procesos, orientar las investigaciones y sostener una formaci\u00f3n exigente pero cercana\u201d, coment\u00f3.<\/p>\n\n\n\n<div class=\"wp-block-image\"><figure class=\"aligncenter size-large is-resized\"><img loading=\"lazy\" src=\"https:\/\/www.uta.cl\/wp-content\/uploads\/2026\/03\/02.-1024x461.jpeg\" alt=\"\" class=\"wp-image-72363\" width=\"695\" height=\"313\" srcset=\"https:\/\/www.uta.cl\/wp-content\/uploads\/2026\/03\/02.-1024x461.jpeg 1024w, https:\/\/www.uta.cl\/wp-content\/uploads\/2026\/03\/02.-300x135.jpeg 300w, https:\/\/www.uta.cl\/wp-content\/uploads\/2026\/03\/02.-768x346.jpeg 768w, https:\/\/www.uta.cl\/wp-content\/uploads\/2026\/03\/02.-1536x691.jpeg 1536w, https:\/\/www.uta.cl\/wp-content\/uploads\/2026\/03\/02..jpeg 1600w\" sizes=\"(max-width: 695px) 100vw, 695px\" \/><\/figure><\/div>\n\n\n\n<p>Respecto a la investigaci\u00f3n realizada por la nueva doctora, la Dra. Nanette Liberona, acad\u00e9mica del departamento de Antropolog\u00eda de la UTA y miembro del Comit\u00e9 acad\u00e9mico del programa de Doctorado en Ciencias Sociales, destac\u00f3 el aporte metodol\u00f3gico del trabajo. \u201cDestaco su capacidad de flexibilidad metodol\u00f3gica y de reflexi\u00f3n en torno a c\u00f3mo abordar una problem\u00e1tica tan compleja, adem\u00e1s de su b\u00fasqueda por innovar metodol\u00f3gicamente, incursionando en metodolog\u00edas participativas y art\u00edsticas, lo que gener\u00f3 un aporte considerable a las etnograf\u00edas participativas y a la ciencia social en general\u201d.<\/p>\n\n\n\n<p>Para la Dra. Salinas, la experiencia doctoral marc\u00f3 tambi\u00e9n un proceso de crecimiento personal y profesional. \u201cEste posgrado fue una experiencia muy significativa para m\u00ed, porque no solo me permiti\u00f3 avanzar en una investigaci\u00f3n que considero relevante, sino tambi\u00e9n consolidar una forma de trabajo m\u00e1s reflexiva, rigurosa y comprometida \u00e9ticamente\u201d, concluy\u00f3.<\/p>\n\n\n\n<p><strong>Doctorado en Ciencias Sociales<\/strong><\/p>\n\n\n\n<p>El Doctorado en Ciencias Sociales de la Universidad de Tarapac\u00e1 es el \u00fanico de su tipo en la zona norte del pa\u00eds y el \u00fanico de la instituci\u00f3n impartido en la sede Iquique. Seg\u00fan inform\u00f3 la Dra. Nanette Liberona, este programa se caracteriza por su enfoque interdisciplinario y su estrecha relaci\u00f3n con el territorio.<\/p>\n\n\n\n<p>\u201cEs un programa interdisciplinario porque formamos parte del claustro personas provenientes de diferentes disciplinas como la psicolog\u00eda, la antropolog\u00eda, la sociolog\u00eda, las ciencias pol\u00edticas, el derecho, la historia y la etnohistoria. Hay un gran abanico de profesionales que est\u00e1n haciendo investigaci\u00f3n y produciendo conocimiento cient\u00edfico de calidad en la regi\u00f3n\u201d, dijo la acad\u00e9mica.<\/p>\n\n\n\n<p>El programa aborda diversas l\u00edneas de investigaci\u00f3n vinculadas a fen\u00f3menos sociales relevantes para el norte del pa\u00eds y el espacio centro surandino, entre ellas relaciones internacionales y transfronterizas, migraciones y movilidades, din\u00e1micas socioambientales e interculturalidad. Su ubicaci\u00f3n en una regi\u00f3n fronteriza ha permitido, adem\u00e1s, atraer estudiantes de otros pa\u00edses de la zona.<\/p>\n\n\n\n<p>El pr\u00f3ximo proceso de admisi\u00f3n al Doctorado en Ciencias Sociales se iniciar\u00e1 durante el segundo semestre de 2026, cuya convocatoria ser\u00e1 difundida oportunamente a trav\u00e9s del sitio web <a href=\"https:\/\/www.uta.cl\/index.php\/doctorado-en-ciencias-sociales\/\">https:\/\/www.uta.cl\/index.php\/doctorado-en-ciencias-sociales\/<\/a> y en sus redes sociales oficiales.<\/p>\n","protected":false},"excerpt":{"rendered":"<p>Sius-geng Salinas obtuvo el grado acad\u00e9mico tras desarrollar un estudio etnogr\u00e1fico sobre las experiencias de ni\u00f1as y ni\u00f1os migrantes en tr\u00e1nsito en la regi\u00f3n de Tarapac\u00e1.<\/p>\n","protected":false},"author":13,"featured_media":72364,"comment_status":"open","ping_status":"open","sticky":false,"template":"","format":"standard","meta":[],"categories":[316,51],"tags":[],"_links":{"self":[{"href":"https:\/\/www.uta.cl\/index.php\/wp-json\/wp\/v2\/posts\/72361"}],"collection":[{"href":"https:\/\/www.uta.cl\/index.php\/wp-json\/wp\/v2\/posts"}],"about":[{"href":"https:\/\/www.uta.cl\/index.php\/wp-json\/wp\/v2\/types\/post"}],"author":[{"embeddable":true,"href":"https:\/\/www.uta.cl\/index.php\/wp-json\/wp\/v2\/users\/13"}],"replies":[{"embeddable":true,"href":"https:\/\/www.uta.cl\/index.php\/wp-json\/wp\/v2\/comments?post=72361"}],"version-history":[{"count":2,"href":"https:\/\/www.uta.cl\/index.php\/wp-json\/wp\/v2\/posts\/72361\/revisions"}],"predecessor-version":[{"id":72366,"href":"https:\/\/www.uta.cl\/index.php\/wp-json\/wp\/v2\/posts\/72361\/revisions\/72366"}],"wp:featuredmedia":[{"embeddable":true,"href":"https:\/\/www.uta.cl\/index.php\/wp-json\/wp\/v2\/media\/72364"}],"wp:attachment":[{"href":"https:\/\/www.uta.cl\/index.php\/wp-json\/wp\/v2\/media?parent=72361"}],"wp:term":[{"taxonomy":"category","embeddable":true,"href":"https:\/\/www.uta.cl\/index.php\/wp-json\/wp\/v2\/categories?post=72361"},{"taxonomy":"post_tag","embeddable":true,"href":"https:\/\/www.uta.cl\/index.php\/wp-json\/wp\/v2\/tags?post=72361"}],"curies":[{"name":"wp","href":"https:\/\/api.w.org\/{rel}","templated":true}]}}