{"id":72340,"date":"2026-03-11T13:23:41","date_gmt":"2026-03-11T13:23:41","guid":{"rendered":"https:\/\/www.uta.cl\/?p=72340"},"modified":"2026-03-11T13:23:46","modified_gmt":"2026-03-11T13:23:46","slug":"universidad-de-tarapaca-distingue-a-mujeres-destacadas-en-conmemoracion-del-dia-internacional-de-la-mujer-trabajadora-2026","status":"publish","type":"post","link":"https:\/\/www.uta.cl\/index.php\/2026\/03\/11\/universidad-de-tarapaca-distingue-a-mujeres-destacadas-en-conmemoracion-del-dia-internacional-de-la-mujer-trabajadora-2026\/","title":{"rendered":"Universidad de Tarapac\u00e1 distingue a mujeres destacadas en conmemoraci\u00f3n del D\u00eda Internacional de la Mujer Trabajadora 2026"},"content":{"rendered":"\n<div class=\"wp-block-image\"><figure class=\"aligncenter size-large is-resized\"><img loading=\"lazy\" src=\"https:\/\/www.uta.cl\/wp-content\/uploads\/2026\/03\/foto-central-3-1024x768.jpeg\" alt=\"\" class=\"wp-image-72351\" width=\"623\" height=\"467\" srcset=\"https:\/\/www.uta.cl\/wp-content\/uploads\/2026\/03\/foto-central-3-1024x768.jpeg 1024w, https:\/\/www.uta.cl\/wp-content\/uploads\/2026\/03\/foto-central-3-300x225.jpeg 300w, https:\/\/www.uta.cl\/wp-content\/uploads\/2026\/03\/foto-central-3-768x576.jpeg 768w, https:\/\/www.uta.cl\/wp-content\/uploads\/2026\/03\/foto-central-3.jpeg 1280w\" sizes=\"(max-width: 623px) 100vw, 623px\" \/><\/figure><\/div>\n\n\n\n<p>En una emotiva ceremonia organizada por la Direcci\u00f3n de Equidad y G\u00e9nero (DEyGEN) de la Universidad de Tarapac\u00e1, la comunidad universitaria conmemor\u00f3 el D\u00eda Internacional de la Mujer Trabajadora. La actividad, realizada en el Auditorio de Medicina Dr. Arturo Flores Franulic, tuvo como objetivo relevar el origen hist\u00f3rico de esta fecha, marcado por las luchas de comienzos del siglo XX por el derecho al voto, mejores condiciones laborales y la igualdad de derechos entre hombres y mujeres.\u00a0<\/p>\n\n\n\n<p>El rector de la Universidad de Tarapac\u00e1, Dr. Emilio Rodr\u00edguez Ponce, abri\u00f3 la jornada destacando el compromiso institucional con la promoci\u00f3n de espacios libres de violencia de g\u00e9nero y el fortalecimiento de pr\u00e1cticas igualitarias al interior de la instituci\u00f3n.<\/p>\n\n\n\n<p>\u201cComo rector de la Universidad de Tarapac\u00e1 y, tambi\u00e9n, como vicepresidente ejecutivo del Consejo de Rectoras y Rectores de las Universidades Chilenas (CRUCH), hoy renovamos expl\u00edcitamente nuestro compromiso con la b\u00fasqueda de la igualdad y de la equidad de g\u00e9nero. En todas las instituciones que integran el CRUCH hemos estado trabajando durante los \u00faltimos a\u00f1os en la instalaci\u00f3n de un dise\u00f1o institucional que nos permita avanzar efectivamente hacia este objetivo, mediante centros, direcciones, pol\u00edticas y procedimientos que otorguen un marco conceptual y operativo para promover la igualdad de g\u00e9nero\u201d, afirm\u00f3.&nbsp;<\/p>\n\n\n\n<p>Asimismo, destac\u00f3 la importancia de continuar fortaleciendo estas pol\u00edticas, junto con promover liderazgos femeninos en distintos espacios de decisi\u00f3n dentro de las instituciones de educaci\u00f3n superior: \u201cLas mujeres unidas son invencibles e infinitas. Por ello, es fundamental avanzar en unidad de prop\u00f3sito y de talentos, fortaleciendo el trabajo colectivo para consolidar las arquitecturas de equidad que ya se est\u00e1n implementando\u201d, enfatiz\u00f3.<\/p>\n\n\n\n<p>Uno de los momentos centrales de la jornada fue la charla magistral a cargo de la abogada B\u00e1rbara Sep\u00falveda Hales, mag\u00edster en Derecho P\u00fablico de la Universidad de Chile, m\u00e1ster en G\u00e9nero por la London School of Economics and Political Science y cofundadora de la Asociaci\u00f3n de Abogadas Feministas (ABOFEM). Su exposici\u00f3n, titulada \u201cUna revisi\u00f3n hist\u00f3rica de los derechos de las mujeres en Chile\u201d, abarc\u00f3 el per\u00edodo de 1855 a la actualidad, destacando hitos legislativos y desaf\u00edos pendientes.&nbsp;<\/p>\n\n\n\n<p>\u201cEsta historia nos permite dimensionar cu\u00e1nto ha costado conseguir reformas y avances que hoy parecen evidentes, pero que implicaron d\u00e9cadas de lucha. Este d\u00eda de conmemoraci\u00f3n nos invita a reflexionar sobre cu\u00e1nto hemos avanzado y cu\u00e1nto camino a\u00fan queda por recorrer, as\u00ed como la importancia de cuidar lo alcanzado, que no ha sido sencillo y que a nuestras antecesoras les cost\u00f3 much\u00edsimo lograr todas esas peque\u00f1as cosas que, vistas en conjunto, nos muestran la historia jur\u00eddica de la mujer chilena\u201d, indic\u00f3 la abogada.&nbsp;<\/p>\n\n\n\n<p>Agreg\u00f3 que \u201cla historia jur\u00eddica de los derechos de las mujeres en Chile ha estado marcada por procesos complejos; es una historia desigual, fragmentaria, reversible, marcada por la resistencia prolongada a reconocer a las mujeres como sujetas aut\u00f3nomas en el \u00e1mbito civil, pol\u00edtico, sexual, reproductivo, laboral y constitucional. Esto nos permite afirmar que todos los logros alcanzados fueron apuntando a desmontar una arquitectura jur\u00eddica muy compleja, edificada sobre la figura masculina, la dependencia conyugal, la divisi\u00f3n sexual del trabajo y el control de la sexualidad y reproducci\u00f3n\u201d.<\/p>\n\n\n\n<p><strong>Reconocimiento a mujeres destacadas<\/strong><\/p>\n\n\n\n<p>Como cada a\u00f1o, la Universidad de Tarapac\u00e1 distingue a mujeres que han propiciado, a trav\u00e9s de su quehacer, espacios para que muchas otras mujeres puedan participar de la vida estudiantil, acad\u00e9mica o funcionaria en igualdad de condiciones. En la ocasi\u00f3n, cinco mujeres fueron nominadas por la comunidad universitaria por su trabajo enfocado en los valores institucionales, fomentando un buen clima relacional y promoviendo la equidad de g\u00e9nero en los distintos espacios donde se desempe\u00f1an.<\/p>\n\n\n\n<p>Este 2026 la distinci\u00f3n \u201cMujeres, Sociedad y Universidad\u201d, se entreg\u00f3 a:<\/p>\n\n\n\n<ul><li>Estamento acad\u00e9mico: Sof\u00eda Chura Untoja, acad\u00e9mica de la Escuela de Administraci\u00f3n y Negocios de la Facultad de Administraci\u00f3n y Econom\u00eda.&nbsp;<\/li><li>Estamento funcionario: Paulina Ortu\u00f1o Fari\u00f1a, contralora (s).&nbsp;<\/li><li>Estamento estudiantil: Francisca P\u00e9rez Magno, alumna de Ingenier\u00eda en Administraci\u00f3n de Empresas (r\u00e9gimen vespertino).&nbsp;<\/li><li>Mujer externa a la UTA: Palmira Albornoz Sandoval, destacada por su aporte y labor en la comunidad regional.&nbsp;<\/li><\/ul>\n\n\n\n<p>Adem\u00e1s, se entreg\u00f3 la distinci\u00f3n \u201cVer\u00f3nica Choque Sarco\u201d, que honra la memoria y el legado de esta funcionaria de gesti\u00f3n de la UTA, a Claudia Carvajal Araya, secretaria del Departamento de Ingenier\u00eda en Computaci\u00f3n e Inform\u00e1tica.&nbsp;<\/p>\n\n\n\n<p>El acto finaliz\u00f3 con las palabras de cierre de la directora de Equidad y G\u00e9nero, Jacqueline Godoy Contreras, quien agradeci\u00f3 la participaci\u00f3n de la comunidad y reafirm\u00f3 el compromiso institucional con la equidad y la erradicaci\u00f3n de toda forma de violencia: \u201cComo integrante de esta comunidad universitaria, resulta profundamente significativo compartir este espacio de reflexi\u00f3n y reconocimiento que pone en valor el aporte de las mujeres al desarrollo de nuestra universidad y sociedad, invit\u00e1ndonos a continuar fortaleciendo una cultura universitaria basada en el respeto, la colaboraci\u00f3n y la igualdad de oportunidades\u201d, expres\u00f3.\u00a0\u00a0<\/p>\n\n\n\n<figure class=\"wp-block-gallery columns-4 is-cropped\"><ul class=\"blocks-gallery-grid\"><li class=\"blocks-gallery-item\"><figure><a href=\"https:\/\/www.uta.cl\/wp-content\/uploads\/2026\/03\/1-1.jpeg\"><img loading=\"lazy\" width=\"1024\" height=\"768\" src=\"https:\/\/www.uta.cl\/wp-content\/uploads\/2026\/03\/1-1-1024x768.jpeg\" alt=\"\" data-id=\"72352\" data-full-url=\"https:\/\/www.uta.cl\/wp-content\/uploads\/2026\/03\/1-1.jpeg\" data-link=\"https:\/\/www.uta.cl\/?attachment_id=72352\" class=\"wp-image-72352\" srcset=\"https:\/\/www.uta.cl\/wp-content\/uploads\/2026\/03\/1-1-1024x768.jpeg 1024w, https:\/\/www.uta.cl\/wp-content\/uploads\/2026\/03\/1-1-300x225.jpeg 300w, https:\/\/www.uta.cl\/wp-content\/uploads\/2026\/03\/1-1-768x576.jpeg 768w, https:\/\/www.uta.cl\/wp-content\/uploads\/2026\/03\/1-1.jpeg 1280w\" sizes=\"(max-width: 1024px) 100vw, 1024px\" \/><\/a><\/figure><\/li><li class=\"blocks-gallery-item\"><figure><a href=\"https:\/\/www.uta.cl\/wp-content\/uploads\/2026\/03\/2.jpeg\"><img loading=\"lazy\" width=\"1024\" height=\"768\" src=\"https:\/\/www.uta.cl\/wp-content\/uploads\/2026\/03\/2-1024x768.jpeg\" alt=\"\" data-id=\"72349\" data-full-url=\"https:\/\/www.uta.cl\/wp-content\/uploads\/2026\/03\/2.jpeg\" data-link=\"https:\/\/www.uta.cl\/?attachment_id=72349\" class=\"wp-image-72349\" srcset=\"https:\/\/www.uta.cl\/wp-content\/uploads\/2026\/03\/2-1024x768.jpeg 1024w, https:\/\/www.uta.cl\/wp-content\/uploads\/2026\/03\/2-300x225.jpeg 300w, https:\/\/www.uta.cl\/wp-content\/uploads\/2026\/03\/2-768x576.jpeg 768w, https:\/\/www.uta.cl\/wp-content\/uploads\/2026\/03\/2.jpeg 1280w\" sizes=\"(max-width: 1024px) 100vw, 1024px\" \/><\/a><\/figure><\/li><li class=\"blocks-gallery-item\"><figure><a href=\"https:\/\/www.uta.cl\/wp-content\/uploads\/2026\/03\/3.jpeg\"><img loading=\"lazy\" width=\"1024\" height=\"768\" src=\"https:\/\/www.uta.cl\/wp-content\/uploads\/2026\/03\/3-1024x768.jpeg\" alt=\"\" data-id=\"72348\" data-full-url=\"https:\/\/www.uta.cl\/wp-content\/uploads\/2026\/03\/3.jpeg\" data-link=\"https:\/\/www.uta.cl\/?attachment_id=72348\" class=\"wp-image-72348\" srcset=\"https:\/\/www.uta.cl\/wp-content\/uploads\/2026\/03\/3-1024x768.jpeg 1024w, https:\/\/www.uta.cl\/wp-content\/uploads\/2026\/03\/3-300x225.jpeg 300w, https:\/\/www.uta.cl\/wp-content\/uploads\/2026\/03\/3-768x576.jpeg 768w, https:\/\/www.uta.cl\/wp-content\/uploads\/2026\/03\/3.jpeg 1280w\" sizes=\"(max-width: 1024px) 100vw, 1024px\" \/><\/a><\/figure><\/li><li class=\"blocks-gallery-item\"><figure><a href=\"https:\/\/www.uta.cl\/wp-content\/uploads\/2026\/03\/4.jpeg\"><img loading=\"lazy\" width=\"1024\" height=\"768\" src=\"https:\/\/www.uta.cl\/wp-content\/uploads\/2026\/03\/4-1024x768.jpeg\" alt=\"\" data-id=\"72350\" data-full-url=\"https:\/\/www.uta.cl\/wp-content\/uploads\/2026\/03\/4.jpeg\" data-link=\"https:\/\/www.uta.cl\/?attachment_id=72350\" class=\"wp-image-72350\" srcset=\"https:\/\/www.uta.cl\/wp-content\/uploads\/2026\/03\/4-1024x768.jpeg 1024w, https:\/\/www.uta.cl\/wp-content\/uploads\/2026\/03\/4-300x225.jpeg 300w, https:\/\/www.uta.cl\/wp-content\/uploads\/2026\/03\/4-768x576.jpeg 768w, https:\/\/www.uta.cl\/wp-content\/uploads\/2026\/03\/4.jpeg 1280w\" sizes=\"(max-width: 1024px) 100vw, 1024px\" \/><\/a><\/figure><\/li><li class=\"blocks-gallery-item\"><figure><a href=\"https:\/\/www.uta.cl\/wp-content\/uploads\/2026\/03\/5.jpeg\"><img loading=\"lazy\" width=\"1024\" height=\"768\" src=\"https:\/\/www.uta.cl\/wp-content\/uploads\/2026\/03\/5-1024x768.jpeg\" alt=\"\" data-id=\"72347\" data-full-url=\"https:\/\/www.uta.cl\/wp-content\/uploads\/2026\/03\/5.jpeg\" data-link=\"https:\/\/www.uta.cl\/?attachment_id=72347\" class=\"wp-image-72347\" srcset=\"https:\/\/www.uta.cl\/wp-content\/uploads\/2026\/03\/5-1024x768.jpeg 1024w, https:\/\/www.uta.cl\/wp-content\/uploads\/2026\/03\/5-300x225.jpeg 300w, https:\/\/www.uta.cl\/wp-content\/uploads\/2026\/03\/5-768x576.jpeg 768w, https:\/\/www.uta.cl\/wp-content\/uploads\/2026\/03\/5.jpeg 1280w\" sizes=\"(max-width: 1024px) 100vw, 1024px\" \/><\/a><\/figure><\/li><li class=\"blocks-gallery-item\"><figure><a href=\"https:\/\/www.uta.cl\/wp-content\/uploads\/2026\/03\/6.jpeg\"><img loading=\"lazy\" width=\"1024\" height=\"768\" src=\"https:\/\/www.uta.cl\/wp-content\/uploads\/2026\/03\/6-1024x768.jpeg\" alt=\"\" data-id=\"72346\" data-full-url=\"https:\/\/www.uta.cl\/wp-content\/uploads\/2026\/03\/6.jpeg\" data-link=\"https:\/\/www.uta.cl\/?attachment_id=72346\" class=\"wp-image-72346\" srcset=\"https:\/\/www.uta.cl\/wp-content\/uploads\/2026\/03\/6-1024x768.jpeg 1024w, https:\/\/www.uta.cl\/wp-content\/uploads\/2026\/03\/6-300x225.jpeg 300w, https:\/\/www.uta.cl\/wp-content\/uploads\/2026\/03\/6-768x576.jpeg 768w, https:\/\/www.uta.cl\/wp-content\/uploads\/2026\/03\/6.jpeg 1280w\" sizes=\"(max-width: 1024px) 100vw, 1024px\" \/><\/a><\/figure><\/li><li class=\"blocks-gallery-item\"><figure><a href=\"https:\/\/www.uta.cl\/wp-content\/uploads\/2026\/03\/7.jpeg\"><img loading=\"lazy\" width=\"1024\" height=\"768\" src=\"https:\/\/www.uta.cl\/wp-content\/uploads\/2026\/03\/7-1024x768.jpeg\" alt=\"\" data-id=\"72345\" data-full-url=\"https:\/\/www.uta.cl\/wp-content\/uploads\/2026\/03\/7.jpeg\" data-link=\"https:\/\/www.uta.cl\/?attachment_id=72345\" class=\"wp-image-72345\" srcset=\"https:\/\/www.uta.cl\/wp-content\/uploads\/2026\/03\/7-1024x768.jpeg 1024w, https:\/\/www.uta.cl\/wp-content\/uploads\/2026\/03\/7-300x225.jpeg 300w, https:\/\/www.uta.cl\/wp-content\/uploads\/2026\/03\/7-768x576.jpeg 768w, https:\/\/www.uta.cl\/wp-content\/uploads\/2026\/03\/7.jpeg 1280w\" sizes=\"(max-width: 1024px) 100vw, 1024px\" \/><\/a><\/figure><\/li><li class=\"blocks-gallery-item\"><figure><a href=\"https:\/\/www.uta.cl\/wp-content\/uploads\/2026\/03\/8.jpeg\"><img loading=\"lazy\" width=\"1280\" height=\"960\" src=\"https:\/\/www.uta.cl\/wp-content\/uploads\/2026\/03\/8-1024x768.jpeg\" alt=\"\" data-id=\"72344\" data-full-url=\"https:\/\/www.uta.cl\/wp-content\/uploads\/2026\/03\/8.jpeg\" data-link=\"https:\/\/www.uta.cl\/?attachment_id=72344\" class=\"wp-image-72344\" srcset=\"https:\/\/www.uta.cl\/wp-content\/uploads\/2026\/03\/8-1024x768.jpeg 1024w, https:\/\/www.uta.cl\/wp-content\/uploads\/2026\/03\/8-300x225.jpeg 300w, https:\/\/www.uta.cl\/wp-content\/uploads\/2026\/03\/8-768x576.jpeg 768w, https:\/\/www.uta.cl\/wp-content\/uploads\/2026\/03\/8.jpeg 1280w\" sizes=\"(max-width: 1280px) 100vw, 1280px\" \/><\/a><\/figure><\/li><li class=\"blocks-gallery-item\"><figure><a href=\"https:\/\/www.uta.cl\/wp-content\/uploads\/2026\/03\/9.jpeg\"><img loading=\"lazy\" width=\"1024\" height=\"768\" src=\"https:\/\/www.uta.cl\/wp-content\/uploads\/2026\/03\/9-1024x768.jpeg\" alt=\"\" data-id=\"72343\" data-full-url=\"https:\/\/www.uta.cl\/wp-content\/uploads\/2026\/03\/9.jpeg\" data-link=\"https:\/\/www.uta.cl\/?attachment_id=72343\" class=\"wp-image-72343\" srcset=\"https:\/\/www.uta.cl\/wp-content\/uploads\/2026\/03\/9-1024x768.jpeg 1024w, https:\/\/www.uta.cl\/wp-content\/uploads\/2026\/03\/9-300x225.jpeg 300w, https:\/\/www.uta.cl\/wp-content\/uploads\/2026\/03\/9-768x576.jpeg 768w, https:\/\/www.uta.cl\/wp-content\/uploads\/2026\/03\/9.jpeg 1280w\" sizes=\"(max-width: 1024px) 100vw, 1024px\" \/><\/a><\/figure><\/li><li class=\"blocks-gallery-item\"><figure><a href=\"https:\/\/www.uta.cl\/wp-content\/uploads\/2026\/03\/10.jpeg\"><img loading=\"lazy\" width=\"1024\" height=\"768\" src=\"https:\/\/www.uta.cl\/wp-content\/uploads\/2026\/03\/10-1024x768.jpeg\" alt=\"\" data-id=\"72342\" data-full-url=\"https:\/\/www.uta.cl\/wp-content\/uploads\/2026\/03\/10.jpeg\" data-link=\"https:\/\/www.uta.cl\/?attachment_id=72342\" class=\"wp-image-72342\" srcset=\"https:\/\/www.uta.cl\/wp-content\/uploads\/2026\/03\/10-1024x768.jpeg 1024w, https:\/\/www.uta.cl\/wp-content\/uploads\/2026\/03\/10-300x225.jpeg 300w, https:\/\/www.uta.cl\/wp-content\/uploads\/2026\/03\/10-768x576.jpeg 768w, https:\/\/www.uta.cl\/wp-content\/uploads\/2026\/03\/10.jpeg 1280w\" sizes=\"(max-width: 1024px) 100vw, 1024px\" \/><\/a><\/figure><\/li><li class=\"blocks-gallery-item\"><figure><a href=\"https:\/\/www.uta.cl\/wp-content\/uploads\/2026\/03\/11.jpeg\"><img loading=\"lazy\" width=\"1024\" height=\"768\" src=\"https:\/\/www.uta.cl\/wp-content\/uploads\/2026\/03\/11-1024x768.jpeg\" alt=\"\" data-id=\"72341\" data-full-url=\"https:\/\/www.uta.cl\/wp-content\/uploads\/2026\/03\/11.jpeg\" data-link=\"https:\/\/www.uta.cl\/?attachment_id=72341\" class=\"wp-image-72341\" srcset=\"https:\/\/www.uta.cl\/wp-content\/uploads\/2026\/03\/11-1024x768.jpeg 1024w, https:\/\/www.uta.cl\/wp-content\/uploads\/2026\/03\/11-300x225.jpeg 300w, https:\/\/www.uta.cl\/wp-content\/uploads\/2026\/03\/11-768x576.jpeg 768w, https:\/\/www.uta.cl\/wp-content\/uploads\/2026\/03\/11.jpeg 1280w\" sizes=\"(max-width: 1024px) 100vw, 1024px\" \/><\/a><\/figure><\/li><\/ul><\/figure>\n","protected":false},"excerpt":{"rendered":"<p>El acto reconoci\u00f3 el aporte de cinco mujeres en los estamentos acad\u00e9mico, funcionario de gesti\u00f3n, estudiantil y de la comunidad regional, mediante las distinciones \u201cMujeres, Sociedad y Universidad\u201d y \u201cVer\u00f3nica Choque Sarco\u201d. La jornada incluy\u00f3, adem\u00e1s, la charla magistral de la abogada y cofundadora de ABOFEM, B\u00e1rbara Sep\u00falveda Hales.<\/p>\n","protected":false},"author":13,"featured_media":72351,"comment_status":"open","ping_status":"open","sticky":false,"template":"","format":"standard","meta":[],"categories":[315,316],"tags":[],"_links":{"self":[{"href":"https:\/\/www.uta.cl\/index.php\/wp-json\/wp\/v2\/posts\/72340"}],"collection":[{"href":"https:\/\/www.uta.cl\/index.php\/wp-json\/wp\/v2\/posts"}],"about":[{"href":"https:\/\/www.uta.cl\/index.php\/wp-json\/wp\/v2\/types\/post"}],"author":[{"embeddable":true,"href":"https:\/\/www.uta.cl\/index.php\/wp-json\/wp\/v2\/users\/13"}],"replies":[{"embeddable":true,"href":"https:\/\/www.uta.cl\/index.php\/wp-json\/wp\/v2\/comments?post=72340"}],"version-history":[{"count":1,"href":"https:\/\/www.uta.cl\/index.php\/wp-json\/wp\/v2\/posts\/72340\/revisions"}],"predecessor-version":[{"id":72353,"href":"https:\/\/www.uta.cl\/index.php\/wp-json\/wp\/v2\/posts\/72340\/revisions\/72353"}],"wp:featuredmedia":[{"embeddable":true,"href":"https:\/\/www.uta.cl\/index.php\/wp-json\/wp\/v2\/media\/72351"}],"wp:attachment":[{"href":"https:\/\/www.uta.cl\/index.php\/wp-json\/wp\/v2\/media?parent=72340"}],"wp:term":[{"taxonomy":"category","embeddable":true,"href":"https:\/\/www.uta.cl\/index.php\/wp-json\/wp\/v2\/categories?post=72340"},{"taxonomy":"post_tag","embeddable":true,"href":"https:\/\/www.uta.cl\/index.php\/wp-json\/wp\/v2\/tags?post=72340"}],"curies":[{"name":"wp","href":"https:\/\/api.w.org\/{rel}","templated":true}]}}