{"id":72332,"date":"2026-03-09T09:01:00","date_gmt":"2026-03-09T09:01:00","guid":{"rendered":"https:\/\/www.uta.cl\/?p=72332"},"modified":"2026-03-10T00:20:08","modified_gmt":"2026-03-10T00:20:08","slug":"un-nuevo-hospital-clinico-de-alta-complejidad-es-el-proyecto-estrategico-prioritario-de-la-comision-arica-100","status":"publish","type":"post","link":"https:\/\/www.uta.cl\/index.php\/2026\/03\/09\/un-nuevo-hospital-clinico-de-alta-complejidad-es-el-proyecto-estrategico-prioritario-de-la-comision-arica-100\/","title":{"rendered":"Un nuevo Hospital Cl\u00ednico de Alta Complejidad es el proyecto estrat\u00e9gico prioritario de la Comisi\u00f3n Arica 100"},"content":{"rendered":"\n<div class=\"wp-block-image\"><figure class=\"aligncenter size-large is-resized\"><img loading=\"lazy\" src=\"https:\/\/www.uta.cl\/wp-content\/uploads\/2026\/03\/Arica-100-5-1024x682.jpg\" alt=\"\" class=\"wp-image-72334\" width=\"610\" height=\"406\" srcset=\"https:\/\/www.uta.cl\/wp-content\/uploads\/2026\/03\/Arica-100-5-1024x682.jpg 1024w, https:\/\/www.uta.cl\/wp-content\/uploads\/2026\/03\/Arica-100-5-300x200.jpg 300w, https:\/\/www.uta.cl\/wp-content\/uploads\/2026\/03\/Arica-100-5-768x512.jpg 768w, https:\/\/www.uta.cl\/wp-content\/uploads\/2026\/03\/Arica-100-5.jpg 1280w\" sizes=\"(max-width: 610px) 100vw, 610px\" \/><\/figure><\/div>\n\n\n\n<p>El Presidente de la Rep\u00fablica, Gabriel Boric Font, recibi\u00f3 este viernes el informe de la Comisi\u00f3n Asesora Presidencial \u201cArica 100\u201d, instancia creada para proponer pol\u00edticas, actividades, proyectos y obras orientadas a proyectar el desarrollo de la Regi\u00f3n de Arica y Parinacota de cara al centenario del Tratado de Lima que se firm\u00f3 el 3 de junio de 1929 y que se conmemorar\u00e1 en 2029.<\/p>\n\n\n\n<p>La principal propuesta de la Comisi\u00f3n Arica 100, presidida por el Dr. Emilio Rodr\u00edguez Ponce, es la construcci\u00f3n de un recinto hospitalario de alta complejidad con 700 camas y 15 pabellones, con distribuci\u00f3n expl\u00edcita de camas (incluyendo 146 de pacientes cr\u00edticos), boxes y urgencia. El proyecto considera, adem\u00e1s, la mantenci\u00f3n de infraestructura y adquisici\u00f3n\/mantenci\u00f3n\/reposici\u00f3n de equipamiento y mobiliario. En cuanto a la escala f\u00edsica del proyecto, se contempla un recinto de 140.000 m\u00b2 aproximadamente.<\/p>\n\n\n\n<p>Este hospital permitir\u00e1 la formaci\u00f3n de especialistas m\u00e9dicos, apuntando a resolver una de las necesidades m\u00e1s sentidas de la comunidad. La estimaci\u00f3n de costos que realiz\u00f3 la comisi\u00f3n corresponde a una inversi\u00f3n de USD 450 millones y debe ser realizado por el Ministerio Obras P\u00fablicas como una materia de Estado.<\/p>\n\n\n\n<p>La segunda prioridad reside en dotar a la regi\u00f3n de conectividad total terrestre, a\u00e9rea y portuaria. Lo que implica: la construcci\u00f3n de un corredor terrestre norte\u2013sur con altos est\u00e1ndares de seguridad y capaz de hacer frente a las interrupciones; incorporando la conectividad a\u00e9rea interregional garantizada, concibiendo a esta como una obligaci\u00f3n de servicios p\u00fablico, para lo que ser\u00e1 necesario establecer subsidios y frecuencias m\u00ednimas de vuelos; y conectividad terrestre macrozonal e intrarregional: La propuesta tambi\u00e9n postula la incorporaci\u00f3n de la alternativa de un camino costero entre Arica e Iquique, esto basado en estudios de prefactibilidad. La estimaci\u00f3n de costos m\u00ednimos que realiz\u00f3 la comisi\u00f3n corresponde a una inversi\u00f3n de m\u00e1s de USD 400 millones y tambi\u00e9n debe ser realizado por el Ministerio Obras P\u00fablicas como una materia de Estado.<\/p>\n\n\n\n<div class=\"wp-block-image\"><figure class=\"aligncenter size-large is-resized\"><img loading=\"lazy\" src=\"https:\/\/www.uta.cl\/wp-content\/uploads\/2026\/03\/Arica-100-5-1024x682.jpeg\" alt=\"\" class=\"wp-image-72336\" width=\"585\" height=\"389\" srcset=\"https:\/\/www.uta.cl\/wp-content\/uploads\/2026\/03\/Arica-100-5-1024x682.jpeg 1024w, https:\/\/www.uta.cl\/wp-content\/uploads\/2026\/03\/Arica-100-5-300x200.jpeg 300w, https:\/\/www.uta.cl\/wp-content\/uploads\/2026\/03\/Arica-100-5-768x512.jpeg 768w, https:\/\/www.uta.cl\/wp-content\/uploads\/2026\/03\/Arica-100-5.jpeg 1280w\" sizes=\"(max-width: 585px) 100vw, 585px\" \/><\/figure><\/div>\n\n\n\n<p>Otro tema cr\u00edtico que se expres\u00f3, refiere a la inseguridad h\u00eddrica de la regi\u00f3n y a la posibilidad de caer en racionamiento y encarecimiento del agua si no se adoptan medidas urgentes. Estas requieren: consolidar un plan h\u00eddrico; la construcci\u00f3n de nuevas fuentes; y responder a los requerimientos del altiplano y valle. Fuentes de la Comisi\u00f3n se\u00f1alan que la inversi\u00f3n necesaria es superior a los USD 250 millones.<\/p>\n\n\n\n<p>Tambi\u00e9n se postula la articulaci\u00f3n de un Centro Tecnol\u00f3gico, p\u00fablico-privado, que articule los esfuerzos de los colegios t\u00e9cnicos de ense\u00f1anza media, t\u00e9cnica superior y universitaria, en la perspectiva de generar una infraestructura aplicada de 10.000 m\u00b2, con laboratorios, certificaci\u00f3n, formaci\u00f3n continua y transferencia tecnol\u00f3gica.<\/p>\n\n\n\n<p>Finalmente se enfatiza la creaci\u00f3n de un Fondo Regional, como el existente en Magallanes, que permita subsidiar energ\u00eda el\u00e9ctrica y agua a los hogares de los primeros VI deciles y que subsidie transporte a\u00e9reo interregional. Adicionalmente, se contempla m\u00e1s de una decena de proyectos adicionales que est\u00e1n dentro de la cartera de inversiones sectoriales.<\/p>\n\n\n\n<p>Esta Comisi\u00f3n no surgi\u00f3 como una iniciativa Presidencial, sino como una iniciativa de los parlamentarios de la Regi\u00f3n, quienes la impulsaron con un importante apoyo del Ministerio Secretar\u00eda General de la Presidencia y con la participaci\u00f3n de los diferentes ministerios representados en la Comisi\u00f3n, as\u00ed como de la Universidad de Tarapac\u00e1.<\/p>\n\n\n\n<p>Durante su intervenci\u00f3n en el Palacio de Gobierno, el rector Rodr\u00edguez destac\u00f3 la presencia y participaci\u00f3n de los alcaldes, parlamentarios y autoridades regionales, se\u00f1alando que \u201cesta propuesta es una arquitectura estrat\u00e9gica que permite cambiar la inadecuada trayectoria de desarrollo que tiene la Regi\u00f3n\u201d.<\/p>\n\n\n\n<div class=\"wp-block-image\"><figure class=\"aligncenter size-large is-resized\"><img loading=\"lazy\" src=\"https:\/\/www.uta.cl\/wp-content\/uploads\/2026\/03\/IMG-20260306-WA0010-1024x683.jpg\" alt=\"\" class=\"wp-image-72337\" width=\"584\" height=\"389\" srcset=\"https:\/\/www.uta.cl\/wp-content\/uploads\/2026\/03\/IMG-20260306-WA0010-1024x683.jpg 1024w, https:\/\/www.uta.cl\/wp-content\/uploads\/2026\/03\/IMG-20260306-WA0010-300x200.jpg 300w, https:\/\/www.uta.cl\/wp-content\/uploads\/2026\/03\/IMG-20260306-WA0010-768x512.jpg 768w, https:\/\/www.uta.cl\/wp-content\/uploads\/2026\/03\/IMG-20260306-WA0010.jpg 1440w\" sizes=\"(max-width: 584px) 100vw, 584px\" \/><\/figure><\/div>\n\n\n\n<p>Asimismo, advirti\u00f3 que si no adoptan estas medidas la salud seguir\u00e1 dependiendo de Tacna, se tendr\u00e1 racionamiento h\u00eddrico en el mediano plazo y encarecimiento de las tarifas, ni tampoco se tendr\u00e1 la conectividad m\u00ednima necesaria, ni el capital humano requerido para enfrentar la sociedad del siglo XXI con posibilidades reales de \u00e9xito.<\/p>\n\n\n\n<p>El rector Rodr\u00edguez hizo ver que \u201cla continuidad de estas ideas depende de la unidad y cohesi\u00f3n, de la capacidad de liderazgo conjunto y de la visi\u00f3n e inteligencia estrat\u00e9gica, que tengan las autoridades de la regi\u00f3n. Conf\u00edo en que nuestros l\u00edderes pol\u00edticos sabr\u00e1n canalizar este trabajo\u201d e indic\u00f3 estar a disposici\u00f3n, para avanzar sobre la base de una perspectiva estrat\u00e9gica.<\/p>\n\n\n\n<p>Finaliz\u00f3 indicando que los procesos de planificaci\u00f3n detallada, propios del siglo pasado, requieren, en la era de la inteligencia artificial, una flexibilidad cognitiva que se traduzca en acci\u00f3n y por esto el enfoque del informe es desde la direcci\u00f3n estrat\u00e9gica, es decir, desde la toma de decisiones estrat\u00e9gicas. Si estos ejes se desarrollan, entonces la regi\u00f3n progresar\u00e1, en caso contrario, se continuar\u00e1 en una senda de rezago creciente con el resto del pa\u00eds y en una condici\u00f3n de evidente menoscabo.<\/p>\n","protected":false},"excerpt":{"rendered":"<p>La Comisi\u00f3n fue presidida por el rector de la Universidad de Tarapac\u00e1, Dr. Emilio Rodr\u00edguez, y estuvo encargada de proponer una hoja de ruta para el desarrollo de la Regi\u00f3n de Arica y Parinacota, con 19 medidas que abordan brechas en salud, conectividad, seguridad h\u00eddrica y desarrollo productivo.<\/p>\n","protected":false},"author":13,"featured_media":72334,"comment_status":"open","ping_status":"open","sticky":false,"template":"","format":"standard","meta":[],"categories":[315,316],"tags":[],"_links":{"self":[{"href":"https:\/\/www.uta.cl\/index.php\/wp-json\/wp\/v2\/posts\/72332"}],"collection":[{"href":"https:\/\/www.uta.cl\/index.php\/wp-json\/wp\/v2\/posts"}],"about":[{"href":"https:\/\/www.uta.cl\/index.php\/wp-json\/wp\/v2\/types\/post"}],"author":[{"embeddable":true,"href":"https:\/\/www.uta.cl\/index.php\/wp-json\/wp\/v2\/users\/13"}],"replies":[{"embeddable":true,"href":"https:\/\/www.uta.cl\/index.php\/wp-json\/wp\/v2\/comments?post=72332"}],"version-history":[{"count":2,"href":"https:\/\/www.uta.cl\/index.php\/wp-json\/wp\/v2\/posts\/72332\/revisions"}],"predecessor-version":[{"id":72339,"href":"https:\/\/www.uta.cl\/index.php\/wp-json\/wp\/v2\/posts\/72332\/revisions\/72339"}],"wp:featuredmedia":[{"embeddable":true,"href":"https:\/\/www.uta.cl\/index.php\/wp-json\/wp\/v2\/media\/72334"}],"wp:attachment":[{"href":"https:\/\/www.uta.cl\/index.php\/wp-json\/wp\/v2\/media?parent=72332"}],"wp:term":[{"taxonomy":"category","embeddable":true,"href":"https:\/\/www.uta.cl\/index.php\/wp-json\/wp\/v2\/categories?post=72332"},{"taxonomy":"post_tag","embeddable":true,"href":"https:\/\/www.uta.cl\/index.php\/wp-json\/wp\/v2\/tags?post=72332"}],"curies":[{"name":"wp","href":"https:\/\/api.w.org\/{rel}","templated":true}]}}