{"id":72175,"date":"2026-01-27T18:52:27","date_gmt":"2026-01-27T18:52:27","guid":{"rendered":"https:\/\/www.uta.cl\/?p=72175"},"modified":"2026-01-27T18:52:32","modified_gmt":"2026-01-27T18:52:32","slug":"utarapaca-fortalece-sus-procesos-de-aseguramiento-de-la-calidad-con-seminario-sobre-muestra-intencionada","status":"publish","type":"post","link":"https:\/\/www.uta.cl\/index.php\/2026\/01\/27\/utarapaca-fortalece-sus-procesos-de-aseguramiento-de-la-calidad-con-seminario-sobre-muestra-intencionada\/","title":{"rendered":"UTarapac\u00e1 fortalece sus procesos de aseguramiento de la calidad con seminario sobre muestra intencionada"},"content":{"rendered":"\n<div class=\"wp-block-image\"><figure class=\"aligncenter size-large is-resized\"><img loading=\"lazy\" src=\"https:\/\/www.uta.cl\/wp-content\/uploads\/2026\/01\/IMG_20260122_101432-1024x768.jpg\" alt=\"\" class=\"wp-image-72176\" width=\"625\" height=\"469\" srcset=\"https:\/\/www.uta.cl\/wp-content\/uploads\/2026\/01\/IMG_20260122_101432-1024x768.jpg 1024w, https:\/\/www.uta.cl\/wp-content\/uploads\/2026\/01\/IMG_20260122_101432-300x225.jpg 300w, https:\/\/www.uta.cl\/wp-content\/uploads\/2026\/01\/IMG_20260122_101432-768x576.jpg 768w, https:\/\/www.uta.cl\/wp-content\/uploads\/2026\/01\/IMG_20260122_101432-1536x1152.jpg 1536w, https:\/\/www.uta.cl\/wp-content\/uploads\/2026\/01\/IMG_20260122_101432-2048x1536.jpg 2048w\" sizes=\"(max-width: 625px) 100vw, 625px\" \/><\/figure><\/div>\n\n\n\n<p>El jueves 22 de enero, la Universidad de Tarapac\u00e1 realiz\u00f3 el seminario \u201cLa calidad como pr\u00e1ctica institucional\u201d en el Campus Vel\u00e1squez, una jornada organizada por la Direcci\u00f3n de Calidad Institucional (DCI), que reuni\u00f3 a directores de programas de postgrado, jefes de carrera, autoridades universitarias, acad\u00e9micos, funcionarios de gesti\u00f3n y expertos invitados, para fortalecer los procesos de aseguramiento de la calidad al interior de la casa de estudios.\u00a0<\/p>\n\n\n\n<p>\u201cLa calidad como pr\u00e1ctica institucional implica que nuestros valores, nuestros pensamientos, nuestras actitudes son coherentes justamente con la promesa de excelencia y con la certificaci\u00f3n de excelencia que tenemos en nuestro quehacer institucional, en docencia, en investigaci\u00f3n, en vinculaci\u00f3n con el medio, pero tambi\u00e9n desde la gesti\u00f3n cotidiana y desde el aseguramiento continuo\u201d, manifest\u00f3 la vicerrectora acad\u00e9mica, Dra. Jenniffer Peralta Montecinos, durante sus palabras inaugurales.&nbsp;<\/p>\n\n\n\n<div class=\"wp-block-image\"><figure class=\"aligncenter size-large is-resized\"><img loading=\"lazy\" src=\"https:\/\/www.uta.cl\/wp-content\/uploads\/2026\/01\/IMG_20260122_100955_1-1024x768.jpg\" alt=\"\" class=\"wp-image-72180\" width=\"484\" height=\"363\" srcset=\"https:\/\/www.uta.cl\/wp-content\/uploads\/2026\/01\/IMG_20260122_100955_1-1024x768.jpg 1024w, https:\/\/www.uta.cl\/wp-content\/uploads\/2026\/01\/IMG_20260122_100955_1-300x225.jpg 300w, https:\/\/www.uta.cl\/wp-content\/uploads\/2026\/01\/IMG_20260122_100955_1-768x576.jpg 768w, https:\/\/www.uta.cl\/wp-content\/uploads\/2026\/01\/IMG_20260122_100955_1-1536x1152.jpg 1536w, https:\/\/www.uta.cl\/wp-content\/uploads\/2026\/01\/IMG_20260122_100955_1-2048x1536.jpg 2048w\" sizes=\"(max-width: 484px) 100vw, 484px\" \/><\/figure><\/div>\n\n\n\n<p>Durante la jornada se abordaron los desaf\u00edos actuales del sistema de educaci\u00f3n superior y los nuevos criterios de evaluaci\u00f3n, poniendo \u00e9nfasis en la necesidad de consolidar capacidades internas, fortalecer los mecanismos de seguimiento y asegurar una implementaci\u00f3n efectiva de las pol\u00edticas institucionales en las distintas unidades acad\u00e9micas. En este marco, se relev\u00f3 la importancia de anticipar y preparar de manera articulada los procesos asociados a la futura acreditaci\u00f3n institucional.<\/p>\n\n\n\n<p>\u201cLa novedad cr\u00edtica de este procedimiento es que el resultado de nuestra pr\u00f3xima acreditaci\u00f3n depender\u00e1 de la capacidad de cada programa para demostrar, con evidencia tangible, que los mecanismos de aseguramiento de la calidad en cada una de las funciones misionales, docencia, investigaci\u00f3n, inclusi\u00f3n con el medio, etc. funcionan de manera transversal y equivalente en cada uno\u201d, explic\u00f3 el director DCI, Dr. Julio Labra\u00f1a Vargas.<\/p>\n\n\n\n<div class=\"wp-block-image\"><figure class=\"aligncenter size-large is-resized\"><img loading=\"lazy\" src=\"https:\/\/www.uta.cl\/wp-content\/uploads\/2026\/01\/IMG_20260122_101220-1024x768.jpg\" alt=\"\" class=\"wp-image-72179\" width=\"457\" height=\"343\" srcset=\"https:\/\/www.uta.cl\/wp-content\/uploads\/2026\/01\/IMG_20260122_101220-1024x768.jpg 1024w, https:\/\/www.uta.cl\/wp-content\/uploads\/2026\/01\/IMG_20260122_101220-300x225.jpg 300w, https:\/\/www.uta.cl\/wp-content\/uploads\/2026\/01\/IMG_20260122_101220-768x576.jpg 768w, https:\/\/www.uta.cl\/wp-content\/uploads\/2026\/01\/IMG_20260122_101220-1536x1152.jpg 1536w, https:\/\/www.uta.cl\/wp-content\/uploads\/2026\/01\/IMG_20260122_101220-2048x1536.jpg 2048w\" sizes=\"(max-width: 457px) 100vw, 457px\" \/><\/figure><\/div>\n\n\n\n<p>Los expertos invitados fueron el director de Promoci\u00f3n de la Calidad de la Educaci\u00f3n, perteneciente a la Comisi\u00f3n Nacional de Acreditaci\u00f3n (CNA), Dr. Daniel Casanova Cruz; el director de Desarrollo Acad\u00e9mico de la Universidad de Chile, Dr. Claudio Olea Azar; el director de Aseguramiento de la Calidad y An\u00e1lisis del Instituto Profesional Galdames, Mg. Jos\u00e9 Gonz\u00e1lez; y el consultor de Clarus Quality Assurance, German Greene.<\/p>\n\n\n\n<p>La primera charla fue \u201cEvaluaci\u00f3n de la muestra intencionada de carreras\u201d, realizada por Daniel Casanova, quien coment\u00f3 que el que una instituci\u00f3n \u201cfomente una cultura de calidad, y no solo una cultura de cumplimiento de regulaci\u00f3n externa, eso significa que la instituci\u00f3n funciona con criterios de calidad, con pol\u00edticas, con mecanismos, con independencia de si viene o no viene una acreditaci\u00f3n\u201d.<\/p>\n\n\n\n<div class=\"wp-block-image\"><figure class=\"aligncenter size-large is-resized\"><img loading=\"lazy\" src=\"https:\/\/www.uta.cl\/wp-content\/uploads\/2026\/01\/IMG_20260122_102216-1024x768.jpg\" alt=\"\" class=\"wp-image-72178\" width=\"488\" height=\"366\" srcset=\"https:\/\/www.uta.cl\/wp-content\/uploads\/2026\/01\/IMG_20260122_102216-1024x768.jpg 1024w, https:\/\/www.uta.cl\/wp-content\/uploads\/2026\/01\/IMG_20260122_102216-300x225.jpg 300w, https:\/\/www.uta.cl\/wp-content\/uploads\/2026\/01\/IMG_20260122_102216-768x576.jpg 768w, https:\/\/www.uta.cl\/wp-content\/uploads\/2026\/01\/IMG_20260122_102216-1536x1152.jpg 1536w, https:\/\/www.uta.cl\/wp-content\/uploads\/2026\/01\/IMG_20260122_102216-2048x1536.jpg 2048w\" sizes=\"(max-width: 488px) 100vw, 488px\" \/><\/figure><\/div>\n\n\n\n<p>\u201cEsa ser\u00eda la calidad convertida en una cultura. Y yo creo que instituciones como esta, sin duda, ya la tienen, pero siempre hay oportunidad para cuidarlo y mejorarlo\u201d, agreg\u00f3. Asimismo mencion\u00f3 que \u201clas instituciones como la Universidad de Tarapac\u00e1 est\u00e1n en un contexto que tiene desaf\u00edos y ese mismo contexto significa una una oportunidad de una pertinencia m\u00e1s aguda, de lo que pueden tener otras instituciones m\u00e1s metropolitanas\u201d.<\/p>\n\n\n\n<p>En ese marco, la Dra. Katherine Acosta, coordinadora de DCI, destac\u00f3 que este tipo de instancias constituyen un hito relevante para consolidar una mirada compartida sobre la calidad como un proceso vivo y situado: \u201cNo se trata solo de responder a exigencias externas, sino de fortalecer una forma de trabajo institucional que permita a cada unidad comprender su rol, anticiparse a los desaf\u00edos y tomar decisiones informadas, coherentes con nuestro proyecto universitario y con el territorio en el que estamos insertos\u201d.<\/p>\n\n\n\n<div class=\"wp-block-image\"><figure class=\"aligncenter size-large is-resized\"><img loading=\"lazy\" src=\"https:\/\/www.uta.cl\/wp-content\/uploads\/2026\/01\/IMG_20260122_161908-1024x768.jpg\" alt=\"\" class=\"wp-image-72177\" width=\"486\" height=\"365\" srcset=\"https:\/\/www.uta.cl\/wp-content\/uploads\/2026\/01\/IMG_20260122_161908-1024x768.jpg 1024w, https:\/\/www.uta.cl\/wp-content\/uploads\/2026\/01\/IMG_20260122_161908-300x225.jpg 300w, https:\/\/www.uta.cl\/wp-content\/uploads\/2026\/01\/IMG_20260122_161908-768x576.jpg 768w, https:\/\/www.uta.cl\/wp-content\/uploads\/2026\/01\/IMG_20260122_161908-1536x1152.jpg 1536w, https:\/\/www.uta.cl\/wp-content\/uploads\/2026\/01\/IMG_20260122_161908-2048x1536.jpg 2048w\" sizes=\"(max-width: 486px) 100vw, 486px\" \/><\/figure><\/div>\n","protected":false},"excerpt":{"rendered":"<p>\u201cLa calidad como pr\u00e1ctica institucional implica que nuestros valores, nuestros pensamientos, nuestras actitudes son coherentes justamente con la promesa de excelencia y con la certificaci\u00f3n de excelencia que tenemos en nuestro quehacer institucional\u201d, coment\u00f3 la vicerrectora acad\u00e9mica, Dra. Jenniffer Peralta, durante su inauguraci\u00f3n.<\/p>\n","protected":false},"author":13,"featured_media":72176,"comment_status":"open","ping_status":"open","sticky":false,"template":"","format":"standard","meta":[],"categories":[316,51],"tags":[],"_links":{"self":[{"href":"https:\/\/www.uta.cl\/index.php\/wp-json\/wp\/v2\/posts\/72175"}],"collection":[{"href":"https:\/\/www.uta.cl\/index.php\/wp-json\/wp\/v2\/posts"}],"about":[{"href":"https:\/\/www.uta.cl\/index.php\/wp-json\/wp\/v2\/types\/post"}],"author":[{"embeddable":true,"href":"https:\/\/www.uta.cl\/index.php\/wp-json\/wp\/v2\/users\/13"}],"replies":[{"embeddable":true,"href":"https:\/\/www.uta.cl\/index.php\/wp-json\/wp\/v2\/comments?post=72175"}],"version-history":[{"count":1,"href":"https:\/\/www.uta.cl\/index.php\/wp-json\/wp\/v2\/posts\/72175\/revisions"}],"predecessor-version":[{"id":72181,"href":"https:\/\/www.uta.cl\/index.php\/wp-json\/wp\/v2\/posts\/72175\/revisions\/72181"}],"wp:featuredmedia":[{"embeddable":true,"href":"https:\/\/www.uta.cl\/index.php\/wp-json\/wp\/v2\/media\/72176"}],"wp:attachment":[{"href":"https:\/\/www.uta.cl\/index.php\/wp-json\/wp\/v2\/media?parent=72175"}],"wp:term":[{"taxonomy":"category","embeddable":true,"href":"https:\/\/www.uta.cl\/index.php\/wp-json\/wp\/v2\/categories?post=72175"},{"taxonomy":"post_tag","embeddable":true,"href":"https:\/\/www.uta.cl\/index.php\/wp-json\/wp\/v2\/tags?post=72175"}],"curies":[{"name":"wp","href":"https:\/\/api.w.org\/{rel}","templated":true}]}}