{"id":72051,"date":"2026-01-21T22:35:33","date_gmt":"2026-01-21T22:35:33","guid":{"rendered":"https:\/\/www.uta.cl\/?p=72051"},"modified":"2026-01-21T22:35:40","modified_gmt":"2026-01-21T22:35:40","slug":"equidad-como-estandar-de-calidad-utarapaca-lanza-guia-practica-de-enfoque-de-genero-para-la-docencia","status":"publish","type":"post","link":"https:\/\/www.uta.cl\/index.php\/2026\/01\/21\/equidad-como-estandar-de-calidad-utarapaca-lanza-guia-practica-de-enfoque-de-genero-para-la-docencia\/","title":{"rendered":"Equidad como est\u00e1ndar de calidad: UTarapac\u00e1 lanza gu\u00eda pr\u00e1ctica de enfoque de g\u00e9nero para la docencia"},"content":{"rendered":"\n<div class=\"wp-block-image\"><figure class=\"aligncenter size-large is-resized\"><img loading=\"lazy\" src=\"https:\/\/www.uta.cl\/wp-content\/uploads\/2026\/01\/Foto-central-7-1024x761.jpg\" alt=\"\" class=\"wp-image-72054\" width=\"573\" height=\"426\" srcset=\"https:\/\/www.uta.cl\/wp-content\/uploads\/2026\/01\/Foto-central-7-1024x761.jpg 1024w, https:\/\/www.uta.cl\/wp-content\/uploads\/2026\/01\/Foto-central-7-300x223.jpg 300w, https:\/\/www.uta.cl\/wp-content\/uploads\/2026\/01\/Foto-central-7-768x571.jpg 768w, https:\/\/www.uta.cl\/wp-content\/uploads\/2026\/01\/Foto-central-7-1536x1141.jpg 1536w, https:\/\/www.uta.cl\/wp-content\/uploads\/2026\/01\/Foto-central-7-2048x1522.jpg 2048w\" sizes=\"(max-width: 573px) 100vw, 573px\" \/><\/figure><\/div>\n\n\n\n<p>\u201cLa calidad sin equidad no es calidad. El enfoque de g\u00e9nero es una de las dimensiones que nos interesa promover, junto con la interculturalidad, el acceso a oportunidades y la inclusi\u00f3n; toda vez que plantea elementos que nos permiten actuar desde el reconocimiento del otro, como leg\u00edtimo otro en la relaci\u00f3n, ya sea en un v\u00ednculo de formaci\u00f3n, en un v\u00ednculo laboral, en un v\u00ednculo entre personas\u201d, afirm\u00f3 la vicerrectora acad\u00e9mica de la Universidad de Tarapac\u00e1, Dra. Jenniffer Peralta Montecinos, quien escribi\u00f3 la rese\u00f1a del libro.<\/p>\n\n\n\n<p>El lanzamiento del libro \u201cEnfoque de g\u00e9nero: Una gu\u00eda pr\u00e1ctica para la docencia\u201d (RIL editores), se realiz\u00f3 desde la \u201cX Escuela de Verano en Metodolog\u00edas Cualitativas para la Transformaci\u00f3n Social en Zonas Fronterizas\u201d, actividad de divulgaci\u00f3n cient\u00edfica desarrollada en el marco del proyecto Fondecyt Regular N\u00b01221330 \u201cEducaci\u00f3n a distancia, curr\u00edculo intercultural y TICs en tiempos de COVID-19 en ense\u00f1anza b\u00e1sica y media en escuelas rurales en la frontera norte de Chile\u201d.<\/p>\n\n\n\n<p>Se trata de un texto pensado para docentes de distintas disciplinas, que ofrece orientaciones concretas para integrar la perspectiva de g\u00e9nero en la pr\u00e1ctica educativa. El libro es un trabajo colectivo que cont\u00f3 con la participaci\u00f3n de socias investigadoras de todo el pa\u00eds a trav\u00e9s de la Red de Investigadoras (RedI) y que fue coeditado por las doctoras, Yasna Godoy Henr\u00edquez y Adriana Bast\u00edas Barrientos.<\/p>\n\n\n\n<p>La RedI es una asociaci\u00f3n chilena que busca visibilizar, fortalecer y articular el trabajo de mujeres cient\u00edficas y acad\u00e9micas en Chile. Adriana Bast\u00edas explic\u00f3 que \u201csabemos que existen distintas brechas de g\u00e9nero a lo largo de las carreras ciertas educativas o de la formaci\u00f3n. La idea era generar algo pr\u00e1ctico que estuviera asociado al curr\u00edculum escolar de segundo ciclo b\u00e1sico y que fuese un aporte concreto para que distintas y distintos docentes pudiesen tomarlo y aplicarlo directamente en sus aulas\u201d.<\/p>\n\n\n\n<div class=\"wp-block-image\"><figure class=\"aligncenter size-large is-resized\"><img loading=\"lazy\" src=\"https:\/\/www.uta.cl\/wp-content\/uploads\/2026\/01\/Academicas-1024x768.jpg\" alt=\"\" class=\"wp-image-72053\" width=\"513\" height=\"385\" srcset=\"https:\/\/www.uta.cl\/wp-content\/uploads\/2026\/01\/Academicas-1024x768.jpg 1024w, https:\/\/www.uta.cl\/wp-content\/uploads\/2026\/01\/Academicas-300x225.jpg 300w, https:\/\/www.uta.cl\/wp-content\/uploads\/2026\/01\/Academicas-768x576.jpg 768w, https:\/\/www.uta.cl\/wp-content\/uploads\/2026\/01\/Academicas-1536x1152.jpg 1536w, https:\/\/www.uta.cl\/wp-content\/uploads\/2026\/01\/Academicas-2048x1536.jpg 2048w\" sizes=\"(max-width: 513px) 100vw, 513px\" \/><\/figure><\/div>\n\n\n\n<p>Paralelo a la actividad, la UTA estaba siendo anfitriona del Consejo de Rectoras y Rectores de las Universidades Chilenas (CRUCH), ocasi\u00f3n que permiti\u00f3 contar con la participaci\u00f3n y comentario de la rectora de la Universidad Tecnol\u00f3gica Metropolitana (UTEM), Dra. Marisol Dur\u00e1n Santis.<\/p>\n\n\n\n<p>\u201cCuando hablamos de calidad en la educaci\u00f3n, no podemos relacionarla solo con indicadores que son m\u00e1s bien te\u00f3ricos, sino que debe estar vinculada con el enfoque de g\u00e9nero. La calidad en la educaci\u00f3n no va a llegar a ser en su totalidad, si nosotros no incorporamos el enfoque de g\u00e9nero, como habla el libro, en los espacios educativos, en el curr\u00edculo y en el rol del docente\u201d, dijo Dur\u00e1n.<\/p>\n\n\n\n<p>\u201cQuiz\u00e1s, hoy d\u00eda, cuando no estamos colocando perspectiva de g\u00e9nero, nos estamos privando de futuras cient\u00edficas, de investigadoras que puedan desarrollarse en el \u00e1rea de STEM, por ejemplo. Que solamente con modificaciones en el curr\u00edculum podr\u00edamos potenciar las competencias que ellas pudiesen tener\u201d, profundiz\u00f3 la rectora.&nbsp;<\/p>\n\n\n\n<p>En ese sentido, la vicerrectora Jenniffer Peralta enfatiz\u00f3 que \u201cnuestra Universidad de Tarapac\u00e1 es una comunidad de personas que, desde los diferentes roles y en conjunto cumplimos una misi\u00f3n educativa y cient\u00edfica aportando al desarrollo del territorio. La calidad y la equidad son un binomio que es poderoso si somos capaces de abordarlo, de vivirlo y de proyectarlo en el quehacer acad\u00e9mico con sentido de lo humano\u201d.<\/p>\n\n\n\n<div class=\"wp-block-image\"><figure class=\"aligncenter size-large is-resized\"><img loading=\"lazy\" src=\"https:\/\/www.uta.cl\/wp-content\/uploads\/2026\/01\/Escuela-de-veranoautoridadesrectoras-y-rectores-1024x768.jpg\" alt=\"\" class=\"wp-image-72052\" width=\"529\" height=\"396\" srcset=\"https:\/\/www.uta.cl\/wp-content\/uploads\/2026\/01\/Escuela-de-veranoautoridadesrectoras-y-rectores-1024x768.jpg 1024w, https:\/\/www.uta.cl\/wp-content\/uploads\/2026\/01\/Escuela-de-veranoautoridadesrectoras-y-rectores-300x225.jpg 300w, https:\/\/www.uta.cl\/wp-content\/uploads\/2026\/01\/Escuela-de-veranoautoridadesrectoras-y-rectores-768x576.jpg 768w, https:\/\/www.uta.cl\/wp-content\/uploads\/2026\/01\/Escuela-de-veranoautoridadesrectoras-y-rectores-1536x1152.jpg 1536w, https:\/\/www.uta.cl\/wp-content\/uploads\/2026\/01\/Escuela-de-veranoautoridadesrectoras-y-rectores-2048x1537.jpg 2048w\" sizes=\"(max-width: 529px) 100vw, 529px\" \/><\/figure><\/div>\n","protected":false},"excerpt":{"rendered":"<p>Se trata de un texto pensado para docentes de distintas disciplinas, que ofrece orientaciones concretas para integrar la perspectiva de g\u00e9nero en la pr\u00e1ctica educativa.<\/p>\n","protected":false},"author":13,"featured_media":72054,"comment_status":"open","ping_status":"open","sticky":false,"template":"","format":"standard","meta":[],"categories":[316,51],"tags":[],"_links":{"self":[{"href":"https:\/\/www.uta.cl\/index.php\/wp-json\/wp\/v2\/posts\/72051"}],"collection":[{"href":"https:\/\/www.uta.cl\/index.php\/wp-json\/wp\/v2\/posts"}],"about":[{"href":"https:\/\/www.uta.cl\/index.php\/wp-json\/wp\/v2\/types\/post"}],"author":[{"embeddable":true,"href":"https:\/\/www.uta.cl\/index.php\/wp-json\/wp\/v2\/users\/13"}],"replies":[{"embeddable":true,"href":"https:\/\/www.uta.cl\/index.php\/wp-json\/wp\/v2\/comments?post=72051"}],"version-history":[{"count":1,"href":"https:\/\/www.uta.cl\/index.php\/wp-json\/wp\/v2\/posts\/72051\/revisions"}],"predecessor-version":[{"id":72055,"href":"https:\/\/www.uta.cl\/index.php\/wp-json\/wp\/v2\/posts\/72051\/revisions\/72055"}],"wp:featuredmedia":[{"embeddable":true,"href":"https:\/\/www.uta.cl\/index.php\/wp-json\/wp\/v2\/media\/72054"}],"wp:attachment":[{"href":"https:\/\/www.uta.cl\/index.php\/wp-json\/wp\/v2\/media?parent=72051"}],"wp:term":[{"taxonomy":"category","embeddable":true,"href":"https:\/\/www.uta.cl\/index.php\/wp-json\/wp\/v2\/categories?post=72051"},{"taxonomy":"post_tag","embeddable":true,"href":"https:\/\/www.uta.cl\/index.php\/wp-json\/wp\/v2\/tags?post=72051"}],"curies":[{"name":"wp","href":"https:\/\/api.w.org\/{rel}","templated":true}]}}