{"id":71953,"date":"2026-01-13T14:29:08","date_gmt":"2026-01-13T14:29:08","guid":{"rendered":"https:\/\/www.uta.cl\/?p=71953"},"modified":"2026-01-14T19:38:51","modified_gmt":"2026-01-14T19:38:51","slug":"universidad-de-tarapaca-certifica-a-participantes-del-programa-mujer-participacion-politica-y-social-2025","status":"publish","type":"post","link":"https:\/\/www.uta.cl\/index.php\/2026\/01\/13\/universidad-de-tarapaca-certifica-a-participantes-del-programa-mujer-participacion-politica-y-social-2025\/","title":{"rendered":"Universidad de Tarapac\u00e1 certifica a participantes del programa \u201cMujer, Participaci\u00f3n Pol\u00edtica y Social 2025\u201d"},"content":{"rendered":"\n<p>Con el prop\u00f3sito de fortalecer el liderazgo femenino, la participaci\u00f3n social y la incidencia territorial de las&nbsp;mujeres, la Universidad de Tarapac\u00e1, en conjunto con el Servicio Nacional de la Mujer y la Equidad de G\u00e9nero (SernamEG), realiz\u00f3 la ceremonia de cierre y certificaci\u00f3n del programa \u201cMujer, Participaci\u00f3n Pol\u00edtica y Social (MPPyS) 2025\u201d, correspondiente a la Regi\u00f3n de Arica y Parinacota.<\/p>\n\n\n\n<p>La actividad realizada el 20 de diciembre en dependencias del Hotel Novotel de Arica, constituy\u00f3 el hito final de un proceso formativo ejecutado durante el a\u00f1o 2025. En la instancia, se reconoci\u00f3 a las participantes que cursaron y aprobaron los tres componentes del programa, destacando su compromiso, trayectoria y el fortalecimiento de sus capacidades de liderazgo y participaci\u00f3n social desde un enfoque de g\u00e9nero y derechos humanos.<\/p>\n\n\n\n<p>La jornada cont\u00f3 con la participaci\u00f3n de autoridades regionales y universitarias, entre ellas Camila Roberts Az\u00f3car, directora Regional de SernamEG, y Jacqueline Godoy Contreras, directora de la Direcci\u00f3n de Equidad y G\u00e9nero (DEyGEN) de la Universidad de Tarapac\u00e1, quienes relevaron la importancia de impulsar pol\u00edticas p\u00fablicas y programas formativos que contribuyan de manera efectiva a la participaci\u00f3n activa de las&nbsp;mujeres&nbsp;en los espacios sociales, comunitarios y pol\u00edticos del territorio.<\/p>\n\n\n\n<p>Durante la ceremonia, una de las participantes comparti\u00f3 un testimonio que permiti\u00f3 visibilizar el proceso vivido, los aprendizajes adquiridos y el impacto del programa en su desarrollo personal y comunitario, dando cuenta del car\u00e1cter transformador de esta experiencia formativa y del valor de generar espacios institucionales de fortalecimiento del liderazgo femenino a nivel regional.<\/p>\n\n\n\n<p>El eje central de la jornada estuvo marcado por el conversatorio \u201cMujeres, poder y espacio p\u00fablico: desaf\u00edos para la democracia contempor\u00e1nea\u201d, a cargo de la destacada periodista Alejandra Matus Acu\u00f1a, reconocida por su trayectoria en el periodismo de investigaci\u00f3n y por su obra \u201cEl libro negro de la justicia chilena\u201d, la cual ha contribuido de manera significativa al debate p\u00fablico sobre institucionalidad, transparencia y democracia en el pa\u00eds. Su intervenci\u00f3n invit\u00f3 a reflexionar cr\u00edticamente sobre el rol de las&nbsp;mujeres&nbsp;en los espacios de poder, los desaf\u00edos actuales de la democracia y la necesidad de fortalecer liderazgos femeninos con incidencia p\u00fablica y territorial.<\/p>\n\n\n\n<p>Posteriormente, se llev\u00f3 a cabo la ceremonia de certificaci\u00f3n, acto solemne que simboliz\u00f3 el cierre formal del proceso formativo y el reconocimiento institucional al esfuerzo, dedicaci\u00f3n y compromiso de m\u00e1s de 40&nbsp;mujeres&nbsp;que culminaron exitosamente el programa, consolid\u00e1ndose como actoras relevantes en sus comunidades y territorios.<\/p>\n\n\n\n<p>El programa \u201cMujer, Participaci\u00f3n Pol\u00edtica y Social\u201d es una iniciativa impulsada por SernamEG y ejecutada por la Universidad de Tarapac\u00e1, orientada a fortalecer las capacidades de liderazgo, participaci\u00f3n social e incidencia territorial de\u00a0mujeres, mediante un proceso formativo con enfoque de g\u00e9nero y derechos humanos, contribuyendo de manera concreta a la construcci\u00f3n de comunidades m\u00e1s inclusivas, equitativas y democr\u00e1ticas.<\/p>\n\n\n\n<figure class=\"wp-block-gallery columns-3 is-cropped\"><ul class=\"blocks-gallery-grid\"><li class=\"blocks-gallery-item\"><figure><a href=\"https:\/\/www.uta.cl\/wp-content\/uploads\/2026\/01\/WhatsApp-Image-2025-12-23-at-12.41.02.jpeg\"><img loading=\"lazy\" width=\"1024\" height=\"768\" src=\"https:\/\/www.uta.cl\/wp-content\/uploads\/2026\/01\/WhatsApp-Image-2025-12-23-at-12.41.02-1024x768.jpeg\" alt=\"\" data-id=\"71954\" data-full-url=\"https:\/\/www.uta.cl\/wp-content\/uploads\/2026\/01\/WhatsApp-Image-2025-12-23-at-12.41.02.jpeg\" data-link=\"https:\/\/www.uta.cl\/?attachment_id=71954\" class=\"wp-image-71954\" srcset=\"https:\/\/www.uta.cl\/wp-content\/uploads\/2026\/01\/WhatsApp-Image-2025-12-23-at-12.41.02-1024x768.jpeg 1024w, https:\/\/www.uta.cl\/wp-content\/uploads\/2026\/01\/WhatsApp-Image-2025-12-23-at-12.41.02-300x225.jpeg 300w, https:\/\/www.uta.cl\/wp-content\/uploads\/2026\/01\/WhatsApp-Image-2025-12-23-at-12.41.02-768x576.jpeg 768w, https:\/\/www.uta.cl\/wp-content\/uploads\/2026\/01\/WhatsApp-Image-2025-12-23-at-12.41.02-1536x1152.jpeg 1536w, https:\/\/www.uta.cl\/wp-content\/uploads\/2026\/01\/WhatsApp-Image-2025-12-23-at-12.41.02.jpeg 1600w\" sizes=\"(max-width: 1024px) 100vw, 1024px\" \/><\/a><\/figure><\/li><li class=\"blocks-gallery-item\"><figure><a href=\"https:\/\/www.uta.cl\/wp-content\/uploads\/2026\/01\/WhatsApp-Image-2025-12-23-at-12.41.021.jpeg\"><img loading=\"lazy\" width=\"1024\" height=\"768\" src=\"https:\/\/www.uta.cl\/wp-content\/uploads\/2026\/01\/WhatsApp-Image-2025-12-23-at-12.41.021-1024x768.jpeg\" alt=\"\" data-id=\"71955\" data-full-url=\"https:\/\/www.uta.cl\/wp-content\/uploads\/2026\/01\/WhatsApp-Image-2025-12-23-at-12.41.021.jpeg\" data-link=\"https:\/\/www.uta.cl\/?attachment_id=71955\" class=\"wp-image-71955\" srcset=\"https:\/\/www.uta.cl\/wp-content\/uploads\/2026\/01\/WhatsApp-Image-2025-12-23-at-12.41.021-1024x768.jpeg 1024w, https:\/\/www.uta.cl\/wp-content\/uploads\/2026\/01\/WhatsApp-Image-2025-12-23-at-12.41.021-300x225.jpeg 300w, https:\/\/www.uta.cl\/wp-content\/uploads\/2026\/01\/WhatsApp-Image-2025-12-23-at-12.41.021-768x576.jpeg 768w, https:\/\/www.uta.cl\/wp-content\/uploads\/2026\/01\/WhatsApp-Image-2025-12-23-at-12.41.021-1536x1152.jpeg 1536w, https:\/\/www.uta.cl\/wp-content\/uploads\/2026\/01\/WhatsApp-Image-2025-12-23-at-12.41.021.jpeg 1600w\" sizes=\"(max-width: 1024px) 100vw, 1024px\" \/><\/a><\/figure><\/li><li class=\"blocks-gallery-item\"><figure><a href=\"https:\/\/www.uta.cl\/wp-content\/uploads\/2026\/01\/WhatsApp-Image-2025-12-23-at-12.41.03.jpeg\"><img loading=\"lazy\" width=\"1024\" height=\"768\" src=\"https:\/\/www.uta.cl\/wp-content\/uploads\/2026\/01\/WhatsApp-Image-2025-12-23-at-12.41.03-1024x768.jpeg\" alt=\"\" data-id=\"71956\" data-full-url=\"https:\/\/www.uta.cl\/wp-content\/uploads\/2026\/01\/WhatsApp-Image-2025-12-23-at-12.41.03.jpeg\" data-link=\"https:\/\/www.uta.cl\/?attachment_id=71956\" class=\"wp-image-71956\" srcset=\"https:\/\/www.uta.cl\/wp-content\/uploads\/2026\/01\/WhatsApp-Image-2025-12-23-at-12.41.03-1024x768.jpeg 1024w, https:\/\/www.uta.cl\/wp-content\/uploads\/2026\/01\/WhatsApp-Image-2025-12-23-at-12.41.03-300x225.jpeg 300w, https:\/\/www.uta.cl\/wp-content\/uploads\/2026\/01\/WhatsApp-Image-2025-12-23-at-12.41.03-768x576.jpeg 768w, https:\/\/www.uta.cl\/wp-content\/uploads\/2026\/01\/WhatsApp-Image-2025-12-23-at-12.41.03-1536x1152.jpeg 1536w, https:\/\/www.uta.cl\/wp-content\/uploads\/2026\/01\/WhatsApp-Image-2025-12-23-at-12.41.03.jpeg 1600w\" sizes=\"(max-width: 1024px) 100vw, 1024px\" \/><\/a><\/figure><\/li><li class=\"blocks-gallery-item\"><figure><a href=\"https:\/\/www.uta.cl\/wp-content\/uploads\/2026\/01\/WhatsApp-Image-2025-12-23-at-12.41.05.jpeg\"><img loading=\"lazy\" width=\"1024\" height=\"768\" src=\"https:\/\/www.uta.cl\/wp-content\/uploads\/2026\/01\/WhatsApp-Image-2025-12-23-at-12.41.05-1024x768.jpeg\" alt=\"\" data-id=\"71957\" data-full-url=\"https:\/\/www.uta.cl\/wp-content\/uploads\/2026\/01\/WhatsApp-Image-2025-12-23-at-12.41.05.jpeg\" data-link=\"https:\/\/www.uta.cl\/?attachment_id=71957\" class=\"wp-image-71957\" srcset=\"https:\/\/www.uta.cl\/wp-content\/uploads\/2026\/01\/WhatsApp-Image-2025-12-23-at-12.41.05-1024x768.jpeg 1024w, https:\/\/www.uta.cl\/wp-content\/uploads\/2026\/01\/WhatsApp-Image-2025-12-23-at-12.41.05-300x225.jpeg 300w, https:\/\/www.uta.cl\/wp-content\/uploads\/2026\/01\/WhatsApp-Image-2025-12-23-at-12.41.05-768x576.jpeg 768w, https:\/\/www.uta.cl\/wp-content\/uploads\/2026\/01\/WhatsApp-Image-2025-12-23-at-12.41.05-1536x1152.jpeg 1536w, https:\/\/www.uta.cl\/wp-content\/uploads\/2026\/01\/WhatsApp-Image-2025-12-23-at-12.41.05.jpeg 1600w\" sizes=\"(max-width: 1024px) 100vw, 1024px\" \/><\/a><\/figure><\/li><li class=\"blocks-gallery-item\"><figure><a href=\"https:\/\/www.uta.cl\/wp-content\/uploads\/2026\/01\/WhatsApp-Image-2025-12-23-at-12.41.051.jpeg\"><img loading=\"lazy\" width=\"1024\" height=\"768\" src=\"https:\/\/www.uta.cl\/wp-content\/uploads\/2026\/01\/WhatsApp-Image-2025-12-23-at-12.41.051-1024x768.jpeg\" alt=\"\" data-id=\"71958\" data-full-url=\"https:\/\/www.uta.cl\/wp-content\/uploads\/2026\/01\/WhatsApp-Image-2025-12-23-at-12.41.051.jpeg\" data-link=\"https:\/\/www.uta.cl\/?attachment_id=71958\" class=\"wp-image-71958\" srcset=\"https:\/\/www.uta.cl\/wp-content\/uploads\/2026\/01\/WhatsApp-Image-2025-12-23-at-12.41.051-1024x768.jpeg 1024w, https:\/\/www.uta.cl\/wp-content\/uploads\/2026\/01\/WhatsApp-Image-2025-12-23-at-12.41.051-300x225.jpeg 300w, https:\/\/www.uta.cl\/wp-content\/uploads\/2026\/01\/WhatsApp-Image-2025-12-23-at-12.41.051-768x576.jpeg 768w, https:\/\/www.uta.cl\/wp-content\/uploads\/2026\/01\/WhatsApp-Image-2025-12-23-at-12.41.051-1536x1152.jpeg 1536w, https:\/\/www.uta.cl\/wp-content\/uploads\/2026\/01\/WhatsApp-Image-2025-12-23-at-12.41.051.jpeg 1600w\" sizes=\"(max-width: 1024px) 100vw, 1024px\" \/><\/a><\/figure><\/li><li class=\"blocks-gallery-item\"><figure><a href=\"https:\/\/www.uta.cl\/wp-content\/uploads\/2026\/01\/WhatsApp-Image-2025-12-23-at-12.41.052.jpeg\"><img loading=\"lazy\" width=\"1024\" height=\"768\" src=\"https:\/\/www.uta.cl\/wp-content\/uploads\/2026\/01\/WhatsApp-Image-2025-12-23-at-12.41.052-1024x768.jpeg\" alt=\"\" data-id=\"71959\" data-full-url=\"https:\/\/www.uta.cl\/wp-content\/uploads\/2026\/01\/WhatsApp-Image-2025-12-23-at-12.41.052.jpeg\" data-link=\"https:\/\/www.uta.cl\/?attachment_id=71959\" class=\"wp-image-71959\" srcset=\"https:\/\/www.uta.cl\/wp-content\/uploads\/2026\/01\/WhatsApp-Image-2025-12-23-at-12.41.052-1024x768.jpeg 1024w, https:\/\/www.uta.cl\/wp-content\/uploads\/2026\/01\/WhatsApp-Image-2025-12-23-at-12.41.052-300x225.jpeg 300w, https:\/\/www.uta.cl\/wp-content\/uploads\/2026\/01\/WhatsApp-Image-2025-12-23-at-12.41.052-768x576.jpeg 768w, https:\/\/www.uta.cl\/wp-content\/uploads\/2026\/01\/WhatsApp-Image-2025-12-23-at-12.41.052-1536x1152.jpeg 1536w, https:\/\/www.uta.cl\/wp-content\/uploads\/2026\/01\/WhatsApp-Image-2025-12-23-at-12.41.052.jpeg 1600w\" sizes=\"(max-width: 1024px) 100vw, 1024px\" \/><\/a><\/figure><\/li><li class=\"blocks-gallery-item\"><figure><a href=\"https:\/\/www.uta.cl\/wp-content\/uploads\/2026\/01\/WhatsApp-Image-2025-12-23-at-12.41.06.jpeg\"><img loading=\"lazy\" width=\"1024\" height=\"768\" src=\"https:\/\/www.uta.cl\/wp-content\/uploads\/2026\/01\/WhatsApp-Image-2025-12-23-at-12.41.06-1024x768.jpeg\" alt=\"\" data-id=\"71960\" data-full-url=\"https:\/\/www.uta.cl\/wp-content\/uploads\/2026\/01\/WhatsApp-Image-2025-12-23-at-12.41.06.jpeg\" data-link=\"https:\/\/www.uta.cl\/?attachment_id=71960\" class=\"wp-image-71960\" srcset=\"https:\/\/www.uta.cl\/wp-content\/uploads\/2026\/01\/WhatsApp-Image-2025-12-23-at-12.41.06-1024x768.jpeg 1024w, https:\/\/www.uta.cl\/wp-content\/uploads\/2026\/01\/WhatsApp-Image-2025-12-23-at-12.41.06-300x225.jpeg 300w, https:\/\/www.uta.cl\/wp-content\/uploads\/2026\/01\/WhatsApp-Image-2025-12-23-at-12.41.06-768x576.jpeg 768w, https:\/\/www.uta.cl\/wp-content\/uploads\/2026\/01\/WhatsApp-Image-2025-12-23-at-12.41.06-1536x1152.jpeg 1536w, https:\/\/www.uta.cl\/wp-content\/uploads\/2026\/01\/WhatsApp-Image-2025-12-23-at-12.41.06.jpeg 1600w\" sizes=\"(max-width: 1024px) 100vw, 1024px\" \/><\/a><\/figure><\/li><li class=\"blocks-gallery-item\"><figure><a href=\"https:\/\/www.uta.cl\/wp-content\/uploads\/2026\/01\/WhatsApp-Image-2025-12-23-at-12.41.061.jpeg\"><img loading=\"lazy\" width=\"1024\" height=\"768\" src=\"https:\/\/www.uta.cl\/wp-content\/uploads\/2026\/01\/WhatsApp-Image-2025-12-23-at-12.41.061-1024x768.jpeg\" alt=\"\" data-id=\"71961\" data-full-url=\"https:\/\/www.uta.cl\/wp-content\/uploads\/2026\/01\/WhatsApp-Image-2025-12-23-at-12.41.061.jpeg\" data-link=\"https:\/\/www.uta.cl\/?attachment_id=71961\" class=\"wp-image-71961\" srcset=\"https:\/\/www.uta.cl\/wp-content\/uploads\/2026\/01\/WhatsApp-Image-2025-12-23-at-12.41.061-1024x768.jpeg 1024w, https:\/\/www.uta.cl\/wp-content\/uploads\/2026\/01\/WhatsApp-Image-2025-12-23-at-12.41.061-300x225.jpeg 300w, https:\/\/www.uta.cl\/wp-content\/uploads\/2026\/01\/WhatsApp-Image-2025-12-23-at-12.41.061-768x576.jpeg 768w, https:\/\/www.uta.cl\/wp-content\/uploads\/2026\/01\/WhatsApp-Image-2025-12-23-at-12.41.061-1536x1152.jpeg 1536w, https:\/\/www.uta.cl\/wp-content\/uploads\/2026\/01\/WhatsApp-Image-2025-12-23-at-12.41.061.jpeg 1600w\" sizes=\"(max-width: 1024px) 100vw, 1024px\" \/><\/a><\/figure><\/li><\/ul><\/figure>\n","protected":false},"excerpt":{"rendered":"<p>Con el prop\u00f3sito de fortalecer el liderazgo femenino, la participaci\u00f3n social y la incidencia territorial de las&nbsp;mujeres, la Universidad de Tarapac\u00e1, en conjunto con el Servicio Nacional de la Mujer y la Equidad de G\u00e9nero (SernamEG), realiz\u00f3 la ceremonia de cierre y certificaci\u00f3n del programa \u201cMujer, Participaci\u00f3n Pol\u00edtica y Social (MPPyS) 2025\u201d, correspondiente a la [&hellip;]<\/p>\n","protected":false},"author":13,"featured_media":71956,"comment_status":"open","ping_status":"open","sticky":false,"template":"","format":"standard","meta":[],"categories":[45,318],"tags":[],"_links":{"self":[{"href":"https:\/\/www.uta.cl\/index.php\/wp-json\/wp\/v2\/posts\/71953"}],"collection":[{"href":"https:\/\/www.uta.cl\/index.php\/wp-json\/wp\/v2\/posts"}],"about":[{"href":"https:\/\/www.uta.cl\/index.php\/wp-json\/wp\/v2\/types\/post"}],"author":[{"embeddable":true,"href":"https:\/\/www.uta.cl\/index.php\/wp-json\/wp\/v2\/users\/13"}],"replies":[{"embeddable":true,"href":"https:\/\/www.uta.cl\/index.php\/wp-json\/wp\/v2\/comments?post=71953"}],"version-history":[{"count":1,"href":"https:\/\/www.uta.cl\/index.php\/wp-json\/wp\/v2\/posts\/71953\/revisions"}],"predecessor-version":[{"id":71962,"href":"https:\/\/www.uta.cl\/index.php\/wp-json\/wp\/v2\/posts\/71953\/revisions\/71962"}],"wp:featuredmedia":[{"embeddable":true,"href":"https:\/\/www.uta.cl\/index.php\/wp-json\/wp\/v2\/media\/71956"}],"wp:attachment":[{"href":"https:\/\/www.uta.cl\/index.php\/wp-json\/wp\/v2\/media?parent=71953"}],"wp:term":[{"taxonomy":"category","embeddable":true,"href":"https:\/\/www.uta.cl\/index.php\/wp-json\/wp\/v2\/categories?post=71953"},{"taxonomy":"post_tag","embeddable":true,"href":"https:\/\/www.uta.cl\/index.php\/wp-json\/wp\/v2\/tags?post=71953"}],"curies":[{"name":"wp","href":"https:\/\/api.w.org\/{rel}","templated":true}]}}