{"id":71901,"date":"2026-01-12T12:31:04","date_gmt":"2026-01-12T12:31:04","guid":{"rendered":"https:\/\/www.uta.cl\/?p=71901"},"modified":"2026-01-12T12:35:54","modified_gmt":"2026-01-12T12:35:54","slug":"programa-yo-si-de-la-utarapaca-cumple-cinco-anos-movilizando-sistemas-de-cuidado-para-la-proteccion-de-infancias-y-adolescencias","status":"publish","type":"post","link":"https:\/\/www.uta.cl\/index.php\/2026\/01\/12\/programa-yo-si-de-la-utarapaca-cumple-cinco-anos-movilizando-sistemas-de-cuidado-para-la-proteccion-de-infancias-y-adolescencias\/","title":{"rendered":"Programa \u201cYo S\u00ed\u201d de la UTarapac\u00e1 cumple cinco a\u00f1os movilizando sistemas de cuidado para la protecci\u00f3n de infancias y adolescencias"},"content":{"rendered":"\n<p>El 17 de diciembre se realiz\u00f3 el cierre del a\u00f1o 2025 del programa \u201cYo S\u00ed\u201d de la Universidad de Tarapac\u00e1, un evento cargado de emoci\u00f3n que, adem\u00e1s, celebr\u00f3 cinco a\u00f1os de trabajo transformador. Este hito representa un compromiso inquebrantable con la protecci\u00f3n y el cuidado de ni\u00f1os, ni\u00f1as y adolescentes de la regi\u00f3n.<\/p>\n\n\n\n<p>Al encuentro asistieron autoridades de la Universidad de Tarapac\u00e1 entre ellas el Decano de la Facultad de Educaci\u00f3n y Humanidades, Dr. Carlos Lagos; la directora de Docencia, Dra. Sau-Lyn Lee; y la directora de Asuntos Estudiantiles, Claudia Matamoros. Tambi\u00e9n se contaron con los saludos especiales del diputado electo Jorge D\u00edaz Ibarra, de la psic\u00f3loga Dra. Mar\u00eda Ang\u00e9lica Kotliarenco, fundadora de CEANIM; as\u00ed como mensajes enviados desde Chile y el extranjero.<\/p>\n\n\n\n<p>Participaron profesionales del Servicio de Protecci\u00f3n Especializada a la Ni\u00f1ez y Adolescencia (SPE), docentes de establecimientos educacionales, acad\u00e9micos, jefes de carrera y estudiantes de las carreras de Educaci\u00f3n Parvularia, Educaci\u00f3n B\u00e1sica, Psicolog\u00eda, Trabajo Social y Derecho.<\/p>\n\n\n\n<p>La directora (s) del Servicio de Protecci\u00f3n Especializada, Ver\u00f3nica Fonseca Rebolledo, agradeci\u00f3 y reconoci\u00f3 la labor que los estudiantes ALES (Acompa\u00f1amiento, Luz y Esperanza) del programa \u201cYo S\u00ed\u201d han desarrollado en las residencias familiares. Comprometi\u00f3 su apoyo para facilitar el trabajo en estos centros como espacios de pr\u00e1ctica y reducir las trabas existentes hasta la fecha.<\/p>\n\n\n\n<p>Asimismo, intervino la estudiante ALES, Constanza Mu\u00f1oz, de la carrera de Trabajo Social, quien dio testimonio de su experiencia en la Residencia Natividad, destacando los aprendizajes profundos en liderazgo, comprensi\u00f3n del trauma, trabajo en equipo multidisciplinario, entre otros.<\/p>\n\n\n\n<p>La directora del programa, Dra. Patricia Castillo, acad\u00e9mica de la UTA, cerr\u00f3 la jornada reflexionando sobre los logros alcanzados en estos cinco a\u00f1os: el impacto real en la vida de los estudiantes de nuestra universidad; la urgencia de crear comunidades educativas sensibles al trauma; el compromiso futuro de la Universidad en la formaci\u00f3n universitaria orientada a la protecci\u00f3n integral de la infancia; y la importancia del valor del tiempo en el desarrollo infantil y la intervenci\u00f3n oportuna como una obligaci\u00f3n impostergable. Adem\u00e1s, resalt\u00f3 que el programa \u201cYo S\u00ed<strong>\u201d<\/strong> radica en movilizar capacitaciones en pr\u00e1cticas sensibles al trauma, fortalecer redes intersectoriales de protecci\u00f3n, promover escuelas como espacios genuinamente seguros y reparadores, visibilizar la urgencia de transformar el sistema educativo&nbsp; defender el derecho de cada ni\u00f1o y ni\u00f1a a aprender en entornos protectores.<\/p>\n\n\n\n<figure class=\"wp-block-gallery columns-5 is-cropped\"><ul class=\"blocks-gallery-grid\"><li class=\"blocks-gallery-item\"><figure><a href=\"https:\/\/www.uta.cl\/wp-content\/uploads\/2026\/01\/directora-servicio.jpeg\"><img loading=\"lazy\" width=\"576\" height=\"1024\" src=\"https:\/\/www.uta.cl\/wp-content\/uploads\/2026\/01\/directora-servicio-576x1024.jpeg\" alt=\"\" data-id=\"71902\" data-full-url=\"https:\/\/www.uta.cl\/wp-content\/uploads\/2026\/01\/directora-servicio.jpeg\" data-link=\"https:\/\/www.uta.cl\/?attachment_id=71902\" class=\"wp-image-71902\" srcset=\"https:\/\/www.uta.cl\/wp-content\/uploads\/2026\/01\/directora-servicio-576x1024.jpeg 576w, https:\/\/www.uta.cl\/wp-content\/uploads\/2026\/01\/directora-servicio-169x300.jpeg 169w, https:\/\/www.uta.cl\/wp-content\/uploads\/2026\/01\/directora-servicio-768x1365.jpeg 768w, https:\/\/www.uta.cl\/wp-content\/uploads\/2026\/01\/directora-servicio-864x1536.jpeg 864w, https:\/\/www.uta.cl\/wp-content\/uploads\/2026\/01\/directora-servicio.jpeg 900w\" sizes=\"(max-width: 576px) 100vw, 576px\" \/><\/a><\/figure><\/li><li class=\"blocks-gallery-item\"><figure><a href=\"https:\/\/www.uta.cl\/wp-content\/uploads\/2026\/01\/directora-.jpeg\"><img loading=\"lazy\" width=\"768\" height=\"1024\" src=\"https:\/\/www.uta.cl\/wp-content\/uploads\/2026\/01\/directora--768x1024.jpeg\" alt=\"\" data-id=\"71903\" data-full-url=\"https:\/\/www.uta.cl\/wp-content\/uploads\/2026\/01\/directora-.jpeg\" data-link=\"https:\/\/www.uta.cl\/?attachment_id=71903\" class=\"wp-image-71903\" srcset=\"https:\/\/www.uta.cl\/wp-content\/uploads\/2026\/01\/directora--768x1024.jpeg 768w, https:\/\/www.uta.cl\/wp-content\/uploads\/2026\/01\/directora--225x300.jpeg 225w, https:\/\/www.uta.cl\/wp-content\/uploads\/2026\/01\/directora--1152x1536.jpeg 1152w, https:\/\/www.uta.cl\/wp-content\/uploads\/2026\/01\/directora-.jpeg 1200w\" sizes=\"(max-width: 768px) 100vw, 768px\" \/><\/a><\/figure><\/li><li class=\"blocks-gallery-item\"><figure><a href=\"https:\/\/www.uta.cl\/wp-content\/uploads\/2026\/01\/miramar-.jpeg\"><img loading=\"lazy\" width=\"768\" height=\"1024\" src=\"https:\/\/www.uta.cl\/wp-content\/uploads\/2026\/01\/miramar--768x1024.jpeg\" alt=\"\" data-id=\"71904\" data-full-url=\"https:\/\/www.uta.cl\/wp-content\/uploads\/2026\/01\/miramar-.jpeg\" data-link=\"https:\/\/www.uta.cl\/?attachment_id=71904\" class=\"wp-image-71904\" srcset=\"https:\/\/www.uta.cl\/wp-content\/uploads\/2026\/01\/miramar--768x1024.jpeg 768w, https:\/\/www.uta.cl\/wp-content\/uploads\/2026\/01\/miramar--225x300.jpeg 225w, https:\/\/www.uta.cl\/wp-content\/uploads\/2026\/01\/miramar--1152x1536.jpeg 1152w, https:\/\/www.uta.cl\/wp-content\/uploads\/2026\/01\/miramar-.jpeg 1200w\" sizes=\"(max-width: 768px) 100vw, 768px\" \/><\/a><\/figure><\/li><li class=\"blocks-gallery-item\"><figure><a href=\"https:\/\/www.uta.cl\/wp-content\/uploads\/2026\/01\/trabajo-social.jpeg\"><img loading=\"lazy\" width=\"768\" height=\"1024\" src=\"https:\/\/www.uta.cl\/wp-content\/uploads\/2026\/01\/trabajo-social-768x1024.jpeg\" alt=\"\" data-id=\"71905\" data-full-url=\"https:\/\/www.uta.cl\/wp-content\/uploads\/2026\/01\/trabajo-social.jpeg\" data-link=\"https:\/\/www.uta.cl\/?attachment_id=71905\" class=\"wp-image-71905\" srcset=\"https:\/\/www.uta.cl\/wp-content\/uploads\/2026\/01\/trabajo-social-768x1024.jpeg 768w, https:\/\/www.uta.cl\/wp-content\/uploads\/2026\/01\/trabajo-social-225x300.jpeg 225w, https:\/\/www.uta.cl\/wp-content\/uploads\/2026\/01\/trabajo-social-1152x1536.jpeg 1152w, https:\/\/www.uta.cl\/wp-content\/uploads\/2026\/01\/trabajo-social.jpeg 1200w\" sizes=\"(max-width: 768px) 100vw, 768px\" \/><\/a><\/figure><\/li><li class=\"blocks-gallery-item\"><figure><a href=\"https:\/\/www.uta.cl\/wp-content\/uploads\/2026\/01\/ts.jpeg\"><img loading=\"lazy\" width=\"768\" height=\"1024\" src=\"https:\/\/www.uta.cl\/wp-content\/uploads\/2026\/01\/ts-768x1024.jpeg\" alt=\"\" data-id=\"71906\" data-full-url=\"https:\/\/www.uta.cl\/wp-content\/uploads\/2026\/01\/ts.jpeg\" data-link=\"https:\/\/www.uta.cl\/?attachment_id=71906\" class=\"wp-image-71906\" srcset=\"https:\/\/www.uta.cl\/wp-content\/uploads\/2026\/01\/ts-768x1024.jpeg 768w, https:\/\/www.uta.cl\/wp-content\/uploads\/2026\/01\/ts-225x300.jpeg 225w, https:\/\/www.uta.cl\/wp-content\/uploads\/2026\/01\/ts-1152x1536.jpeg 1152w, https:\/\/www.uta.cl\/wp-content\/uploads\/2026\/01\/ts.jpeg 1200w\" sizes=\"(max-width: 768px) 100vw, 768px\" \/><\/a><\/figure><\/li><\/ul><\/figure>\n","protected":false},"excerpt":{"rendered":"<p>El 17 de diciembre se realiz\u00f3 el cierre del a\u00f1o 2025 del programa \u201cYo S\u00ed\u201d de la Universidad de Tarapac\u00e1, un evento cargado de emoci\u00f3n que, adem\u00e1s, celebr\u00f3 cinco a\u00f1os de trabajo transformador. Este hito representa un compromiso inquebrantable con la protecci\u00f3n y el cuidado de ni\u00f1os, ni\u00f1as y adolescentes de la regi\u00f3n. Al encuentro [&hellip;]<\/p>\n","protected":false},"author":13,"featured_media":71909,"comment_status":"open","ping_status":"open","sticky":false,"template":"","format":"standard","meta":[],"categories":[318],"tags":[],"_links":{"self":[{"href":"https:\/\/www.uta.cl\/index.php\/wp-json\/wp\/v2\/posts\/71901"}],"collection":[{"href":"https:\/\/www.uta.cl\/index.php\/wp-json\/wp\/v2\/posts"}],"about":[{"href":"https:\/\/www.uta.cl\/index.php\/wp-json\/wp\/v2\/types\/post"}],"author":[{"embeddable":true,"href":"https:\/\/www.uta.cl\/index.php\/wp-json\/wp\/v2\/users\/13"}],"replies":[{"embeddable":true,"href":"https:\/\/www.uta.cl\/index.php\/wp-json\/wp\/v2\/comments?post=71901"}],"version-history":[{"count":2,"href":"https:\/\/www.uta.cl\/index.php\/wp-json\/wp\/v2\/posts\/71901\/revisions"}],"predecessor-version":[{"id":71908,"href":"https:\/\/www.uta.cl\/index.php\/wp-json\/wp\/v2\/posts\/71901\/revisions\/71908"}],"wp:featuredmedia":[{"embeddable":true,"href":"https:\/\/www.uta.cl\/index.php\/wp-json\/wp\/v2\/media\/71909"}],"wp:attachment":[{"href":"https:\/\/www.uta.cl\/index.php\/wp-json\/wp\/v2\/media?parent=71901"}],"wp:term":[{"taxonomy":"category","embeddable":true,"href":"https:\/\/www.uta.cl\/index.php\/wp-json\/wp\/v2\/categories?post=71901"},{"taxonomy":"post_tag","embeddable":true,"href":"https:\/\/www.uta.cl\/index.php\/wp-json\/wp\/v2\/tags?post=71901"}],"curies":[{"name":"wp","href":"https:\/\/api.w.org\/{rel}","templated":true}]}}