{"id":71356,"date":"2025-12-02T20:26:01","date_gmt":"2025-12-02T20:26:01","guid":{"rendered":"https:\/\/www.uta.cl\/?p=71356"},"modified":"2025-12-02T20:26:06","modified_gmt":"2025-12-02T20:26:06","slug":"una-ciencia-enfocada-en-los-territorios-utarapaca-fue-sede-del-encuentro-anual-de-la-sociedad-chilena-de-estudios-regionales","status":"publish","type":"post","link":"https:\/\/www.uta.cl\/index.php\/2025\/12\/02\/una-ciencia-enfocada-en-los-territorios-utarapaca-fue-sede-del-encuentro-anual-de-la-sociedad-chilena-de-estudios-regionales\/","title":{"rendered":"Una ciencia enfocada en los territorios: UTarapac\u00e1 fue sede del encuentro anual de la Sociedad Chilena de Estudios Regionales"},"content":{"rendered":"\n<div class=\"wp-block-image\"><figure class=\"aligncenter size-large is-resized\"><img loading=\"lazy\" src=\"https:\/\/www.uta.cl\/wp-content\/uploads\/2025\/12\/Captura-de-pantalla-2025-12-02-170242-1024x575.png\" alt=\"\" class=\"wp-image-71357\" width=\"679\" height=\"381\" srcset=\"https:\/\/www.uta.cl\/wp-content\/uploads\/2025\/12\/Captura-de-pantalla-2025-12-02-170242-1024x575.png 1024w, https:\/\/www.uta.cl\/wp-content\/uploads\/2025\/12\/Captura-de-pantalla-2025-12-02-170242-300x168.png 300w, https:\/\/www.uta.cl\/wp-content\/uploads\/2025\/12\/Captura-de-pantalla-2025-12-02-170242-768x431.png 768w, https:\/\/www.uta.cl\/wp-content\/uploads\/2025\/12\/Captura-de-pantalla-2025-12-02-170242.png 1250w\" sizes=\"(max-width: 679px) 100vw, 679px\" \/><\/figure><\/div>\n\n\n\n<p>Durante el 26, 27 y 28 de noviembre la Universidad de Tarapac\u00e1, a trav\u00e9s de su Facultad de Administraci\u00f3n y Econom\u00eda (FAE), fue sede del XV Encuentro Anual de la Sociedad Chilena de Estudios Regionales (SOCHER), un espacio que reuni\u00f3 a investigadores, acad\u00e9micos y estudiantes para conocer investigaciones provenientes de diversas regiones de Chile y de siete pa\u00edses en torno al desarrollo y la econom\u00eda regional.<\/p>\n\n\n\n<p>\u201cComo Facultad ha sido tremendamente importante acoger el XV encuentro de la SOCHER porque representa una actividad estrechamente vinculada con nuestra misi\u00f3n como facultad, y tambi\u00e9n con la pertinencia regional que deben tener las universidades. Nos ha permitido conocer las realidades de distintas regiones, y tambi\u00e9n su capacidad de investigaci\u00f3n y difusi\u00f3n del conocimiento acerca de la Ciencia Regional\u201d, destac\u00f3 el decano de la FAE, Luis Mella.<\/p>\n\n\n\n<p>Con m\u00e1s de noventa y cinco ponencias, el encuentro abord\u00f3 problem\u00e1ticas vinculadas a la gobernanza, equidad de g\u00e9nero, demograf\u00eda y econom\u00eda espacial, adem\u00e1s de propuestas metodol\u00f3gicas para el an\u00e1lisis cuantitativo del territorio. Tambi\u00e9n se presentaron investigaciones desde la sociolog\u00eda y la psicolog\u00eda, donde la relaci\u00f3n entre el individuo, el espacio y las din\u00e1micas locales adquiri\u00f3 especial relevancia.<\/p>\n\n\n\n<p>En relaci\u00f3n a estas tem\u00e1ticas, el presidente de SOCHER y acad\u00e9mico de la U. de Talca, Dr.&nbsp; Mauricio Sarrias, se\u00f1al\u00f3: \u201cVivimos en un pa\u00eds bastante centralizado. Entonces, el objetivo de SOCHER es hacer investigaci\u00f3n desde y para las regiones. Lo que hacemos, espec\u00edficamente, son estudios cient\u00edficos en donde buscamos responder algunas preguntas de forma rigurosa y tratamos de bajar lo que hacemos, ojal\u00e1, a las pol\u00edticas p\u00fablicas\u201d.<\/p>\n\n\n\n<p>En este contexto, una de las ponencias magistrales realizadas durante el encuentro fue &#8220;Identificando controladores pol\u00edticos en la asignaci\u00f3n de fondos p\u00fablicos: un an\u00e1lisis econom\u00e9trico espacial&#8221; dictada por el profesor titular de la U. Andr\u00e9s Bello, Dr. Patricio Arocas, quien indic\u00f3: \u201cNosotros tenemos una cantidad de recursos en el Estado que usamos, algunos muy eficientemente, y otros no tanto, entonces en aquellos que no usamos tan eficientemente, el mensaje es \u2018podemos mejorar\u2019\u201d.\u00a0<\/p>\n\n\n\n<div class=\"wp-block-image\"><figure class=\"aligncenter size-large is-resized\"><img loading=\"lazy\" src=\"https:\/\/www.uta.cl\/wp-content\/uploads\/2025\/12\/Captura-de-pantalla-2025-12-02-172324-1024x574.png\" alt=\"\" class=\"wp-image-71361\" width=\"562\" height=\"314\" srcset=\"https:\/\/www.uta.cl\/wp-content\/uploads\/2025\/12\/Captura-de-pantalla-2025-12-02-172324-1024x574.png 1024w, https:\/\/www.uta.cl\/wp-content\/uploads\/2025\/12\/Captura-de-pantalla-2025-12-02-172324-300x168.png 300w, https:\/\/www.uta.cl\/wp-content\/uploads\/2025\/12\/Captura-de-pantalla-2025-12-02-172324-768x431.png 768w, https:\/\/www.uta.cl\/wp-content\/uploads\/2025\/12\/Captura-de-pantalla-2025-12-02-172324.png 1248w\" sizes=\"(max-width: 562px) 100vw, 562px\" \/><\/figure><\/div>\n\n\n\n<p>\u201cPodemos mejorar la asignaci\u00f3n, podemos apuntar mejor a que estos recursos lleguen a la gente que m\u00e1s lo necesita. Para eso ya tenemos algunos modelos y vamos a seguir trabajando de modo de ir proponiendo mejores formas de asignaci\u00f3n, para que estos tengan el efecto deseado de mejorar la calidad de vida de todos los chilenos\u201d, profundiz\u00f3.<\/p>\n\n\n\n<p>En esta l\u00ednea, la presidenta de la comisi\u00f3n local de organizaci\u00f3n del evento y acad\u00e9mica de la FAE, Dra. M\u00f3nica Navarrete, coment\u00f3 que \u201cel encuentro de ciencia regional SOCHER est\u00e1 intensamente preocupado de lo que ocurre en las regiones. Lo visibiliza, lo estudia, lo analiza, lo integra en las problem\u00e1ticas que cada uno de nosotros trabaja. Produce art\u00edculos, libros, los cuales son incorporados, adem\u00e1s, en los cursos de econom\u00eda, especialmente desde el territorio\u201d.<\/p>\n\n\n\n<div class=\"wp-block-image\"><figure class=\"aligncenter size-large is-resized\"><img loading=\"lazy\" src=\"https:\/\/www.uta.cl\/wp-content\/uploads\/2025\/12\/Captura-de-pantalla-2025-12-02-170202.png\" alt=\"\" class=\"wp-image-71358\" width=\"518\" height=\"355\" srcset=\"https:\/\/www.uta.cl\/wp-content\/uploads\/2025\/12\/Captura-de-pantalla-2025-12-02-170202.png 1024w, https:\/\/www.uta.cl\/wp-content\/uploads\/2025\/12\/Captura-de-pantalla-2025-12-02-170202-300x205.png 300w, https:\/\/www.uta.cl\/wp-content\/uploads\/2025\/12\/Captura-de-pantalla-2025-12-02-170202-768x526.png 768w\" sizes=\"(max-width: 518px) 100vw, 518px\" \/><\/figure><\/div>\n\n\n\n<p>El encuentro incluy\u00f3 talleres formativos para los estudiantes, cuyos participantes pudieron dialogar directamente con investigadoras e investigadores que trabajan las Ciencias Regionales. Las estudiantes de tercer a\u00f1o de Ingenier\u00eda Comercial, Estefany, Berta Cruz y Karen Flores, destacaron el esfuerzo detr\u00e1s de la organizaci\u00f3n y el impacto que tiene para su formaci\u00f3n profesional: \u201cAgradecer que se realicen estos congresos ac\u00e1 en el norte, porque es muy poco com\u00fan que se realicen. Igual agradecer a los expositores por enriquecer, de cierta forma, nuestros conocimientos y traer los trabajos que est\u00e1n realizando\u201d, indic\u00f3 Estefany.<\/p>\n\n\n\n<p>\u201cEs muy interesante conocer igual, de cierta forma, los trabajos que realizan las diferentes universidades dentro de todo Chile\u201d, se\u00f1al\u00f3 Cruz. Y Flores se\u00f1al\u00f3 que \u201cagradezco mucho a la profesora, a los encargados que est\u00e1n detr\u00e1s de todo esto, el staff, todos, porque gracias a ellos se pueden hacer estos congresos\u201d.<\/p>\n\n\n\n<p>Respecto a la participaci\u00f3n de los estudiantes, el Dr. Patricio Arocas tambi\u00e9n coment\u00f3 que desde la perspectiva del desarrollo pa\u00eds, estos encuentros son muy importantes porque permiten conocer territorios que no son habituales para todos los investigadores y adem\u00e1s \u201cporque los estudiantes de la universidad se involucran, escuchan a otros profesores, escuchan otras ideas y algunos de ellos se entusiasman y pueden seguir esta carrera de investigador que es muy necesaria en nuestro pa\u00eds\u201d.<\/p>\n","protected":false},"excerpt":{"rendered":"<p>Con m\u00e1s de noventa y cinco ponencias, el evento abord\u00f3 problem\u00e1ticas vinculadas a la gobernanza, equidad de g\u00e9nero, demograf\u00eda y econom\u00eda espacial, adem\u00e1s de propuestas metodol\u00f3gicas para el an\u00e1lisis cuantitativo del territorio.<\/p>\n","protected":false},"author":13,"featured_media":71357,"comment_status":"open","ping_status":"open","sticky":false,"template":"","format":"standard","meta":[],"categories":[316,51],"tags":[],"_links":{"self":[{"href":"https:\/\/www.uta.cl\/index.php\/wp-json\/wp\/v2\/posts\/71356"}],"collection":[{"href":"https:\/\/www.uta.cl\/index.php\/wp-json\/wp\/v2\/posts"}],"about":[{"href":"https:\/\/www.uta.cl\/index.php\/wp-json\/wp\/v2\/types\/post"}],"author":[{"embeddable":true,"href":"https:\/\/www.uta.cl\/index.php\/wp-json\/wp\/v2\/users\/13"}],"replies":[{"embeddable":true,"href":"https:\/\/www.uta.cl\/index.php\/wp-json\/wp\/v2\/comments?post=71356"}],"version-history":[{"count":1,"href":"https:\/\/www.uta.cl\/index.php\/wp-json\/wp\/v2\/posts\/71356\/revisions"}],"predecessor-version":[{"id":71362,"href":"https:\/\/www.uta.cl\/index.php\/wp-json\/wp\/v2\/posts\/71356\/revisions\/71362"}],"wp:featuredmedia":[{"embeddable":true,"href":"https:\/\/www.uta.cl\/index.php\/wp-json\/wp\/v2\/media\/71357"}],"wp:attachment":[{"href":"https:\/\/www.uta.cl\/index.php\/wp-json\/wp\/v2\/media?parent=71356"}],"wp:term":[{"taxonomy":"category","embeddable":true,"href":"https:\/\/www.uta.cl\/index.php\/wp-json\/wp\/v2\/categories?post=71356"},{"taxonomy":"post_tag","embeddable":true,"href":"https:\/\/www.uta.cl\/index.php\/wp-json\/wp\/v2\/tags?post=71356"}],"curies":[{"name":"wp","href":"https:\/\/api.w.org\/{rel}","templated":true}]}}