{"id":71322,"date":"2025-12-01T18:37:52","date_gmt":"2025-12-01T18:37:52","guid":{"rendered":"https:\/\/www.uta.cl\/?p=71322"},"modified":"2025-12-01T18:38:03","modified_gmt":"2025-12-01T18:38:03","slug":"asociacion-de-derecho-administrativo-de-chile-realizo-su-encuentro-anual-en-la-utarapaca","status":"publish","type":"post","link":"https:\/\/www.uta.cl\/index.php\/2025\/12\/01\/asociacion-de-derecho-administrativo-de-chile-realizo-su-encuentro-anual-en-la-utarapaca\/","title":{"rendered":"Asociaci\u00f3n de Derecho Administrativo de Chile realiz\u00f3 su encuentro anual en la UTarapac\u00e1"},"content":{"rendered":"\n<div class=\"wp-block-image\"><figure class=\"aligncenter size-large is-resized\"><img loading=\"lazy\" src=\"https:\/\/www.uta.cl\/wp-content\/uploads\/2025\/12\/IMG_20251127_085629-1024x782.jpg\" alt=\"\" class=\"wp-image-71326\" width=\"636\" height=\"485\" srcset=\"https:\/\/www.uta.cl\/wp-content\/uploads\/2025\/12\/IMG_20251127_085629-1024x782.jpg 1024w, https:\/\/www.uta.cl\/wp-content\/uploads\/2025\/12\/IMG_20251127_085629-300x229.jpg 300w, https:\/\/www.uta.cl\/wp-content\/uploads\/2025\/12\/IMG_20251127_085629-768x587.jpg 768w, https:\/\/www.uta.cl\/wp-content\/uploads\/2025\/12\/IMG_20251127_085629-1536x1173.jpg 1536w, https:\/\/www.uta.cl\/wp-content\/uploads\/2025\/12\/IMG_20251127_085629.jpg 2048w\" sizes=\"(max-width: 636px) 100vw, 636px\" \/><\/figure><\/div>\n\n\n\n<p>Durante el 27 y 28 de noviembre se llev\u00f3 a cabo las XXI Jornadas de Derecho Administrativo, instancia organizada por la Asociaci\u00f3n de Derecho Administrativo de Chile (ADAD) y por la Facultad de Derecho de la Universidad de Tarapac\u00e1 en Arica. La ADAD tiene por objetivo ser un espacio de encuentro entre quienes ense\u00f1an y ejercen el derecho p\u00fablico desde la reflexi\u00f3n cr\u00edtica y el di\u00e1logo abierto.<\/p>\n\n\n\n<p>El acad\u00e9mico de la Facultad de Derecho UTA y coordinador de la XXI Jornada de Derecho Administrativo, Dr. Flavio Quezada, coment\u00f3 que se decidi\u00f3 realizar el evento en la UTA, en parte \u201cpor reconocimiento al exitoso proceso de complejizaci\u00f3n que ha tenido nuestra unidad acad\u00e9mica\u201d, agregando que \u201ccomo Facultad nos pone muy contentos tener este nivel de expositores, expertos internacionales y los principales expertos de Chile, todos aqu\u00ed conversando de estos temas\u201d.&nbsp;<\/p>\n\n\n\n<div class=\"wp-block-image\"><figure class=\"aligncenter size-large is-resized\"><img loading=\"lazy\" src=\"https:\/\/www.uta.cl\/wp-content\/uploads\/2025\/12\/IMG_20251127_085943-1024x741.jpg\" alt=\"\" class=\"wp-image-71324\" width=\"460\" height=\"332\" srcset=\"https:\/\/www.uta.cl\/wp-content\/uploads\/2025\/12\/IMG_20251127_085943-1024x741.jpg 1024w, https:\/\/www.uta.cl\/wp-content\/uploads\/2025\/12\/IMG_20251127_085943-300x217.jpg 300w, https:\/\/www.uta.cl\/wp-content\/uploads\/2025\/12\/IMG_20251127_085943-768x556.jpg 768w, https:\/\/www.uta.cl\/wp-content\/uploads\/2025\/12\/IMG_20251127_085943-1536x1112.jpg 1536w, https:\/\/www.uta.cl\/wp-content\/uploads\/2025\/12\/IMG_20251127_085943.jpg 2048w\" sizes=\"(max-width: 460px) 100vw, 460px\" \/><\/figure><\/div>\n\n\n\n<p>La tem\u00e1tica central que marc\u00f3 las jornadas de este a\u00f1o, fue la \u201cactividad administrativa de car\u00e1cter material\u201d, un \u00e1mbito que seg\u00fan el presidente de la ADAD y acad\u00e9mico de U. Adolfo Ib\u00e1\u00f1ez, Dr. Guillermo Jim\u00e9nez, es bastante desafiante para los docentes de derecho administrativo: \u201cEstas jornadas que organiza la Universidad de Tarapac\u00e1 nos han permitido a los profesores y profesoras revisar un tema relativamente olvidado, relativamente ignorado por la profesi\u00f3n\u201d.<\/p>\n\n\n\n<div class=\"wp-block-image\"><figure class=\"aligncenter size-large is-resized\"><img loading=\"lazy\" src=\"https:\/\/www.uta.cl\/wp-content\/uploads\/2025\/12\/IMG_20251127_102043_1-1024x768.jpg\" alt=\"\" class=\"wp-image-71323\" width=\"433\" height=\"325\" srcset=\"https:\/\/www.uta.cl\/wp-content\/uploads\/2025\/12\/IMG_20251127_102043_1-1024x768.jpg 1024w, https:\/\/www.uta.cl\/wp-content\/uploads\/2025\/12\/IMG_20251127_102043_1-300x225.jpg 300w, https:\/\/www.uta.cl\/wp-content\/uploads\/2025\/12\/IMG_20251127_102043_1-768x576.jpg 768w, https:\/\/www.uta.cl\/wp-content\/uploads\/2025\/12\/IMG_20251127_102043_1-1536x1152.jpg 1536w, https:\/\/www.uta.cl\/wp-content\/uploads\/2025\/12\/IMG_20251127_102043_1.jpg 2048w\" sizes=\"(max-width: 433px) 100vw, 433px\" \/><\/figure><\/div>\n\n\n\n<p>La actividad material de la administraci\u00f3n p\u00fablica refiere a las acciones concretas que realiza el Estado para gestionar recursos o resolver situaciones cotidianas en sus respectivos servicios, m\u00e1s all\u00e1 de qui\u00e9n las haga o del cargo que tenga quien las ejecuta.&nbsp;<\/p>\n\n\n\n<p>Por este motivo, las jornadas contaron con la charla inaugural \u201cLa polic\u00eda y el servicio p\u00fablico como fines de la acci\u00f3n administrativa: su formaci\u00f3n y estado actual en el Derecho franc\u00e9s\u201d dictada por la acad\u00e9mica del Instituto de Estudios Pol\u00edticos de Burdeos (Sciences Po Bordeaux), Dra. Anna Neyrat, mientras que la charla de clausura \u201cServicio p\u00fablico, servicios p\u00fablicos en la formaci\u00f3n y en la actualidad del Derecho administrativo espa\u00f1ol&#8221; estuvo a cargo de la acad\u00e9mica de la Universidad de Barcelona, Dra. Elisenda Malaret.<\/p>\n\n\n\n<div class=\"wp-block-image\"><figure class=\"aligncenter size-large is-resized\"><img loading=\"lazy\" src=\"https:\/\/www.uta.cl\/wp-content\/uploads\/2025\/12\/IMG_20251127_090648-1024x800.jpg\" alt=\"\" class=\"wp-image-71327\" width=\"437\" height=\"341\" srcset=\"https:\/\/www.uta.cl\/wp-content\/uploads\/2025\/12\/IMG_20251127_090648-1024x800.jpg 1024w, https:\/\/www.uta.cl\/wp-content\/uploads\/2025\/12\/IMG_20251127_090648-300x234.jpg 300w, https:\/\/www.uta.cl\/wp-content\/uploads\/2025\/12\/IMG_20251127_090648-768x600.jpg 768w, https:\/\/www.uta.cl\/wp-content\/uploads\/2025\/12\/IMG_20251127_090648-1536x1199.jpg 1536w, https:\/\/www.uta.cl\/wp-content\/uploads\/2025\/12\/IMG_20251127_090648.jpg 2048w\" sizes=\"(max-width: 437px) 100vw, 437px\" \/><\/figure><\/div>\n\n\n\n<p>En esta l\u00ednea, la Dra. Anna Neyrat expuso sobre la distinci\u00f3n \u201cque opone a la polic\u00eda como actividad de la administraci\u00f3n y, del otro lado, el servicio p\u00fablico, y he explicado de d\u00f3nde viene esta esta distinci\u00f3n, este binomio, para presentar la actividad administrativa y c\u00f3mo se puede matizar un poco la fuerza de este binomio, porque las fronteras entre los dos conceptos son porosas, hay debilidades en esta distinci\u00f3n, pero seguimos utiliz\u00e1ndola en Francia, porque parece simple desde el punto de vista pedag\u00f3gico para exponer a los estudiantes lo que hace la administraci\u00f3n\u201d.<\/p>\n","protected":false},"excerpt":{"rendered":"<p>La actividad cont\u00f3 con la charla inaugural \u201cLa polic\u00eda y el servicio p\u00fablico como fines de la acci\u00f3n administrativa: su formaci\u00f3n y estado actual en el Derecho franc\u00e9s\u201d y la charla de clausura \u201cServicio p\u00fablico, servicios p\u00fablicos en la formaci\u00f3n y en la actualidad del Derecho administrativo espa\u00f1ol&#8221;.<\/p>\n","protected":false},"author":13,"featured_media":71326,"comment_status":"open","ping_status":"open","sticky":false,"template":"","format":"standard","meta":[],"categories":[316,51],"tags":[],"_links":{"self":[{"href":"https:\/\/www.uta.cl\/index.php\/wp-json\/wp\/v2\/posts\/71322"}],"collection":[{"href":"https:\/\/www.uta.cl\/index.php\/wp-json\/wp\/v2\/posts"}],"about":[{"href":"https:\/\/www.uta.cl\/index.php\/wp-json\/wp\/v2\/types\/post"}],"author":[{"embeddable":true,"href":"https:\/\/www.uta.cl\/index.php\/wp-json\/wp\/v2\/users\/13"}],"replies":[{"embeddable":true,"href":"https:\/\/www.uta.cl\/index.php\/wp-json\/wp\/v2\/comments?post=71322"}],"version-history":[{"count":1,"href":"https:\/\/www.uta.cl\/index.php\/wp-json\/wp\/v2\/posts\/71322\/revisions"}],"predecessor-version":[{"id":71328,"href":"https:\/\/www.uta.cl\/index.php\/wp-json\/wp\/v2\/posts\/71322\/revisions\/71328"}],"wp:featuredmedia":[{"embeddable":true,"href":"https:\/\/www.uta.cl\/index.php\/wp-json\/wp\/v2\/media\/71326"}],"wp:attachment":[{"href":"https:\/\/www.uta.cl\/index.php\/wp-json\/wp\/v2\/media?parent=71322"}],"wp:term":[{"taxonomy":"category","embeddable":true,"href":"https:\/\/www.uta.cl\/index.php\/wp-json\/wp\/v2\/categories?post=71322"},{"taxonomy":"post_tag","embeddable":true,"href":"https:\/\/www.uta.cl\/index.php\/wp-json\/wp\/v2\/tags?post=71322"}],"curies":[{"name":"wp","href":"https:\/\/api.w.org\/{rel}","templated":true}]}}