{"id":71271,"date":"2025-12-01T13:20:27","date_gmt":"2025-12-01T13:20:27","guid":{"rendered":"https:\/\/www.uta.cl\/?p=71271"},"modified":"2025-12-01T13:20:32","modified_gmt":"2025-12-01T13:20:32","slug":"uta-destaco-la-historia-y-el-valor-patrimonial-de-la-entrada-universitaria-folclorica-con-seminario-academico","status":"publish","type":"post","link":"https:\/\/www.uta.cl\/index.php\/2025\/12\/01\/uta-destaco-la-historia-y-el-valor-patrimonial-de-la-entrada-universitaria-folclorica-con-seminario-academico\/","title":{"rendered":"UTA destac\u00f3 la historia y el valor patrimonial de la Entrada Universitaria Folcl\u00f3rica con seminario acad\u00e9mico"},"content":{"rendered":"\n<p>La jornada reuni\u00f3 a expertos en historia, antropolog\u00eda y folclore, quienes dictaron ponencias magistrales que abordaron desde la influencia hist\u00f3rica del altiplano en las danzas locales hasta el proceso de institucionalizaci\u00f3n de la Entrada Universitaria en la regi\u00f3n. Posteriormente, un conversatorio permiti\u00f3 a estudiantes organizadores, acad\u00e9micos y l\u00edderes comunitarios reflexionar sobre la revalorizaci\u00f3n del patrimonio inmaterial y los desaf\u00edos de preservar la autenticidad de estas tradiciones en el contexto festivo actual.<\/p>\n\n\n\n<p>El seminario se estructur\u00f3 en torno a dos exposiciones centrales. En primer lugar, el Dr. Alberto D\u00edaz Araya, acad\u00e9mico del Departamento de Ciencias Hist\u00f3ricas y Geogr\u00e1ficas de la UTA, present\u00f3 <strong>\u201c<\/strong>Danzas Andinas en el Desierto: Trayectorias e influencias en las tradiciones e identidad del norte Chileno\u201d. Seguidamente, de manera telem\u00e1tica, el licenciado Luis Sempertegui Miranda, fundador de la Entrada Folkl\u00f3rica Universitaria de la UMSA en 1988, expuso \u201cEntrada Folkl\u00f3rica Universitaria: Patrimonio Cultural vivo e intangible de Bolivia\u201d.<\/p>\n\n\n\n<p>Tras las ponencias, se realiz\u00f3 un conversatorio moderado por Zen\u00f3n Alarc\u00f3n Rodr\u00edguez, consejero nacional ind\u00edgena ante la Corporaci\u00f3n Nacional de Desarrollo Ind\u00edgena (CONADI) y fundador del Carnaval con la Fuerza del Sol. Junto a los expositores participaci\u00f3n como comentaristas Jaime Ur\u00eda Garc\u00eda, socio fundador y caporal de la Fraternidad Caporales Universidad de Tarapac\u00e1, y Fabiola Bravo P\u00e9rez, actual presidenta de la Fraternidad Tinkus Inti Raymi, quienes enriquecieron el di\u00e1logo desde la experiencia directa de los cultores y la comunidad.<\/p>\n\n\n\n<p>La Vicerrectora Acad\u00e9mica de la Universidad de Tarapac\u00e1, Dra. Jenniffer Peralta Montesinos, destac\u00f3 el compromiso institucional con la actividad: \u201cEstamos muy contentos, orgullosos y gratificados por la alta participaci\u00f3n, el inter\u00e9s, la motivaci\u00f3n y la alegr\u00eda con la que se est\u00e1 preparando esta entrada universitaria. Muchos estudiantes, funcionarios de gesti\u00f3n y acad\u00e9micos son parte activa de ella, y este seminario refleja ese entusiasmo colectivo\u201d.<\/p>\n\n\n\n<p>Por su parte, Zen\u00f3n Alarc\u00f3n, valor\u00f3 el aporte acad\u00e9mico y su pertinencia territorial: \u201cEl seminario entreg\u00f3 mucha informaci\u00f3n y visi\u00f3n de experiencias. Revisar los 38 a\u00f1os de la entrada en Bolivia ha sido fabuloso, porque los estudiantes podr\u00e1n acoger todas esas recomendaciones. Adem\u00e1s, la Universidad se est\u00e1 acercando a algo que es propio de la universidad: generar conocimiento, investigar y vincularse con el medio. Estamos en el camino correcto, tanto a nivel regional como institucional\u201d.<\/p>\n\n\n\n<p>El impacto del seminario tambi\u00e9n fue valorado desde la perspectiva estudiantil, Hugo Alisson, estudiante de Pedagog\u00eda en Historia y Geograf\u00eda, y miembro de UTA CHALLA, organizaci\u00f3n&nbsp; cargo de la segunda versi\u00f3n de la Entrada Universitaria, enfatiz\u00f3 el rol activo que deben asumir los futuros profesionales: \u201cNos pareci\u00f3 s\u00faper bueno, preciso y necesario. Como estudiantes universitarios no solo debemos danzar, sino tambi\u00e9n investigar, explicar el sentido de esta entrada y vincularnos como estudiantes y futuros profesionales con nuestro territorio. Nos vamos con bastantes tareas, pero con la convicci\u00f3n de que esta tradici\u00f3n debe perdurar en el tiempo con una raz\u00f3n de ser profunda\u201d.<\/p>\n\n\n\n<p>El seminario concluy\u00f3 con una invitaci\u00f3n abierta a toda la comunidad a sumarse a la Entrada Universitaria Folcl\u00f3rica del 27 de noviembre, viviendo la fiesta con conciencia y respeto por su historia. Los organizadores enfatizaron que iniciativas como esta seguir\u00e1n siendo un eje fundamental en la agenda de Vinculaci\u00f3n con el Medio de la Universidad de Tarapac\u00e1.<\/p>\n\n\n\n<figure class=\"wp-block-gallery columns-3 is-cropped\"><ul class=\"blocks-gallery-grid\"><li class=\"blocks-gallery-item\"><figure><a href=\"https:\/\/www.uta.cl\/wp-content\/uploads\/2025\/12\/FOTO-CENTRAL-scaled.jpg\"><img loading=\"lazy\" width=\"1024\" height=\"576\" src=\"https:\/\/www.uta.cl\/wp-content\/uploads\/2025\/12\/FOTO-CENTRAL-1024x576.jpg\" alt=\"\" data-id=\"71272\" data-full-url=\"https:\/\/www.uta.cl\/wp-content\/uploads\/2025\/12\/FOTO-CENTRAL-scaled.jpg\" data-link=\"https:\/\/www.uta.cl\/?attachment_id=71272\" class=\"wp-image-71272\" srcset=\"https:\/\/www.uta.cl\/wp-content\/uploads\/2025\/12\/FOTO-CENTRAL-1024x576.jpg 1024w, https:\/\/www.uta.cl\/wp-content\/uploads\/2025\/12\/FOTO-CENTRAL-300x169.jpg 300w, https:\/\/www.uta.cl\/wp-content\/uploads\/2025\/12\/FOTO-CENTRAL-768x432.jpg 768w, https:\/\/www.uta.cl\/wp-content\/uploads\/2025\/12\/FOTO-CENTRAL-1536x864.jpg 1536w, https:\/\/www.uta.cl\/wp-content\/uploads\/2025\/12\/FOTO-CENTRAL-2048x1152.jpg 2048w\" sizes=\"(max-width: 1024px) 100vw, 1024px\" \/><\/a><\/figure><\/li><li class=\"blocks-gallery-item\"><figure><a href=\"https:\/\/www.uta.cl\/wp-content\/uploads\/2025\/12\/IMG_3209-scaled.jpg\"><img loading=\"lazy\" width=\"1024\" height=\"576\" src=\"https:\/\/www.uta.cl\/wp-content\/uploads\/2025\/12\/IMG_3209-1024x576.jpg\" alt=\"\" data-id=\"71273\" data-full-url=\"https:\/\/www.uta.cl\/wp-content\/uploads\/2025\/12\/IMG_3209-scaled.jpg\" data-link=\"https:\/\/www.uta.cl\/?attachment_id=71273\" class=\"wp-image-71273\" srcset=\"https:\/\/www.uta.cl\/wp-content\/uploads\/2025\/12\/IMG_3209-1024x576.jpg 1024w, https:\/\/www.uta.cl\/wp-content\/uploads\/2025\/12\/IMG_3209-300x169.jpg 300w, https:\/\/www.uta.cl\/wp-content\/uploads\/2025\/12\/IMG_3209-768x432.jpg 768w, https:\/\/www.uta.cl\/wp-content\/uploads\/2025\/12\/IMG_3209-1536x864.jpg 1536w, https:\/\/www.uta.cl\/wp-content\/uploads\/2025\/12\/IMG_3209-2048x1152.jpg 2048w\" sizes=\"(max-width: 1024px) 100vw, 1024px\" \/><\/a><\/figure><\/li><li class=\"blocks-gallery-item\"><figure><a href=\"https:\/\/www.uta.cl\/wp-content\/uploads\/2025\/12\/IMG_3226-scaled.jpg\"><img loading=\"lazy\" width=\"1024\" height=\"576\" src=\"https:\/\/www.uta.cl\/wp-content\/uploads\/2025\/12\/IMG_3226-1024x576.jpg\" alt=\"\" data-id=\"71274\" data-full-url=\"https:\/\/www.uta.cl\/wp-content\/uploads\/2025\/12\/IMG_3226-scaled.jpg\" data-link=\"https:\/\/www.uta.cl\/?attachment_id=71274\" class=\"wp-image-71274\" srcset=\"https:\/\/www.uta.cl\/wp-content\/uploads\/2025\/12\/IMG_3226-1024x576.jpg 1024w, https:\/\/www.uta.cl\/wp-content\/uploads\/2025\/12\/IMG_3226-300x169.jpg 300w, https:\/\/www.uta.cl\/wp-content\/uploads\/2025\/12\/IMG_3226-768x432.jpg 768w, https:\/\/www.uta.cl\/wp-content\/uploads\/2025\/12\/IMG_3226-1536x864.jpg 1536w, https:\/\/www.uta.cl\/wp-content\/uploads\/2025\/12\/IMG_3226-2048x1152.jpg 2048w\" sizes=\"(max-width: 1024px) 100vw, 1024px\" \/><\/a><\/figure><\/li><li class=\"blocks-gallery-item\"><figure><a href=\"https:\/\/www.uta.cl\/wp-content\/uploads\/2025\/12\/IMG_3242-scaled.jpg\"><img loading=\"lazy\" width=\"1024\" height=\"576\" src=\"https:\/\/www.uta.cl\/wp-content\/uploads\/2025\/12\/IMG_3242-1024x576.jpg\" alt=\"\" data-id=\"71275\" data-full-url=\"https:\/\/www.uta.cl\/wp-content\/uploads\/2025\/12\/IMG_3242-scaled.jpg\" data-link=\"https:\/\/www.uta.cl\/?attachment_id=71275\" class=\"wp-image-71275\" srcset=\"https:\/\/www.uta.cl\/wp-content\/uploads\/2025\/12\/IMG_3242-1024x576.jpg 1024w, https:\/\/www.uta.cl\/wp-content\/uploads\/2025\/12\/IMG_3242-300x169.jpg 300w, https:\/\/www.uta.cl\/wp-content\/uploads\/2025\/12\/IMG_3242-768x432.jpg 768w, https:\/\/www.uta.cl\/wp-content\/uploads\/2025\/12\/IMG_3242-1536x864.jpg 1536w, https:\/\/www.uta.cl\/wp-content\/uploads\/2025\/12\/IMG_3242-2048x1152.jpg 2048w\" sizes=\"(max-width: 1024px) 100vw, 1024px\" \/><\/a><\/figure><\/li><li class=\"blocks-gallery-item\"><figure><a href=\"https:\/\/www.uta.cl\/wp-content\/uploads\/2025\/12\/IMG_3253-scaled.jpg\"><img loading=\"lazy\" width=\"1024\" height=\"576\" src=\"https:\/\/www.uta.cl\/wp-content\/uploads\/2025\/12\/IMG_3253-1024x576.jpg\" alt=\"\" data-id=\"71276\" data-full-url=\"https:\/\/www.uta.cl\/wp-content\/uploads\/2025\/12\/IMG_3253-scaled.jpg\" data-link=\"https:\/\/www.uta.cl\/?attachment_id=71276\" class=\"wp-image-71276\" srcset=\"https:\/\/www.uta.cl\/wp-content\/uploads\/2025\/12\/IMG_3253-1024x576.jpg 1024w, https:\/\/www.uta.cl\/wp-content\/uploads\/2025\/12\/IMG_3253-300x169.jpg 300w, https:\/\/www.uta.cl\/wp-content\/uploads\/2025\/12\/IMG_3253-768x432.jpg 768w, https:\/\/www.uta.cl\/wp-content\/uploads\/2025\/12\/IMG_3253-1536x864.jpg 1536w, https:\/\/www.uta.cl\/wp-content\/uploads\/2025\/12\/IMG_3253-2048x1152.jpg 2048w\" sizes=\"(max-width: 1024px) 100vw, 1024px\" \/><\/a><\/figure><\/li><li class=\"blocks-gallery-item\"><figure><a href=\"https:\/\/www.uta.cl\/wp-content\/uploads\/2025\/12\/IMG_3267-scaled.jpg\"><img loading=\"lazy\" width=\"1024\" height=\"576\" src=\"https:\/\/www.uta.cl\/wp-content\/uploads\/2025\/12\/IMG_3267-1024x576.jpg\" alt=\"\" data-id=\"71277\" data-full-url=\"https:\/\/www.uta.cl\/wp-content\/uploads\/2025\/12\/IMG_3267-scaled.jpg\" data-link=\"https:\/\/www.uta.cl\/?attachment_id=71277\" class=\"wp-image-71277\" srcset=\"https:\/\/www.uta.cl\/wp-content\/uploads\/2025\/12\/IMG_3267-1024x576.jpg 1024w, https:\/\/www.uta.cl\/wp-content\/uploads\/2025\/12\/IMG_3267-300x169.jpg 300w, https:\/\/www.uta.cl\/wp-content\/uploads\/2025\/12\/IMG_3267-768x432.jpg 768w, https:\/\/www.uta.cl\/wp-content\/uploads\/2025\/12\/IMG_3267-1536x864.jpg 1536w, https:\/\/www.uta.cl\/wp-content\/uploads\/2025\/12\/IMG_3267-2048x1152.jpg 2048w\" sizes=\"(max-width: 1024px) 100vw, 1024px\" \/><\/a><\/figure><\/li><li class=\"blocks-gallery-item\"><figure><a href=\"https:\/\/www.uta.cl\/wp-content\/uploads\/2025\/12\/IMG_3271-scaled.jpg\"><img loading=\"lazy\" width=\"1024\" height=\"576\" src=\"https:\/\/www.uta.cl\/wp-content\/uploads\/2025\/12\/IMG_3271-1024x576.jpg\" alt=\"\" data-id=\"71278\" data-full-url=\"https:\/\/www.uta.cl\/wp-content\/uploads\/2025\/12\/IMG_3271-scaled.jpg\" data-link=\"https:\/\/www.uta.cl\/?attachment_id=71278\" class=\"wp-image-71278\" srcset=\"https:\/\/www.uta.cl\/wp-content\/uploads\/2025\/12\/IMG_3271-1024x576.jpg 1024w, https:\/\/www.uta.cl\/wp-content\/uploads\/2025\/12\/IMG_3271-300x169.jpg 300w, https:\/\/www.uta.cl\/wp-content\/uploads\/2025\/12\/IMG_3271-768x432.jpg 768w, https:\/\/www.uta.cl\/wp-content\/uploads\/2025\/12\/IMG_3271-1536x864.jpg 1536w, https:\/\/www.uta.cl\/wp-content\/uploads\/2025\/12\/IMG_3271-2048x1152.jpg 2048w\" sizes=\"(max-width: 1024px) 100vw, 1024px\" \/><\/a><\/figure><\/li><li class=\"blocks-gallery-item\"><figure><a href=\"https:\/\/www.uta.cl\/wp-content\/uploads\/2025\/12\/IMG_3276-scaled.jpg\"><img loading=\"lazy\" width=\"1024\" height=\"576\" src=\"https:\/\/www.uta.cl\/wp-content\/uploads\/2025\/12\/IMG_3276-1024x576.jpg\" alt=\"\" data-id=\"71279\" data-full-url=\"https:\/\/www.uta.cl\/wp-content\/uploads\/2025\/12\/IMG_3276-scaled.jpg\" data-link=\"https:\/\/www.uta.cl\/?attachment_id=71279\" class=\"wp-image-71279\" srcset=\"https:\/\/www.uta.cl\/wp-content\/uploads\/2025\/12\/IMG_3276-1024x576.jpg 1024w, https:\/\/www.uta.cl\/wp-content\/uploads\/2025\/12\/IMG_3276-300x169.jpg 300w, https:\/\/www.uta.cl\/wp-content\/uploads\/2025\/12\/IMG_3276-768x432.jpg 768w, https:\/\/www.uta.cl\/wp-content\/uploads\/2025\/12\/IMG_3276-1536x864.jpg 1536w, https:\/\/www.uta.cl\/wp-content\/uploads\/2025\/12\/IMG_3276-2048x1152.jpg 2048w\" sizes=\"(max-width: 1024px) 100vw, 1024px\" \/><\/a><\/figure><\/li><li class=\"blocks-gallery-item\"><figure><a href=\"https:\/\/www.uta.cl\/wp-content\/uploads\/2025\/12\/IMG_3277-scaled.jpg\"><img loading=\"lazy\" width=\"1024\" height=\"576\" src=\"https:\/\/www.uta.cl\/wp-content\/uploads\/2025\/12\/IMG_3277-1024x576.jpg\" alt=\"\" data-id=\"71280\" data-full-url=\"https:\/\/www.uta.cl\/wp-content\/uploads\/2025\/12\/IMG_3277-scaled.jpg\" data-link=\"https:\/\/www.uta.cl\/?attachment_id=71280\" class=\"wp-image-71280\" srcset=\"https:\/\/www.uta.cl\/wp-content\/uploads\/2025\/12\/IMG_3277-1024x576.jpg 1024w, https:\/\/www.uta.cl\/wp-content\/uploads\/2025\/12\/IMG_3277-300x169.jpg 300w, https:\/\/www.uta.cl\/wp-content\/uploads\/2025\/12\/IMG_3277-768x432.jpg 768w, https:\/\/www.uta.cl\/wp-content\/uploads\/2025\/12\/IMG_3277-1536x864.jpg 1536w, https:\/\/www.uta.cl\/wp-content\/uploads\/2025\/12\/IMG_3277-2048x1152.jpg 2048w\" sizes=\"(max-width: 1024px) 100vw, 1024px\" \/><\/a><\/figure><\/li><\/ul><\/figure>\n","protected":false},"excerpt":{"rendered":"<p>Historia y cultura abrieron la semana de la Entrada Universitaria Folcl\u00f3rica con un seminario que reuni\u00f3 a expertos, cultores, acad\u00e9micos, estudiantes y comunidad regional para reflexionar y rescatar sus or\u00edgenes y valor patrimonial, como antesala a la celebraci\u00f3n del 27 de noviembre en el Campus Saucache de la UTA.<\/p>\n","protected":false},"author":13,"featured_media":71272,"comment_status":"open","ping_status":"open","sticky":false,"template":"","format":"standard","meta":[],"categories":[316,51],"tags":[],"_links":{"self":[{"href":"https:\/\/www.uta.cl\/index.php\/wp-json\/wp\/v2\/posts\/71271"}],"collection":[{"href":"https:\/\/www.uta.cl\/index.php\/wp-json\/wp\/v2\/posts"}],"about":[{"href":"https:\/\/www.uta.cl\/index.php\/wp-json\/wp\/v2\/types\/post"}],"author":[{"embeddable":true,"href":"https:\/\/www.uta.cl\/index.php\/wp-json\/wp\/v2\/users\/13"}],"replies":[{"embeddable":true,"href":"https:\/\/www.uta.cl\/index.php\/wp-json\/wp\/v2\/comments?post=71271"}],"version-history":[{"count":1,"href":"https:\/\/www.uta.cl\/index.php\/wp-json\/wp\/v2\/posts\/71271\/revisions"}],"predecessor-version":[{"id":71281,"href":"https:\/\/www.uta.cl\/index.php\/wp-json\/wp\/v2\/posts\/71271\/revisions\/71281"}],"wp:featuredmedia":[{"embeddable":true,"href":"https:\/\/www.uta.cl\/index.php\/wp-json\/wp\/v2\/media\/71272"}],"wp:attachment":[{"href":"https:\/\/www.uta.cl\/index.php\/wp-json\/wp\/v2\/media?parent=71271"}],"wp:term":[{"taxonomy":"category","embeddable":true,"href":"https:\/\/www.uta.cl\/index.php\/wp-json\/wp\/v2\/categories?post=71271"},{"taxonomy":"post_tag","embeddable":true,"href":"https:\/\/www.uta.cl\/index.php\/wp-json\/wp\/v2\/tags?post=71271"}],"curies":[{"name":"wp","href":"https:\/\/api.w.org\/{rel}","templated":true}]}}