{"id":71189,"date":"2025-11-26T15:25:17","date_gmt":"2025-11-26T15:25:17","guid":{"rendered":"https:\/\/www.uta.cl\/?p=71189"},"modified":"2025-12-20T00:09:04","modified_gmt":"2025-12-20T00:09:04","slug":"utarapaca-incorporara-la-carrera-de-sociologia-para-el-proceso-de-matricula-2026","status":"publish","type":"post","link":"https:\/\/www.uta.cl\/index.php\/2025\/11\/26\/utarapaca-incorporara-la-carrera-de-sociologia-para-el-proceso-de-matricula-2026\/","title":{"rendered":"UTarapac\u00e1 incorporar\u00e1 la carrera de Sociolog\u00eda para el proceso de matr\u00edcula 2026"},"content":{"rendered":"\n<div class=\"wp-block-image\"><figure class=\"aligncenter size-large is-resized\"><img loading=\"lazy\" src=\"https:\/\/www.uta.cl\/wp-content\/uploads\/2025\/11\/Captura-de-pantalla-2025-11-26-120028-1024x678.png\" alt=\"\" class=\"wp-image-71190\" width=\"649\" height=\"430\" srcset=\"https:\/\/www.uta.cl\/wp-content\/uploads\/2025\/11\/Captura-de-pantalla-2025-11-26-120028-1024x678.png 1024w, https:\/\/www.uta.cl\/wp-content\/uploads\/2025\/11\/Captura-de-pantalla-2025-11-26-120028-300x199.png 300w, https:\/\/www.uta.cl\/wp-content\/uploads\/2025\/11\/Captura-de-pantalla-2025-11-26-120028-768x509.png 768w, https:\/\/www.uta.cl\/wp-content\/uploads\/2025\/11\/Captura-de-pantalla-2025-11-26-120028.png 1037w\" sizes=\"(max-width: 649px) 100vw, 649px\" \/><\/figure><\/div>\n\n\n\n<p>La Facultad de Ciencias Sociales de la Universidad de Tarapac\u00e1 (UTA) incorporar\u00e1 la carrera de Sociolog\u00eda a su oferta acad\u00e9mica en Arica, cuyo primer ingreso est\u00e1 programado para el proceso de matr\u00edcula 2026. Esta iniciativa responde a la necesidad de formar profesionales capaces de analizar e intervenir fen\u00f3menos sociales complejos en el norte de Chile, una zona marcada por la diversidad cultural, migraci\u00f3n y din\u00e1micas transfronterizas.&nbsp;<\/p>\n\n\n\n<p>&#8220;Las regiones de Arica y Parinacota y Tarapac\u00e1 enfrentan desaf\u00edos profundos en materia de pobreza, cohesi\u00f3n social y desarrollo humano. Esto nos exige formar profesionales que conozcan el territorio desde dentro, que sepan leer sus tensiones y oportunidades, y que puedan elaborar diagn\u00f3sticos y estrategias situadas. Creemos que esta carrera no solo responde a una demanda formativa, sino que refleja la vocaci\u00f3n de promover con decisi\u00f3n el desarrollo de la macrozona\u201d, destac\u00f3 la doctora en Sociolog\u00eda de la Universidad de Pennsylvania y acad\u00e9mica de la UTA, Andrea Alvarado.<\/p>\n\n\n\n<div class=\"wp-block-image\"><figure class=\"aligncenter size-large is-resized\"><img loading=\"lazy\" src=\"https:\/\/www.uta.cl\/wp-content\/uploads\/2025\/11\/IMG_20251114_153409-1-1024x768.jpg\" alt=\"\" class=\"wp-image-71191\" width=\"512\" height=\"384\" srcset=\"https:\/\/www.uta.cl\/wp-content\/uploads\/2025\/11\/IMG_20251114_153409-1-1024x768.jpg 1024w, https:\/\/www.uta.cl\/wp-content\/uploads\/2025\/11\/IMG_20251114_153409-1-300x225.jpg 300w, https:\/\/www.uta.cl\/wp-content\/uploads\/2025\/11\/IMG_20251114_153409-1-768x576.jpg 768w, https:\/\/www.uta.cl\/wp-content\/uploads\/2025\/11\/IMG_20251114_153409-1-1536x1152.jpg 1536w, https:\/\/www.uta.cl\/wp-content\/uploads\/2025\/11\/IMG_20251114_153409-1-2048x1536.jpg 2048w\" sizes=\"(max-width: 512px) 100vw, 512px\" \/><\/figure><\/div>\n\n\n\n<p>La carrera ofrecer\u00e1 30 vacantes para 2026, se impartir\u00e1 en modalidad diurna y presencial y tiene una duraci\u00f3n de cinco a\u00f1os que culminan en el grado de Licenciado(a) en Sociolog\u00eda y el t\u00edtulo profesional de Soci\u00f3logo(a). Con esta nueva oferta, la Facultad busca responder a una demanda sostenida por carreras de Ciencias Sociales en la UTA y a una alta concentraci\u00f3n de carreras de sociolog\u00eda en universidades de la zona central.<\/p>\n\n\n\n<p>El programa de pregrado combina una formaci\u00f3n situada en el territorio con una orientaci\u00f3n aplicada a la intervenci\u00f3n social. Por un lado, ofrece una perspectiva cr\u00edtica que permite comprender las problem\u00e1ticas del norte de Chile en su diversidad cultural y din\u00e1mica transfronteriza. Por otro, entrega herramientas para convertir ese an\u00e1lisis en acciones concretas, formando profesionales capaces de investigar, dise\u00f1ar y evaluar pol\u00edticas p\u00fablicas y proyectos con un enfoque participativo y comprometido con la equidad, inclusi\u00f3n y justicia social.<\/p>\n\n\n\n<p>La Facultad de Ciencias Sociales de la UTA cuenta con un cuerpo acad\u00e9mico con una amplia experiencia de investigaci\u00f3n en tem\u00e1ticas de frontera, interculturalidad, movilidad humana y cohesi\u00f3n comunitaria, adem\u00e1s de la infraestructura necesaria para albergar el programa de Sociolog\u00eda, permitiendo as\u00ed garantizar condiciones \u00f3ptimas para la docencia, la investigaci\u00f3n b\u00e1sica y aplicada, y la vinculaci\u00f3n con el medio de la nueva carrera.<\/p>\n","protected":false},"excerpt":{"rendered":"<p>El nuevo programa de pregrado busca fortalecer las capacidades regionales en an\u00e1lisis social y responder a los desaf\u00edos territoriales del norte de Chile en un contexto de alta demanda por formaci\u00f3n en Ciencias Sociales.<\/p>\n","protected":false},"author":13,"featured_media":71190,"comment_status":"open","ping_status":"open","sticky":false,"template":"","format":"standard","meta":[],"categories":[315,316],"tags":[],"_links":{"self":[{"href":"https:\/\/www.uta.cl\/index.php\/wp-json\/wp\/v2\/posts\/71189"}],"collection":[{"href":"https:\/\/www.uta.cl\/index.php\/wp-json\/wp\/v2\/posts"}],"about":[{"href":"https:\/\/www.uta.cl\/index.php\/wp-json\/wp\/v2\/types\/post"}],"author":[{"embeddable":true,"href":"https:\/\/www.uta.cl\/index.php\/wp-json\/wp\/v2\/users\/13"}],"replies":[{"embeddable":true,"href":"https:\/\/www.uta.cl\/index.php\/wp-json\/wp\/v2\/comments?post=71189"}],"version-history":[{"count":6,"href":"https:\/\/www.uta.cl\/index.php\/wp-json\/wp\/v2\/posts\/71189\/revisions"}],"predecessor-version":[{"id":71674,"href":"https:\/\/www.uta.cl\/index.php\/wp-json\/wp\/v2\/posts\/71189\/revisions\/71674"}],"wp:featuredmedia":[{"embeddable":true,"href":"https:\/\/www.uta.cl\/index.php\/wp-json\/wp\/v2\/media\/71190"}],"wp:attachment":[{"href":"https:\/\/www.uta.cl\/index.php\/wp-json\/wp\/v2\/media?parent=71189"}],"wp:term":[{"taxonomy":"category","embeddable":true,"href":"https:\/\/www.uta.cl\/index.php\/wp-json\/wp\/v2\/categories?post=71189"},{"taxonomy":"post_tag","embeddable":true,"href":"https:\/\/www.uta.cl\/index.php\/wp-json\/wp\/v2\/tags?post=71189"}],"curies":[{"name":"wp","href":"https:\/\/api.w.org\/{rel}","templated":true}]}}