{"id":71091,"date":"2025-11-24T18:20:14","date_gmt":"2025-11-24T18:20:14","guid":{"rendered":"https:\/\/www.uta.cl\/?p=71091"},"modified":"2025-11-27T12:37:43","modified_gmt":"2025-11-27T12:37:43","slug":"utarapaca-es-sede-de-la-segunda-version-del-curso-de-sensibilizacion-para-el-buen-trato-en-campos-clinicos","status":"publish","type":"post","link":"https:\/\/www.uta.cl\/index.php\/2025\/11\/24\/utarapaca-es-sede-de-la-segunda-version-del-curso-de-sensibilizacion-para-el-buen-trato-en-campos-clinicos\/","title":{"rendered":"UTarapac\u00e1 es sede de la segunda versi\u00f3n del Curso de Sensibilizaci\u00f3n para el Buen Trato en Campos Cl\u00ednicos"},"content":{"rendered":"\n<p>Con el objetivo de promover una cultura de respeto, empat\u00eda y bienestar en los espacios de formaci\u00f3n cl\u00ednica, la Universidad de Tarapac\u00e1 fue sede de la segunda versi\u00f3n del \u201cCurso de Sensibilizaci\u00f3n para el Buen Trato en Campos Cl\u00ednicos\u201d, en cumplimiento de la Nueva Norma de Sana Convivencia y Protecci\u00f3n de la Salud Mental en Campos Cl\u00ednicos de la Superintendencia de Educaci\u00f3n Superior (SES), que entrar\u00e1 en vigencia el 1 de enero de 2026.<\/p>\n\n\n\n<p>La actividad, organizada por el Servicio de Salud de Tarapac\u00e1 mediante su Unidad de Relaci\u00f3n Asistencial Docente y las coordinaciones de campos cl\u00ednicos de los centros formadores, se realiz\u00f3 en el Campus La Tirana de la Sede Iquique y reuni\u00f3 a profesionales de la red asistencial, tutores cl\u00ednicos y acad\u00e9micos de la regi\u00f3n<\/p>\n\n\n\n<p>Participaron activamente el Hospital Regional de Iquique Dr. Ernesto Torres Galdames, el Hospital de Alto Hospicio y las instituciones con convenios docente-asistenciales: Universidad de Tarapac\u00e1, Universidad Arturo Prat, Universidad Santo Tom\u00e1s, Centro de Formaci\u00f3n T\u00e9cnica Santo Tom\u00e1s y Fundaci\u00f3n Los C\u00f3ndores.<\/p>\n\n\n\n<p>El programa incluy\u00f3 diversas ponencias destinadas a fortalecer las capacidades institucionales frente a los desaf\u00edos de la normativa. Entre ellas destacaron:<\/p>\n\n\n\n<ul><li>\u201cMarco legal y normativo en el entorno cl\u00ednico\u201d, a cargo de Mar\u00eda Paz Silva Ceballos (Universidad Arturo Prat).<\/li><li>\u201cNorma de sana convivencia y protecci\u00f3n de la salud mental en campos cl\u00ednicos\u201d e \u201cIdentificaci\u00f3n de conductas constitutivas de acoso\u201d, presentadas por Jacqueline Godoy Contreras, directora de Equidad y G\u00e9nero de la Universidad de Tarapac\u00e1.<\/li><li>\u201cEstrategias de prevenci\u00f3n y gesti\u00f3n de la diversidad e inclusi\u00f3n\u201d, expuesta por Paola Muzatto Negr\u00f3n, jefa de la Oficina Ley 21.369 de la Universidad de Tarapac\u00e1; y<\/li><li>\u201cBuen trato laboral y prevenci\u00f3n de la violencia laboral\u201d, a cargo de profesionales del Departamento de Calidad de Vida Laboral del Hospital Regional de Iquique Ernesto Torres Galdames.<\/li><\/ul>\n\n\n\n<figure class=\"wp-block-gallery columns-3 is-cropped\"><ul class=\"blocks-gallery-grid\"><li class=\"blocks-gallery-item\"><figure><a href=\"https:\/\/www.uta.cl\/wp-content\/uploads\/2025\/11\/foto-central-3.jpg\"><img loading=\"lazy\" width=\"1024\" height=\"771\" src=\"https:\/\/www.uta.cl\/wp-content\/uploads\/2025\/11\/foto-central-3-1024x771.jpg\" alt=\"\" data-id=\"71092\" data-full-url=\"https:\/\/www.uta.cl\/wp-content\/uploads\/2025\/11\/foto-central-3.jpg\" data-link=\"https:\/\/www.uta.cl\/?attachment_id=71092\" class=\"wp-image-71092\" srcset=\"https:\/\/www.uta.cl\/wp-content\/uploads\/2025\/11\/foto-central-3-1024x771.jpg 1024w, https:\/\/www.uta.cl\/wp-content\/uploads\/2025\/11\/foto-central-3-300x226.jpg 300w, https:\/\/www.uta.cl\/wp-content\/uploads\/2025\/11\/foto-central-3-768x578.jpg 768w, https:\/\/www.uta.cl\/wp-content\/uploads\/2025\/11\/foto-central-3-1536x1156.jpg 1536w, https:\/\/www.uta.cl\/wp-content\/uploads\/2025\/11\/foto-central-3.jpg 1600w\" sizes=\"(max-width: 1024px) 100vw, 1024px\" \/><\/a><\/figure><\/li><li class=\"blocks-gallery-item\"><figure><a href=\"https:\/\/www.uta.cl\/wp-content\/uploads\/2025\/11\/PHOTO-2025-11-10-10-30-24.jpg\"><img loading=\"lazy\" width=\"1024\" height=\"768\" src=\"https:\/\/www.uta.cl\/wp-content\/uploads\/2025\/11\/PHOTO-2025-11-10-10-30-24-1024x768.jpg\" alt=\"\" data-id=\"71094\" data-full-url=\"https:\/\/www.uta.cl\/wp-content\/uploads\/2025\/11\/PHOTO-2025-11-10-10-30-24.jpg\" data-link=\"https:\/\/www.uta.cl\/?attachment_id=71094\" class=\"wp-image-71094\" srcset=\"https:\/\/www.uta.cl\/wp-content\/uploads\/2025\/11\/PHOTO-2025-11-10-10-30-24-1024x768.jpg 1024w, https:\/\/www.uta.cl\/wp-content\/uploads\/2025\/11\/PHOTO-2025-11-10-10-30-24-300x225.jpg 300w, https:\/\/www.uta.cl\/wp-content\/uploads\/2025\/11\/PHOTO-2025-11-10-10-30-24-768x576.jpg 768w, https:\/\/www.uta.cl\/wp-content\/uploads\/2025\/11\/PHOTO-2025-11-10-10-30-24-1536x1152.jpg 1536w, https:\/\/www.uta.cl\/wp-content\/uploads\/2025\/11\/PHOTO-2025-11-10-10-30-24.jpg 1600w\" sizes=\"(max-width: 1024px) 100vw, 1024px\" \/><\/a><\/figure><\/li><li class=\"blocks-gallery-item\"><figure><a href=\"https:\/\/www.uta.cl\/wp-content\/uploads\/2025\/11\/PHOTO-2025-11-10-10-30-241.jpg\"><img loading=\"lazy\" width=\"1024\" height=\"771\" src=\"https:\/\/www.uta.cl\/wp-content\/uploads\/2025\/11\/PHOTO-2025-11-10-10-30-241-1024x771.jpg\" alt=\"\" data-id=\"71095\" data-full-url=\"https:\/\/www.uta.cl\/wp-content\/uploads\/2025\/11\/PHOTO-2025-11-10-10-30-241.jpg\" data-link=\"https:\/\/www.uta.cl\/?attachment_id=71095\" class=\"wp-image-71095\" srcset=\"https:\/\/www.uta.cl\/wp-content\/uploads\/2025\/11\/PHOTO-2025-11-10-10-30-241-1024x771.jpg 1024w, https:\/\/www.uta.cl\/wp-content\/uploads\/2025\/11\/PHOTO-2025-11-10-10-30-241-300x226.jpg 300w, https:\/\/www.uta.cl\/wp-content\/uploads\/2025\/11\/PHOTO-2025-11-10-10-30-241-768x578.jpg 768w, https:\/\/www.uta.cl\/wp-content\/uploads\/2025\/11\/PHOTO-2025-11-10-10-30-241-1536x1156.jpg 1536w, https:\/\/www.uta.cl\/wp-content\/uploads\/2025\/11\/PHOTO-2025-11-10-10-30-241.jpg 1600w\" sizes=\"(max-width: 1024px) 100vw, 1024px\" \/><\/a><\/figure><\/li><li class=\"blocks-gallery-item\"><figure><a href=\"https:\/\/www.uta.cl\/wp-content\/uploads\/2025\/11\/PHOTO-2025-11-10-10-30-25.jpg\"><img loading=\"lazy\" width=\"1024\" height=\"771\" src=\"https:\/\/www.uta.cl\/wp-content\/uploads\/2025\/11\/PHOTO-2025-11-10-10-30-25-1024x771.jpg\" alt=\"\" data-id=\"71096\" data-full-url=\"https:\/\/www.uta.cl\/wp-content\/uploads\/2025\/11\/PHOTO-2025-11-10-10-30-25.jpg\" data-link=\"https:\/\/www.uta.cl\/?attachment_id=71096\" class=\"wp-image-71096\" srcset=\"https:\/\/www.uta.cl\/wp-content\/uploads\/2025\/11\/PHOTO-2025-11-10-10-30-25-1024x771.jpg 1024w, https:\/\/www.uta.cl\/wp-content\/uploads\/2025\/11\/PHOTO-2025-11-10-10-30-25-300x226.jpg 300w, https:\/\/www.uta.cl\/wp-content\/uploads\/2025\/11\/PHOTO-2025-11-10-10-30-25-768x578.jpg 768w, https:\/\/www.uta.cl\/wp-content\/uploads\/2025\/11\/PHOTO-2025-11-10-10-30-25-1536x1156.jpg 1536w, https:\/\/www.uta.cl\/wp-content\/uploads\/2025\/11\/PHOTO-2025-11-10-10-30-25.jpg 1600w\" sizes=\"(max-width: 1024px) 100vw, 1024px\" \/><\/a><\/figure><\/li><li class=\"blocks-gallery-item\"><figure><a href=\"https:\/\/www.uta.cl\/wp-content\/uploads\/2025\/11\/PHOTO-2025-11-10-10-30-27.jpg\"><img loading=\"lazy\" width=\"1024\" height=\"771\" src=\"https:\/\/www.uta.cl\/wp-content\/uploads\/2025\/11\/PHOTO-2025-11-10-10-30-27-1024x771.jpg\" alt=\"\" data-id=\"71097\" data-full-url=\"https:\/\/www.uta.cl\/wp-content\/uploads\/2025\/11\/PHOTO-2025-11-10-10-30-27.jpg\" data-link=\"https:\/\/www.uta.cl\/?attachment_id=71097\" class=\"wp-image-71097\" srcset=\"https:\/\/www.uta.cl\/wp-content\/uploads\/2025\/11\/PHOTO-2025-11-10-10-30-27-1024x771.jpg 1024w, https:\/\/www.uta.cl\/wp-content\/uploads\/2025\/11\/PHOTO-2025-11-10-10-30-27-300x226.jpg 300w, https:\/\/www.uta.cl\/wp-content\/uploads\/2025\/11\/PHOTO-2025-11-10-10-30-27-768x578.jpg 768w, https:\/\/www.uta.cl\/wp-content\/uploads\/2025\/11\/PHOTO-2025-11-10-10-30-27-1536x1156.jpg 1536w, https:\/\/www.uta.cl\/wp-content\/uploads\/2025\/11\/PHOTO-2025-11-10-10-30-27.jpg 1600w\" sizes=\"(max-width: 1024px) 100vw, 1024px\" \/><\/a><\/figure><\/li><li class=\"blocks-gallery-item\"><figure><a href=\"https:\/\/www.uta.cl\/wp-content\/uploads\/2025\/11\/PHOTO-2025-11-10-10-30-271.jpg\"><img loading=\"lazy\" width=\"1024\" height=\"771\" src=\"https:\/\/www.uta.cl\/wp-content\/uploads\/2025\/11\/PHOTO-2025-11-10-10-30-271-1024x771.jpg\" alt=\"\" data-id=\"71098\" data-full-url=\"https:\/\/www.uta.cl\/wp-content\/uploads\/2025\/11\/PHOTO-2025-11-10-10-30-271.jpg\" data-link=\"https:\/\/www.uta.cl\/?attachment_id=71098\" class=\"wp-image-71098\" srcset=\"https:\/\/www.uta.cl\/wp-content\/uploads\/2025\/11\/PHOTO-2025-11-10-10-30-271-1024x771.jpg 1024w, https:\/\/www.uta.cl\/wp-content\/uploads\/2025\/11\/PHOTO-2025-11-10-10-30-271-300x226.jpg 300w, https:\/\/www.uta.cl\/wp-content\/uploads\/2025\/11\/PHOTO-2025-11-10-10-30-271-768x578.jpg 768w, https:\/\/www.uta.cl\/wp-content\/uploads\/2025\/11\/PHOTO-2025-11-10-10-30-271-1536x1156.jpg 1536w, https:\/\/www.uta.cl\/wp-content\/uploads\/2025\/11\/PHOTO-2025-11-10-10-30-271.jpg 1600w\" sizes=\"(max-width: 1024px) 100vw, 1024px\" \/><\/a><\/figure><\/li><li class=\"blocks-gallery-item\"><figure><a href=\"https:\/\/www.uta.cl\/wp-content\/uploads\/2025\/11\/PHOTO-2025-11-10-10-30-19.jpg\"><img loading=\"lazy\" width=\"1024\" height=\"771\" src=\"https:\/\/www.uta.cl\/wp-content\/uploads\/2025\/11\/PHOTO-2025-11-10-10-30-19-1024x771.jpg\" alt=\"\" data-id=\"71093\" data-full-url=\"https:\/\/www.uta.cl\/wp-content\/uploads\/2025\/11\/PHOTO-2025-11-10-10-30-19.jpg\" data-link=\"https:\/\/www.uta.cl\/?attachment_id=71093\" class=\"wp-image-71093\" srcset=\"https:\/\/www.uta.cl\/wp-content\/uploads\/2025\/11\/PHOTO-2025-11-10-10-30-19-1024x771.jpg 1024w, https:\/\/www.uta.cl\/wp-content\/uploads\/2025\/11\/PHOTO-2025-11-10-10-30-19-300x226.jpg 300w, https:\/\/www.uta.cl\/wp-content\/uploads\/2025\/11\/PHOTO-2025-11-10-10-30-19-768x578.jpg 768w, https:\/\/www.uta.cl\/wp-content\/uploads\/2025\/11\/PHOTO-2025-11-10-10-30-19-1536x1156.jpg 1536w, https:\/\/www.uta.cl\/wp-content\/uploads\/2025\/11\/PHOTO-2025-11-10-10-30-19.jpg 1600w\" sizes=\"(max-width: 1024px) 100vw, 1024px\" \/><\/a><\/figure><\/li><\/ul><\/figure>\n","protected":false},"excerpt":{"rendered":"<p>Con el objetivo de promover una cultura de respeto, empat\u00eda y bienestar en los espacios de formaci\u00f3n cl\u00ednica, la Universidad de Tarapac\u00e1 fue sede de la segunda versi\u00f3n del \u201cCurso de Sensibilizaci\u00f3n para el Buen Trato en Campos Cl\u00ednicos\u201d, en cumplimiento de la Nueva Norma de Sana Convivencia y Protecci\u00f3n de la Salud Mental en [&hellip;]<\/p>\n","protected":false},"author":13,"featured_media":71092,"comment_status":"open","ping_status":"open","sticky":false,"template":"","format":"standard","meta":[],"categories":[45,318],"tags":[],"_links":{"self":[{"href":"https:\/\/www.uta.cl\/index.php\/wp-json\/wp\/v2\/posts\/71091"}],"collection":[{"href":"https:\/\/www.uta.cl\/index.php\/wp-json\/wp\/v2\/posts"}],"about":[{"href":"https:\/\/www.uta.cl\/index.php\/wp-json\/wp\/v2\/types\/post"}],"author":[{"embeddable":true,"href":"https:\/\/www.uta.cl\/index.php\/wp-json\/wp\/v2\/users\/13"}],"replies":[{"embeddable":true,"href":"https:\/\/www.uta.cl\/index.php\/wp-json\/wp\/v2\/comments?post=71091"}],"version-history":[{"count":1,"href":"https:\/\/www.uta.cl\/index.php\/wp-json\/wp\/v2\/posts\/71091\/revisions"}],"predecessor-version":[{"id":71099,"href":"https:\/\/www.uta.cl\/index.php\/wp-json\/wp\/v2\/posts\/71091\/revisions\/71099"}],"wp:featuredmedia":[{"embeddable":true,"href":"https:\/\/www.uta.cl\/index.php\/wp-json\/wp\/v2\/media\/71092"}],"wp:attachment":[{"href":"https:\/\/www.uta.cl\/index.php\/wp-json\/wp\/v2\/media?parent=71091"}],"wp:term":[{"taxonomy":"category","embeddable":true,"href":"https:\/\/www.uta.cl\/index.php\/wp-json\/wp\/v2\/categories?post=71091"},{"taxonomy":"post_tag","embeddable":true,"href":"https:\/\/www.uta.cl\/index.php\/wp-json\/wp\/v2\/tags?post=71091"}],"curies":[{"name":"wp","href":"https:\/\/api.w.org\/{rel}","templated":true}]}}