{"id":71006,"date":"2025-11-20T19:50:37","date_gmt":"2025-11-20T19:50:37","guid":{"rendered":"https:\/\/www.uta.cl\/?p=71006"},"modified":"2025-11-20T19:50:44","modified_gmt":"2025-11-20T19:50:44","slug":"utarapaca-entrego-reconocimiento-a-mil-estudiantes-de-la-xv-y-ii-region-por-su-desempeno-escolar-de-excelencia","status":"publish","type":"post","link":"https:\/\/www.uta.cl\/index.php\/2025\/11\/20\/utarapaca-entrego-reconocimiento-a-mil-estudiantes-de-la-xv-y-ii-region-por-su-desempeno-escolar-de-excelencia\/","title":{"rendered":"UTarapac\u00e1 entreg\u00f3 reconocimiento a mil estudiantes de la XV y II regi\u00f3n por su desempe\u00f1o escolar de excelencia"},"content":{"rendered":"\n<div class=\"wp-block-image\"><figure class=\"aligncenter size-large is-resized\"><img loading=\"lazy\" src=\"https:\/\/www.uta.cl\/wp-content\/uploads\/2025\/11\/IMG_20251009_121110-1-1024x768.jpg\" alt=\"\" class=\"wp-image-71009\" width=\"586\" height=\"440\" srcset=\"https:\/\/www.uta.cl\/wp-content\/uploads\/2025\/11\/IMG_20251009_121110-1-1024x768.jpg 1024w, https:\/\/www.uta.cl\/wp-content\/uploads\/2025\/11\/IMG_20251009_121110-1-300x225.jpg 300w, https:\/\/www.uta.cl\/wp-content\/uploads\/2025\/11\/IMG_20251009_121110-1-768x576.jpg 768w, https:\/\/www.uta.cl\/wp-content\/uploads\/2025\/11\/IMG_20251009_121110-1-1536x1152.jpg 1536w, https:\/\/www.uta.cl\/wp-content\/uploads\/2025\/11\/IMG_20251009_121110-1-2048x1536.jpg 2048w\" sizes=\"(max-width: 586px) 100vw, 586px\" \/><\/figure><\/div>\n\n\n\n<p>La Universidad de Tarapac\u00e1 (UTA) otorg\u00f3 el diploma \u201cEstudiante Estrella\u201d al desempe\u00f1o acad\u00e9mico en la ense\u00f1anza media de mil estudiantes que se encuentran entre los diez mejores promedios de todos los cuartos medios promoci\u00f3n 2025, de la regi\u00f3n de Arica y Parinacota, y Antofagasta en reconocimiento a su dedicaci\u00f3n y esfuerzo en sus respectivos establecimientos educacionales.<\/p>\n\n\n\n<p>\u201cComo universidad estatal nos encontramos llamados a trabajar de forma mancomunada con muchas instituciones para generar las condiciones de un mejor desarrollo para nuestras regiones, para nuestra gente. En ese contexto hay que entender esta ceremonia, con ese compromiso regional nosotros queremos entregar este reconocimiento,&nbsp; ustedes que se lo han merecido gracias al trabajo, la dedicaci\u00f3n y el estudio\u201d, manifest\u00f3 el vicerrector de Desarrollo Estrat\u00e9gico, Patricio Zapata, durante la ceremonia de Arica.<\/p>\n\n\n\n<div class=\"wp-block-image\"><figure class=\"aligncenter size-large is-resized\"><img loading=\"lazy\" src=\"https:\/\/www.uta.cl\/wp-content\/uploads\/2025\/11\/IMG_20251009_120944-1024x798.jpg\" alt=\"\" class=\"wp-image-71007\" width=\"425\" height=\"330\" srcset=\"https:\/\/www.uta.cl\/wp-content\/uploads\/2025\/11\/IMG_20251009_120944-1024x798.jpg 1024w, https:\/\/www.uta.cl\/wp-content\/uploads\/2025\/11\/IMG_20251009_120944-300x234.jpg 300w, https:\/\/www.uta.cl\/wp-content\/uploads\/2025\/11\/IMG_20251009_120944-768x598.jpg 768w, https:\/\/www.uta.cl\/wp-content\/uploads\/2025\/11\/IMG_20251009_120944-1536x1197.jpg 1536w, https:\/\/www.uta.cl\/wp-content\/uploads\/2025\/11\/IMG_20251009_120944-2048x1596.jpg 2048w\" sizes=\"(max-width: 425px) 100vw, 425px\" \/><\/figure><\/div>\n\n\n\n<p>Tanto en la actividad celebrada en Arica y en Calama, se dirigi\u00f3 a los estudiantes la directora de Admisi\u00f3n y Comunicaciones Estrat\u00e9gicas, Dra. Daniela Gonz\u00e1lez, quien anunci\u00f3 que la casa de estudio mantendr\u00e1 la beca para el costo total de la matr\u00edcula de los estudiantes destacados: \u201cEs un esfuerzo de nuestra instituci\u00f3n y es un premio para todos ustedes. Estamos convencidos de que el talento debe ser respaldado con oportunidades, y esta es nuestra forma de decirles que creemos en ustedes y su capacidad para transformar el futuro\u201d.\u00a0<\/p>\n\n\n\n<div class=\"wp-block-image\"><figure class=\"aligncenter size-large is-resized\"><img loading=\"lazy\" src=\"https:\/\/www.uta.cl\/wp-content\/uploads\/2025\/11\/IMG_20251009_121640-1024x779.jpg\" alt=\"\" class=\"wp-image-71008\" width=\"425\" height=\"323\" srcset=\"https:\/\/www.uta.cl\/wp-content\/uploads\/2025\/11\/IMG_20251009_121640-1024x779.jpg 1024w, https:\/\/www.uta.cl\/wp-content\/uploads\/2025\/11\/IMG_20251009_121640-300x228.jpg 300w, https:\/\/www.uta.cl\/wp-content\/uploads\/2025\/11\/IMG_20251009_121640-768x585.jpg 768w, https:\/\/www.uta.cl\/wp-content\/uploads\/2025\/11\/IMG_20251009_121640-1536x1169.jpg 1536w, https:\/\/www.uta.cl\/wp-content\/uploads\/2025\/11\/IMG_20251009_121640-2048x1559.jpg 2048w\" sizes=\"(max-width: 425px) 100vw, 425px\" \/><\/figure><\/div>\n\n\n\n<p>En el evento realizado en Calama, el profesor de historia y coordinador de ciclo del Colegio Sagrado Familia de Tocopilla, Alberto Olmos, coment\u00f3 que \u201call\u00e1 en Tocopilla son pocas las instancias en donde los estudiantes tienen la oportunidad de ser reconocidos por su rendimiento acad\u00e9mico, por lo que estamos bastante agradecidos, tanto con la Universidad de Tarapac\u00e1 como por todas las personas organizadoras del evento\u201d.<\/p>\n\n\n\n<p>En la misma ciudad, el estudiante del Colegio Bicentenarios Sagrada Familia, Benjamin Espejo, comparti\u00f3 que \u201ca nosotros, como alumnos, que se nos destaque por nuestro rendimiento, por nuestro esfuerzo, durante todos estos cuatro a\u00f1os que hemos estado en la ense\u00f1anza media, es algo que de verdad se aprecia y nos motiva a seguir en nuestra pr\u00f3xima futura vida universitaria\u201d.<\/p>\n\n\n\n<figure class=\"wp-block-gallery columns-2 is-cropped\"><ul class=\"blocks-gallery-grid\"><li class=\"blocks-gallery-item\"><figure><img loading=\"lazy\" width=\"1024\" height=\"576\" src=\"https:\/\/www.uta.cl\/wp-content\/uploads\/2025\/11\/WhatsApp-Image-2025-11-20-at-14.22.59-1024x576.jpeg\" alt=\"\" data-id=\"71011\" data-full-url=\"https:\/\/www.uta.cl\/wp-content\/uploads\/2025\/11\/WhatsApp-Image-2025-11-20-at-14.22.59.jpeg\" data-link=\"https:\/\/www.uta.cl\/?attachment_id=71011\" class=\"wp-image-71011\" srcset=\"https:\/\/www.uta.cl\/wp-content\/uploads\/2025\/11\/WhatsApp-Image-2025-11-20-at-14.22.59-1024x576.jpeg 1024w, https:\/\/www.uta.cl\/wp-content\/uploads\/2025\/11\/WhatsApp-Image-2025-11-20-at-14.22.59-300x169.jpeg 300w, https:\/\/www.uta.cl\/wp-content\/uploads\/2025\/11\/WhatsApp-Image-2025-11-20-at-14.22.59-768x432.jpeg 768w, https:\/\/www.uta.cl\/wp-content\/uploads\/2025\/11\/WhatsApp-Image-2025-11-20-at-14.22.59.jpeg 1280w\" sizes=\"(max-width: 1024px) 100vw, 1024px\" \/><\/figure><\/li><li class=\"blocks-gallery-item\"><figure><img loading=\"lazy\" width=\"1024\" height=\"576\" src=\"https:\/\/www.uta.cl\/wp-content\/uploads\/2025\/11\/WhatsApp-Image-2025-11-20-at-14.23.01-1024x576.jpeg\" alt=\"\" data-id=\"71010\" data-full-url=\"https:\/\/www.uta.cl\/wp-content\/uploads\/2025\/11\/WhatsApp-Image-2025-11-20-at-14.23.01.jpeg\" data-link=\"https:\/\/www.uta.cl\/?attachment_id=71010\" class=\"wp-image-71010\" srcset=\"https:\/\/www.uta.cl\/wp-content\/uploads\/2025\/11\/WhatsApp-Image-2025-11-20-at-14.23.01-1024x576.jpeg 1024w, https:\/\/www.uta.cl\/wp-content\/uploads\/2025\/11\/WhatsApp-Image-2025-11-20-at-14.23.01-300x169.jpeg 300w, https:\/\/www.uta.cl\/wp-content\/uploads\/2025\/11\/WhatsApp-Image-2025-11-20-at-14.23.01-768x432.jpeg 768w, https:\/\/www.uta.cl\/wp-content\/uploads\/2025\/11\/WhatsApp-Image-2025-11-20-at-14.23.01.jpeg 1280w\" sizes=\"(max-width: 1024px) 100vw, 1024px\" \/><\/figure><\/li><\/ul><\/figure>\n\n\n\n<p>Por otro lado, la orientadora del Colegio San Marcos de Arica, Olga Wragg, coment\u00f3 que este es su segundo a\u00f1o participando en la ceremonia como orientadora y que sus estudiantes \u201cest\u00e1n muy contentos, porque es una instancia en donde se exterioriza su desarrollo pedag\u00f3gico, y adem\u00e1s ser reconocidos dentro de sus pares tambi\u00e9n es algo muy importante para ellos. Se agradece la gesti\u00f3n de la Universidad de Tarapac\u00e1\u201d.<\/p>\n\n\n\n<p>Asimismo, Juli\u00e1n Aravena, estudiante del Liceo Bicentenario Domingo Santa Mar\u00eda en Arica, expres\u00f3: \u201cEste reconocimiento me parece algo bien importante, porque es una validaci\u00f3n al esfuerzo que uno hace, y el estar reunido con gente que tambi\u00e9n se esforz\u00f3, que tambi\u00e9n dio todo de s\u00ed durante estos a\u00f1os, es muy bonito y como que valida bastante la postura de uno frente a lo que pasar\u00e1 en el futuro\u201d.<\/p>\n","protected":false},"excerpt":{"rendered":"<p>La casa de estudios realiz\u00f3 tres ceremonias durante noviembre, donde tambi\u00e9n anunci\u00f3 que mantendr\u00e1 una beca para el costo total de la matr\u00edcula de los estudiantes destacados.<\/p>\n","protected":false},"author":13,"featured_media":71009,"comment_status":"open","ping_status":"open","sticky":false,"template":"","format":"standard","meta":[],"categories":[315,316],"tags":[],"_links":{"self":[{"href":"https:\/\/www.uta.cl\/index.php\/wp-json\/wp\/v2\/posts\/71006"}],"collection":[{"href":"https:\/\/www.uta.cl\/index.php\/wp-json\/wp\/v2\/posts"}],"about":[{"href":"https:\/\/www.uta.cl\/index.php\/wp-json\/wp\/v2\/types\/post"}],"author":[{"embeddable":true,"href":"https:\/\/www.uta.cl\/index.php\/wp-json\/wp\/v2\/users\/13"}],"replies":[{"embeddable":true,"href":"https:\/\/www.uta.cl\/index.php\/wp-json\/wp\/v2\/comments?post=71006"}],"version-history":[{"count":1,"href":"https:\/\/www.uta.cl\/index.php\/wp-json\/wp\/v2\/posts\/71006\/revisions"}],"predecessor-version":[{"id":71012,"href":"https:\/\/www.uta.cl\/index.php\/wp-json\/wp\/v2\/posts\/71006\/revisions\/71012"}],"wp:featuredmedia":[{"embeddable":true,"href":"https:\/\/www.uta.cl\/index.php\/wp-json\/wp\/v2\/media\/71009"}],"wp:attachment":[{"href":"https:\/\/www.uta.cl\/index.php\/wp-json\/wp\/v2\/media?parent=71006"}],"wp:term":[{"taxonomy":"category","embeddable":true,"href":"https:\/\/www.uta.cl\/index.php\/wp-json\/wp\/v2\/categories?post=71006"},{"taxonomy":"post_tag","embeddable":true,"href":"https:\/\/www.uta.cl\/index.php\/wp-json\/wp\/v2\/tags?post=71006"}],"curies":[{"name":"wp","href":"https:\/\/api.w.org\/{rel}","templated":true}]}}