{"id":70898,"date":"2025-11-13T20:14:37","date_gmt":"2025-11-13T20:14:37","guid":{"rendered":"https:\/\/www.uta.cl\/?p=70898"},"modified":"2025-11-13T20:30:26","modified_gmt":"2025-11-13T20:30:26","slug":"universidad-de-tarapaca-lanza-con-exito-la-entrada-folklorica-universitaria-2025-y-se-prepara-para-su-gran-despliegue-el-27-de-noviembre","status":"publish","type":"post","link":"https:\/\/www.uta.cl\/index.php\/2025\/11\/13\/universidad-de-tarapaca-lanza-con-exito-la-entrada-folklorica-universitaria-2025-y-se-prepara-para-su-gran-despliegue-el-27-de-noviembre\/","title":{"rendered":"Universidad de Tarapac\u00e1 lanza con \u00e9xito la \u201cEntrada Folkl\u00f3rica Universitaria 2025\u201d y se prepara para su gran despliegue el 27 de noviembre"},"content":{"rendered":"\n<p>Con m\u00faltiples colores, m\u00fasica y tradici\u00f3n, la Universidad de Tarapac\u00e1 dio el puntapi\u00e9 inicial a la \u201cEntrada Folkl\u00f3rica Universitaria 2025\u201d el pasado 29 de octubre en el Campus Saucache. El lanzamiento convoc\u00f3 a cientos de estudiantes y marc\u00f3 el camino hacia la gran presentaci\u00f3n de comparsas y fraternidades programada para el jueves 27 de noviembre en la UTA.<\/p>\n\n\n\n<p>Durante la jornada, las fraternidades Salay Saucache, Tinkus Pintatani, Tobas Naimatac, Diablada Uta\u00edna y Afro UTA, integradas por estudiantes de diversas facultades, llenaron de orgullo a la comunidad universitaria con coreograf\u00edas, vestimentas y ritmos que celebran la diversidad cultural del extremo norte de Chile.<\/p>\n\n\n\n<p>Esta iniciativa, nacida desde las propias generaciones de estudiantes de la UTA, busca consolidar una nueva tradici\u00f3n que vincule a la universidad estatal m\u00e1s importante de la regi\u00f3n con las ra\u00edces, costumbres y riqueza multicultural de Arica y Parinacota.<\/p>\n\n\n\n<p>El lanzamiento cont\u00f3 con el respaldo de la Direcci\u00f3n de Asuntos Estudiantiles (DAE), la carrera de Dise\u00f1o Multimedia, la Corporaci\u00f3n Nacional de Desarrollo Ind\u00edgena (CONADI), la Oficina de Asuntos Ind\u00edgenas de la Municipalidad de Arica, UTA Ch\u2019alla y fraternidades hermanas que se sumaron solidariamente al proyecto.<\/p>\n\n\n\n<p>En su segunda versi\u00f3n, la \u201cEntrada Folkl\u00f3rica Universitaria 2025\u201d se proyecta como un evento anual que une a la UTA con la identidad y la cultura del norte grande.<\/p>\n\n\n\n<figure class=\"wp-block-gallery columns-3 is-cropped\"><ul class=\"blocks-gallery-grid\"><li class=\"blocks-gallery-item\"><figure><a href=\"https:\/\/www.uta.cl\/wp-content\/uploads\/2025\/11\/Captura-de-pantalla-2025-11-13-a-las-5.16.15\u202fp.m..png\"><img loading=\"lazy\" width=\"1024\" height=\"693\" src=\"https:\/\/www.uta.cl\/wp-content\/uploads\/2025\/11\/Captura-de-pantalla-2025-11-13-a-las-5.16.15\u202fp.m.-1024x693.png\" alt=\"\" data-id=\"70906\" data-full-url=\"https:\/\/www.uta.cl\/wp-content\/uploads\/2025\/11\/Captura-de-pantalla-2025-11-13-a-las-5.16.15\u202fp.m..png\" data-link=\"https:\/\/www.uta.cl\/index.php\/2025\/11\/13\/universidad-de-tarapaca-lanza-con-exito-la-entrada-folklorica-universitaria-2025-y-se-prepara-para-su-gran-despliegue-el-27-de-noviembre\/captura-de-pantalla-2025-11-13-a-las-5-16-15%e2%80%afp-m\/\" class=\"wp-image-70906\" srcset=\"https:\/\/www.uta.cl\/wp-content\/uploads\/2025\/11\/Captura-de-pantalla-2025-11-13-a-las-5.16.15\u202fp.m.-1024x693.png 1024w, https:\/\/www.uta.cl\/wp-content\/uploads\/2025\/11\/Captura-de-pantalla-2025-11-13-a-las-5.16.15\u202fp.m.-300x203.png 300w, https:\/\/www.uta.cl\/wp-content\/uploads\/2025\/11\/Captura-de-pantalla-2025-11-13-a-las-5.16.15\u202fp.m.-768x520.png 768w, https:\/\/www.uta.cl\/wp-content\/uploads\/2025\/11\/Captura-de-pantalla-2025-11-13-a-las-5.16.15\u202fp.m.-1536x1039.png 1536w, https:\/\/www.uta.cl\/wp-content\/uploads\/2025\/11\/Captura-de-pantalla-2025-11-13-a-las-5.16.15\u202fp.m.-2048x1386.png 2048w\" sizes=\"(max-width: 1024px) 100vw, 1024px\" \/><\/a><\/figure><\/li><li class=\"blocks-gallery-item\"><figure><a href=\"https:\/\/www.uta.cl\/wp-content\/uploads\/2025\/11\/Captura-de-pantalla-2025-11-13-a-las-5.21.50\u202fp.m..png\"><img loading=\"lazy\" width=\"1024\" height=\"685\" src=\"https:\/\/www.uta.cl\/wp-content\/uploads\/2025\/11\/Captura-de-pantalla-2025-11-13-a-las-5.21.50\u202fp.m.-1024x685.png\" alt=\"\" data-id=\"70907\" data-full-url=\"https:\/\/www.uta.cl\/wp-content\/uploads\/2025\/11\/Captura-de-pantalla-2025-11-13-a-las-5.21.50\u202fp.m..png\" data-link=\"https:\/\/www.uta.cl\/index.php\/2025\/11\/13\/universidad-de-tarapaca-lanza-con-exito-la-entrada-folklorica-universitaria-2025-y-se-prepara-para-su-gran-despliegue-el-27-de-noviembre\/captura-de-pantalla-2025-11-13-a-las-5-21-50%e2%80%afp-m\/\" class=\"wp-image-70907\" srcset=\"https:\/\/www.uta.cl\/wp-content\/uploads\/2025\/11\/Captura-de-pantalla-2025-11-13-a-las-5.21.50\u202fp.m.-1024x685.png 1024w, https:\/\/www.uta.cl\/wp-content\/uploads\/2025\/11\/Captura-de-pantalla-2025-11-13-a-las-5.21.50\u202fp.m.-300x201.png 300w, https:\/\/www.uta.cl\/wp-content\/uploads\/2025\/11\/Captura-de-pantalla-2025-11-13-a-las-5.21.50\u202fp.m.-768x514.png 768w, https:\/\/www.uta.cl\/wp-content\/uploads\/2025\/11\/Captura-de-pantalla-2025-11-13-a-las-5.21.50\u202fp.m.-1536x1028.png 1536w, https:\/\/www.uta.cl\/wp-content\/uploads\/2025\/11\/Captura-de-pantalla-2025-11-13-a-las-5.21.50\u202fp.m.-2048x1371.png 2048w\" sizes=\"(max-width: 1024px) 100vw, 1024px\" \/><\/a><\/figure><\/li><li class=\"blocks-gallery-item\"><figure><a href=\"https:\/\/www.uta.cl\/wp-content\/uploads\/2025\/11\/Captura-de-pantalla-2025-11-13-a-las-5.22.01\u202fp.m..png\"><img loading=\"lazy\" width=\"1024\" height=\"681\" src=\"https:\/\/www.uta.cl\/wp-content\/uploads\/2025\/11\/Captura-de-pantalla-2025-11-13-a-las-5.22.01\u202fp.m.-1024x681.png\" alt=\"\" data-id=\"70908\" data-full-url=\"https:\/\/www.uta.cl\/wp-content\/uploads\/2025\/11\/Captura-de-pantalla-2025-11-13-a-las-5.22.01\u202fp.m..png\" data-link=\"https:\/\/www.uta.cl\/index.php\/2025\/11\/13\/universidad-de-tarapaca-lanza-con-exito-la-entrada-folklorica-universitaria-2025-y-se-prepara-para-su-gran-despliegue-el-27-de-noviembre\/captura-de-pantalla-2025-11-13-a-las-5-22-01%e2%80%afp-m\/\" class=\"wp-image-70908\" srcset=\"https:\/\/www.uta.cl\/wp-content\/uploads\/2025\/11\/Captura-de-pantalla-2025-11-13-a-las-5.22.01\u202fp.m.-1024x681.png 1024w, https:\/\/www.uta.cl\/wp-content\/uploads\/2025\/11\/Captura-de-pantalla-2025-11-13-a-las-5.22.01\u202fp.m.-300x200.png 300w, https:\/\/www.uta.cl\/wp-content\/uploads\/2025\/11\/Captura-de-pantalla-2025-11-13-a-las-5.22.01\u202fp.m.-768x511.png 768w, https:\/\/www.uta.cl\/wp-content\/uploads\/2025\/11\/Captura-de-pantalla-2025-11-13-a-las-5.22.01\u202fp.m.-1536x1022.png 1536w, https:\/\/www.uta.cl\/wp-content\/uploads\/2025\/11\/Captura-de-pantalla-2025-11-13-a-las-5.22.01\u202fp.m.-2048x1362.png 2048w\" sizes=\"(max-width: 1024px) 100vw, 1024px\" \/><\/a><\/figure><\/li><li class=\"blocks-gallery-item\"><figure><a href=\"https:\/\/www.uta.cl\/wp-content\/uploads\/2025\/11\/Captura-de-pantalla-2025-11-13-a-las-5.22.09\u202fp.m..png\"><img loading=\"lazy\" width=\"1024\" height=\"651\" src=\"https:\/\/www.uta.cl\/wp-content\/uploads\/2025\/11\/Captura-de-pantalla-2025-11-13-a-las-5.22.09\u202fp.m.-1024x651.png\" alt=\"\" data-id=\"70911\" data-full-url=\"https:\/\/www.uta.cl\/wp-content\/uploads\/2025\/11\/Captura-de-pantalla-2025-11-13-a-las-5.22.09\u202fp.m..png\" data-link=\"https:\/\/www.uta.cl\/index.php\/2025\/11\/13\/universidad-de-tarapaca-lanza-con-exito-la-entrada-folklorica-universitaria-2025-y-se-prepara-para-su-gran-despliegue-el-27-de-noviembre\/captura-de-pantalla-2025-11-13-a-las-5-22-09%e2%80%afp-m\/\" class=\"wp-image-70911\" srcset=\"https:\/\/www.uta.cl\/wp-content\/uploads\/2025\/11\/Captura-de-pantalla-2025-11-13-a-las-5.22.09\u202fp.m.-1024x651.png 1024w, https:\/\/www.uta.cl\/wp-content\/uploads\/2025\/11\/Captura-de-pantalla-2025-11-13-a-las-5.22.09\u202fp.m.-300x191.png 300w, https:\/\/www.uta.cl\/wp-content\/uploads\/2025\/11\/Captura-de-pantalla-2025-11-13-a-las-5.22.09\u202fp.m.-768x488.png 768w, https:\/\/www.uta.cl\/wp-content\/uploads\/2025\/11\/Captura-de-pantalla-2025-11-13-a-las-5.22.09\u202fp.m.-1536x977.png 1536w, https:\/\/www.uta.cl\/wp-content\/uploads\/2025\/11\/Captura-de-pantalla-2025-11-13-a-las-5.22.09\u202fp.m.-2048x1302.png 2048w\" sizes=\"(max-width: 1024px) 100vw, 1024px\" \/><\/a><\/figure><\/li><li class=\"blocks-gallery-item\"><figure><a href=\"https:\/\/www.uta.cl\/wp-content\/uploads\/2025\/11\/1.jpg\"><img loading=\"lazy\" width=\"965\" height=\"659\" src=\"https:\/\/www.uta.cl\/wp-content\/uploads\/2025\/11\/1.jpg\" alt=\"\" data-id=\"70899\" data-full-url=\"https:\/\/www.uta.cl\/wp-content\/uploads\/2025\/11\/1.jpg\" data-link=\"https:\/\/www.uta.cl\/index.php\/2025\/11\/13\/universidad-de-tarapaca-lanza-con-exito-la-entrada-folklorica-universitaria-2025-y-se-prepara-para-su-gran-despliegue-el-27-de-noviembre\/1-264\/\" class=\"wp-image-70899\" srcset=\"https:\/\/www.uta.cl\/wp-content\/uploads\/2025\/11\/1.jpg 965w, https:\/\/www.uta.cl\/wp-content\/uploads\/2025\/11\/1-300x205.jpg 300w, https:\/\/www.uta.cl\/wp-content\/uploads\/2025\/11\/1-768x524.jpg 768w\" sizes=\"(max-width: 965px) 100vw, 965px\" \/><\/a><\/figure><\/li><li class=\"blocks-gallery-item\"><figure><a href=\"https:\/\/www.uta.cl\/wp-content\/uploads\/2025\/11\/2.jpg\"><img loading=\"lazy\" width=\"1024\" height=\"689\" src=\"https:\/\/www.uta.cl\/wp-content\/uploads\/2025\/11\/2-1024x689.jpg\" alt=\"\" data-id=\"70900\" data-full-url=\"https:\/\/www.uta.cl\/wp-content\/uploads\/2025\/11\/2.jpg\" data-link=\"https:\/\/www.uta.cl\/index.php\/2025\/11\/13\/universidad-de-tarapaca-lanza-con-exito-la-entrada-folklorica-universitaria-2025-y-se-prepara-para-su-gran-despliegue-el-27-de-noviembre\/2-225\/\" class=\"wp-image-70900\" srcset=\"https:\/\/www.uta.cl\/wp-content\/uploads\/2025\/11\/2-1024x689.jpg 1024w, https:\/\/www.uta.cl\/wp-content\/uploads\/2025\/11\/2-300x202.jpg 300w, https:\/\/www.uta.cl\/wp-content\/uploads\/2025\/11\/2-768x517.jpg 768w, https:\/\/www.uta.cl\/wp-content\/uploads\/2025\/11\/2.jpg 1063w\" sizes=\"(max-width: 1024px) 100vw, 1024px\" \/><\/a><\/figure><\/li><li class=\"blocks-gallery-item\"><figure><a href=\"https:\/\/www.uta.cl\/wp-content\/uploads\/2025\/11\/3.jpg\"><img loading=\"lazy\" width=\"632\" height=\"390\" src=\"https:\/\/www.uta.cl\/wp-content\/uploads\/2025\/11\/3.jpg\" alt=\"\" data-id=\"70901\" data-full-url=\"https:\/\/www.uta.cl\/wp-content\/uploads\/2025\/11\/3.jpg\" data-link=\"https:\/\/www.uta.cl\/index.php\/2025\/11\/13\/universidad-de-tarapaca-lanza-con-exito-la-entrada-folklorica-universitaria-2025-y-se-prepara-para-su-gran-despliegue-el-27-de-noviembre\/3-157\/\" class=\"wp-image-70901\" srcset=\"https:\/\/www.uta.cl\/wp-content\/uploads\/2025\/11\/3.jpg 632w, https:\/\/www.uta.cl\/wp-content\/uploads\/2025\/11\/3-300x185.jpg 300w\" sizes=\"(max-width: 632px) 100vw, 632px\" \/><\/a><\/figure><\/li><li class=\"blocks-gallery-item\"><figure><a href=\"https:\/\/www.uta.cl\/wp-content\/uploads\/2025\/11\/4.jpg\"><img loading=\"lazy\" width=\"1024\" height=\"709\" src=\"https:\/\/www.uta.cl\/wp-content\/uploads\/2025\/11\/4-1024x709.jpg\" alt=\"\" data-id=\"70902\" data-full-url=\"https:\/\/www.uta.cl\/wp-content\/uploads\/2025\/11\/4.jpg\" data-link=\"https:\/\/www.uta.cl\/index.php\/2025\/11\/13\/universidad-de-tarapaca-lanza-con-exito-la-entrada-folklorica-universitaria-2025-y-se-prepara-para-su-gran-despliegue-el-27-de-noviembre\/4-119\/\" class=\"wp-image-70902\" srcset=\"https:\/\/www.uta.cl\/wp-content\/uploads\/2025\/11\/4-1024x709.jpg 1024w, https:\/\/www.uta.cl\/wp-content\/uploads\/2025\/11\/4-300x208.jpg 300w, https:\/\/www.uta.cl\/wp-content\/uploads\/2025\/11\/4-768x532.jpg 768w, https:\/\/www.uta.cl\/wp-content\/uploads\/2025\/11\/4.jpg 1133w\" sizes=\"(max-width: 1024px) 100vw, 1024px\" \/><\/a><\/figure><\/li><li class=\"blocks-gallery-item\"><figure><a href=\"https:\/\/www.uta.cl\/wp-content\/uploads\/2025\/11\/5.jpg\"><img loading=\"lazy\" width=\"959\" height=\"627\" src=\"https:\/\/www.uta.cl\/wp-content\/uploads\/2025\/11\/5.jpg\" alt=\"\" data-id=\"70903\" data-full-url=\"https:\/\/www.uta.cl\/wp-content\/uploads\/2025\/11\/5.jpg\" data-link=\"https:\/\/www.uta.cl\/index.php\/2025\/11\/13\/universidad-de-tarapaca-lanza-con-exito-la-entrada-folklorica-universitaria-2025-y-se-prepara-para-su-gran-despliegue-el-27-de-noviembre\/5-80\/\" class=\"wp-image-70903\" srcset=\"https:\/\/www.uta.cl\/wp-content\/uploads\/2025\/11\/5.jpg 959w, https:\/\/www.uta.cl\/wp-content\/uploads\/2025\/11\/5-300x196.jpg 300w, https:\/\/www.uta.cl\/wp-content\/uploads\/2025\/11\/5-768x502.jpg 768w\" sizes=\"(max-width: 959px) 100vw, 959px\" \/><\/a><\/figure><\/li><li class=\"blocks-gallery-item\"><figure><a href=\"https:\/\/www.uta.cl\/wp-content\/uploads\/2025\/11\/6.jpg\"><img loading=\"lazy\" width=\"1024\" height=\"675\" src=\"https:\/\/www.uta.cl\/wp-content\/uploads\/2025\/11\/6-1024x675.jpg\" alt=\"\" data-id=\"70904\" data-full-url=\"https:\/\/www.uta.cl\/wp-content\/uploads\/2025\/11\/6.jpg\" data-link=\"https:\/\/www.uta.cl\/index.php\/2025\/11\/13\/universidad-de-tarapaca-lanza-con-exito-la-entrada-folklorica-universitaria-2025-y-se-prepara-para-su-gran-despliegue-el-27-de-noviembre\/6-59\/\" class=\"wp-image-70904\" srcset=\"https:\/\/www.uta.cl\/wp-content\/uploads\/2025\/11\/6-1024x675.jpg 1024w, https:\/\/www.uta.cl\/wp-content\/uploads\/2025\/11\/6-300x198.jpg 300w, https:\/\/www.uta.cl\/wp-content\/uploads\/2025\/11\/6-768x506.jpg 768w, https:\/\/www.uta.cl\/wp-content\/uploads\/2025\/11\/6.jpg 1291w\" sizes=\"(max-width: 1024px) 100vw, 1024px\" \/><\/a><\/figure><\/li><\/ul><\/figure>\n","protected":false},"excerpt":{"rendered":"<p>Con m\u00faltiples colores, m\u00fasica y tradici\u00f3n, la Universidad de Tarapac\u00e1 dio el puntapi\u00e9 inicial a la \u201cEntrada Folkl\u00f3rica Universitaria 2025\u201d el pasado 29 de octubre en el Campus Saucache. El lanzamiento convoc\u00f3 a cientos de estudiantes y marc\u00f3 el camino hacia la gran presentaci\u00f3n de comparsas y fraternidades programada para el jueves 27 de noviembre [&hellip;]<\/p>\n","protected":false},"author":13,"featured_media":70908,"comment_status":"open","ping_status":"open","sticky":false,"template":"","format":"standard","meta":[],"categories":[318],"tags":[],"_links":{"self":[{"href":"https:\/\/www.uta.cl\/index.php\/wp-json\/wp\/v2\/posts\/70898"}],"collection":[{"href":"https:\/\/www.uta.cl\/index.php\/wp-json\/wp\/v2\/posts"}],"about":[{"href":"https:\/\/www.uta.cl\/index.php\/wp-json\/wp\/v2\/types\/post"}],"author":[{"embeddable":true,"href":"https:\/\/www.uta.cl\/index.php\/wp-json\/wp\/v2\/users\/13"}],"replies":[{"embeddable":true,"href":"https:\/\/www.uta.cl\/index.php\/wp-json\/wp\/v2\/comments?post=70898"}],"version-history":[{"count":3,"href":"https:\/\/www.uta.cl\/index.php\/wp-json\/wp\/v2\/posts\/70898\/revisions"}],"predecessor-version":[{"id":70918,"href":"https:\/\/www.uta.cl\/index.php\/wp-json\/wp\/v2\/posts\/70898\/revisions\/70918"}],"wp:featuredmedia":[{"embeddable":true,"href":"https:\/\/www.uta.cl\/index.php\/wp-json\/wp\/v2\/media\/70908"}],"wp:attachment":[{"href":"https:\/\/www.uta.cl\/index.php\/wp-json\/wp\/v2\/media?parent=70898"}],"wp:term":[{"taxonomy":"category","embeddable":true,"href":"https:\/\/www.uta.cl\/index.php\/wp-json\/wp\/v2\/categories?post=70898"},{"taxonomy":"post_tag","embeddable":true,"href":"https:\/\/www.uta.cl\/index.php\/wp-json\/wp\/v2\/tags?post=70898"}],"curies":[{"name":"wp","href":"https:\/\/api.w.org\/{rel}","templated":true}]}}