{"id":70473,"date":"2025-10-29T13:48:27","date_gmt":"2025-10-29T13:48:27","guid":{"rendered":"https:\/\/www.uta.cl\/?p=70473"},"modified":"2025-10-29T13:48:37","modified_gmt":"2025-10-29T13:48:37","slug":"cinco-academicos-de-la-sede-iquique-fueron-seleccionados-para-integrar-grupos-de-estudio-fondecyt","status":"publish","type":"post","link":"https:\/\/www.uta.cl\/index.php\/2025\/10\/29\/cinco-academicos-de-la-sede-iquique-fueron-seleccionados-para-integrar-grupos-de-estudio-fondecyt\/","title":{"rendered":"Cinco acad\u00e9micos de la Sede Iquique fueron seleccionados para integrar Grupos de Estudio Fondecyt"},"content":{"rendered":"\n<div class=\"wp-block-image\"><figure class=\"aligncenter size-large is-resized\"><img loading=\"lazy\" src=\"https:\/\/www.uta.cl\/wp-content\/uploads\/2025\/10\/Captura-de-pantalla-2025-10-29-104634-1024x681.png\" alt=\"\" class=\"wp-image-70474\" width=\"604\" height=\"401\" srcset=\"https:\/\/www.uta.cl\/wp-content\/uploads\/2025\/10\/Captura-de-pantalla-2025-10-29-104634-1024x681.png 1024w, https:\/\/www.uta.cl\/wp-content\/uploads\/2025\/10\/Captura-de-pantalla-2025-10-29-104634-300x199.png 300w, https:\/\/www.uta.cl\/wp-content\/uploads\/2025\/10\/Captura-de-pantalla-2025-10-29-104634-768x511.png 768w, https:\/\/www.uta.cl\/wp-content\/uploads\/2025\/10\/Captura-de-pantalla-2025-10-29-104634.png 1047w\" sizes=\"(max-width: 604px) 100vw, 604px\" \/><\/figure><\/div>\n\n\n\n<p>Desde la Sede Iquique de la Universidad de Tarapac\u00e1, cinco acad\u00e9micos fueron seleccionados para integrar distintos Grupos de Estudio del Fondo Nacional de Desarrollo Cient\u00edfico y Tecnol\u00f3gico (Fondecyt). Estos grupos constituyen un nivel de decisi\u00f3n intermedio entre los evaluadores externos y los Consejos Superiores de Fondecyt, asesorando en la selecci\u00f3n de proyectos que se postulan a los concursos.<\/p>\n\n\n\n<p>&#8220;Nos llena de orgullo que cinco acad\u00e9micos de la Sede Iquique hayan sido seleccionados para los grupos de estudio de FONDECYT, lo que refleja el compromiso y la excelencia de nuestra sede en investigaci\u00f3n de alto nivel&#8221;, expres\u00f3 el director general de Sede Iquique (s), Iv\u00e1n Silva.<\/p>\n\n\n\n<p>Actualmente existen 27 grupos, divididos por \u00e1reas tem\u00e1ticas y conformados por investigadores destacados de la comunidad cient\u00edfica-tecnol\u00f3gica nacional, designados y renovados peri\u00f3dicamente por los Consejos Superiores y organizados por la Direcci\u00f3n del Programa Fondecyt.&nbsp;<\/p>\n\n\n\n<p>En el grupo de Ciencias Jur\u00eddicas y Pol\u00edticas se encuentran los acad\u00e9micos Cristian Ovando y Romina Ramos; en el grupo de Sociolog\u00eda y Ciencias de la Informaci\u00f3n se encuentra la acad\u00e9mica Marcela Tapia; y en Antropolog\u00eda y Arqueolog\u00eda, la acad\u00e9mica Nanette Liberona, todos ellos pertenecientes al claustro del Doctorado en Ciencias Sociales. Tambi\u00e9n se destaca la presencia del acad\u00e9mico Jairo Lucero, perteneciente a la Escuela de Derecho Iquique.<\/p>\n\n\n\n<p>La integraci\u00f3n a estos grupos se basa en m\u00e9ritos acad\u00e9micos como la adjudicaci\u00f3n previa de proyectos de iniciaci\u00f3n o regulares, publicaciones cient\u00edficas y contribuciones relevantes en \u00e1reas espec\u00edficas de investigaci\u00f3n. Su conformaci\u00f3n responde tambi\u00e9n a la pertinencia de las l\u00edneas de investigaci\u00f3n respecto de las tem\u00e1ticas predominantes en cada convocatoria.<\/p>\n\n\n\n<p>En ese sentido, el Dr. Cristian Ovando coment\u00f3: \u201cNuestra participaci\u00f3n representa un reconocimiento a la labor acad\u00e9mica desarrollada desde la Sede Iquique, destacando la contribuci\u00f3n de l\u00edneas de investigaci\u00f3n situadas en un contexto fronterizo y de zona extrema, enfocadas en fen\u00f3menos sociales propios de este territorio\u201d.<\/p>\n","protected":false},"excerpt":{"rendered":"<p>Su participaci\u00f3n representa un reconocimiento a la labor acad\u00e9mica desarrollada por la Sede, destacando su contribuci\u00f3n en l\u00edneas de investigaci\u00f3n como relaciones transfronterizas, din\u00e1micas socio-ambientales en los Andes centro-sur, y movilidad, migraciones y fronteras.<\/p>\n","protected":false},"author":13,"featured_media":70474,"comment_status":"open","ping_status":"open","sticky":false,"template":"","format":"standard","meta":[],"categories":[316,51],"tags":[],"_links":{"self":[{"href":"https:\/\/www.uta.cl\/index.php\/wp-json\/wp\/v2\/posts\/70473"}],"collection":[{"href":"https:\/\/www.uta.cl\/index.php\/wp-json\/wp\/v2\/posts"}],"about":[{"href":"https:\/\/www.uta.cl\/index.php\/wp-json\/wp\/v2\/types\/post"}],"author":[{"embeddable":true,"href":"https:\/\/www.uta.cl\/index.php\/wp-json\/wp\/v2\/users\/13"}],"replies":[{"embeddable":true,"href":"https:\/\/www.uta.cl\/index.php\/wp-json\/wp\/v2\/comments?post=70473"}],"version-history":[{"count":1,"href":"https:\/\/www.uta.cl\/index.php\/wp-json\/wp\/v2\/posts\/70473\/revisions"}],"predecessor-version":[{"id":70475,"href":"https:\/\/www.uta.cl\/index.php\/wp-json\/wp\/v2\/posts\/70473\/revisions\/70475"}],"wp:featuredmedia":[{"embeddable":true,"href":"https:\/\/www.uta.cl\/index.php\/wp-json\/wp\/v2\/media\/70474"}],"wp:attachment":[{"href":"https:\/\/www.uta.cl\/index.php\/wp-json\/wp\/v2\/media?parent=70473"}],"wp:term":[{"taxonomy":"category","embeddable":true,"href":"https:\/\/www.uta.cl\/index.php\/wp-json\/wp\/v2\/categories?post=70473"},{"taxonomy":"post_tag","embeddable":true,"href":"https:\/\/www.uta.cl\/index.php\/wp-json\/wp\/v2\/tags?post=70473"}],"curies":[{"name":"wp","href":"https:\/\/api.w.org\/{rel}","templated":true}]}}