{"id":70438,"date":"2025-10-28T15:19:49","date_gmt":"2025-10-28T15:19:49","guid":{"rendered":"https:\/\/www.uta.cl\/?p=70438"},"modified":"2025-10-28T15:20:14","modified_gmt":"2025-10-28T15:20:14","slug":"presidenta-del-comite-etico-cientifico-de-la-utarapaca-expone-en-seminario-internacional-sobre-inteligencia-artificial-y-grupos-minoritarios","status":"publish","type":"post","link":"https:\/\/www.uta.cl\/index.php\/2025\/10\/28\/presidenta-del-comite-etico-cientifico-de-la-utarapaca-expone-en-seminario-internacional-sobre-inteligencia-artificial-y-grupos-minoritarios\/","title":{"rendered":"Presidenta del Comit\u00e9 \u00c9tico Cient\u00edfico de la UTarapac\u00e1 expone en seminario internacional sobre inteligencia artificial y grupos minoritarios"},"content":{"rendered":"\n<p>La Dra. Natalia Herrera Medina, presidenta del Comit\u00e9 \u00c9tico Cient\u00edfico y directora del Departamento de Enfermer\u00eda de la Universidad de Tarapac\u00e1, particip\u00f3 como expositora en el Seminario internacional \u201cInteligencia Artificial y Grupos Minoritarios: Dilemas y desaf\u00edos sociojur\u00eddicos, criminol\u00f3gicos y \u00e9ticos\u201d, evento organizado por la Universidad Central de Chile a trav\u00e9s del Centro de Investigaci\u00f3n Sociojur\u00eddica, Criminol\u00f3gica y \u00c9tica (Cisce), con el apoyo de la Vicerrector\u00eda de Investigaci\u00f3n, Innovaci\u00f3n y Postgrado (VRIIP) y la Drecci\u00f3n de Relaciones Internacionales (DRI).<\/p>\n\n\n\n<p>El evento, realizado el 16 y 17 de octubre en modalidad h\u00edbrida, reuni\u00f3 a investigadores de Francia, Italia, Argentina, Alemania, Espa\u00f1a, Costa Rica y Chile, quienes analizaron los impactos de la inteligencia artificial (IA) en grupos minoritarios y vulnerables, desde un enfoque interdisciplinario que abarca el derecho, la bio\u00e9tica, la medicina, la ingenier\u00eda y las ciencias sociales.<\/p>\n\n\n\n<p>El objetivo central del seminario fue generar un espacio de reflexi\u00f3n acad\u00e9mica sobre los desaf\u00edos \u00e9ticos y sociales asociados al desarrollo de la inteligencia artificial, as\u00ed como fortalecer la colaboraci\u00f3n entre las comunidades acad\u00e9micas de Chile y Francia, con el patrocinio de instituciones como la Direcci\u00f3n de Relaciones Internacionales (U. Central), Academia Franco-Latinoamericana de Bio\u00e9tica (Francia), Instituto Franc\u00e9s, Organizaci\u00f3n de las Naciones Unidas para la Educaci\u00f3n, la Ciencia y la Cultura (Unesco), Commission nationale fran\u00e7aise pour l\u2019Unesco y Embajada de Francia en Chile.<\/p>\n\n\n\n<p>La Dra. Natalia Herrera particip\u00f3 en la mesa que abord\u00f3 el tema \u201cDilemas \u00e9ticos y grupos minoritarios ante la expansi\u00f3n de la inteligencia artificial\u201d, aportando con una exposici\u00f3n enfocada en definir las orientaciones para una investigaci\u00f3n \u00e9tica con grupos \u00e9tnicos. En la ocasi\u00f3n, la presidenta del Comit\u00e9 \u00c9tico Cient\u00edfico de la UTA, comparti\u00f3 panel con reconocidos especialistas como el Dr. J\u00f6rg Stippel (U. Central), Liliana Siede (U. de Buenos Aires), Ang\u00e9lica Melita (U. de Concepci\u00f3n), Juan Alberto Lecaros (U. del Desarrollo) y una machi invitada quien comparti\u00f3 una perspectiva intercultural sobre salud e inteligencia artificial.<\/p>\n\n\n\n<p>\u201cSi bien son innumerables los beneficios de la inteligencia artificial en la educaci\u00f3n, la salud y otras actividades propias de la sociedad, debemos identificar y abordar de los desaf\u00edos de su implementaci\u00f3n y uso, como asegurar la veracidad de la informaci\u00f3n que entrena la inteligencia artificial, la confidencialidad y privacidad de los datos, as\u00ed como mitigar los sesgos relacionados con la discriminaci\u00f3n, los estereotipos y la falta de equidad\u201d, destac\u00f3 la Dra. Natalia Herrera Medina.<\/p>\n\n\n\n<figure class=\"wp-block-gallery columns-2 is-cropped\"><ul class=\"blocks-gallery-grid\"><li class=\"blocks-gallery-item\"><figure><a href=\"https:\/\/www.uta.cl\/wp-content\/uploads\/2025\/10\/foto-central-8.jpg\"><img loading=\"lazy\" width=\"800\" height=\"450\" src=\"https:\/\/www.uta.cl\/wp-content\/uploads\/2025\/10\/foto-central-8.jpg\" alt=\"\" data-id=\"70439\" data-full-url=\"https:\/\/www.uta.cl\/wp-content\/uploads\/2025\/10\/foto-central-8.jpg\" data-link=\"https:\/\/www.uta.cl\/?attachment_id=70439\" class=\"wp-image-70439\" srcset=\"https:\/\/www.uta.cl\/wp-content\/uploads\/2025\/10\/foto-central-8.jpg 800w, https:\/\/www.uta.cl\/wp-content\/uploads\/2025\/10\/foto-central-8-300x169.jpg 300w, https:\/\/www.uta.cl\/wp-content\/uploads\/2025\/10\/foto-central-8-768x432.jpg 768w\" sizes=\"(max-width: 800px) 100vw, 800px\" \/><\/a><\/figure><\/li><li class=\"blocks-gallery-item\"><figure><a href=\"https:\/\/www.uta.cl\/wp-content\/uploads\/2025\/10\/Foto_S5.jpg\"><img loading=\"lazy\" width=\"1024\" height=\"800\" src=\"https:\/\/www.uta.cl\/wp-content\/uploads\/2025\/10\/Foto_S5-1024x800.jpg\" alt=\"\" data-id=\"70441\" data-full-url=\"https:\/\/www.uta.cl\/wp-content\/uploads\/2025\/10\/Foto_S5.jpg\" data-link=\"https:\/\/www.uta.cl\/?attachment_id=70441\" class=\"wp-image-70441\" srcset=\"https:\/\/www.uta.cl\/wp-content\/uploads\/2025\/10\/Foto_S5-1024x800.jpg 1024w, https:\/\/www.uta.cl\/wp-content\/uploads\/2025\/10\/Foto_S5-300x234.jpg 300w, https:\/\/www.uta.cl\/wp-content\/uploads\/2025\/10\/Foto_S5-768x600.jpg 768w, https:\/\/www.uta.cl\/wp-content\/uploads\/2025\/10\/Foto_S5.jpg 1213w\" sizes=\"(max-width: 1024px) 100vw, 1024px\" \/><\/a><\/figure><\/li><li class=\"blocks-gallery-item\"><figure><a href=\"https:\/\/www.uta.cl\/wp-content\/uploads\/2025\/10\/Foto_S3.jpg\"><img loading=\"lazy\" width=\"1024\" height=\"768\" src=\"https:\/\/www.uta.cl\/wp-content\/uploads\/2025\/10\/Foto_S3-1024x768.jpg\" alt=\"\" data-id=\"70440\" data-full-url=\"https:\/\/www.uta.cl\/wp-content\/uploads\/2025\/10\/Foto_S3.jpg\" data-link=\"https:\/\/www.uta.cl\/?attachment_id=70440\" class=\"wp-image-70440\" srcset=\"https:\/\/www.uta.cl\/wp-content\/uploads\/2025\/10\/Foto_S3-1024x768.jpg 1024w, https:\/\/www.uta.cl\/wp-content\/uploads\/2025\/10\/Foto_S3-300x225.jpg 300w, https:\/\/www.uta.cl\/wp-content\/uploads\/2025\/10\/Foto_S3-768x576.jpg 768w, https:\/\/www.uta.cl\/wp-content\/uploads\/2025\/10\/Foto_S3.jpg 1280w\" sizes=\"(max-width: 1024px) 100vw, 1024px\" \/><\/a><\/figure><\/li><\/ul><\/figure>\n","protected":false},"excerpt":{"rendered":"<p>El seminario busc\u00f3 generar reflexiones \u00e9ticas clave en un di\u00e1logo global, reuniendo a expertos de Chile, Francia, Argentina y otros pa\u00edses para abordar los desaf\u00edos sociojur\u00eddicos y \u00e9ticos de la inteligencia artificial.<\/p>\n","protected":false},"author":13,"featured_media":70439,"comment_status":"open","ping_status":"open","sticky":false,"template":"","format":"standard","meta":[],"categories":[316,51],"tags":[],"_links":{"self":[{"href":"https:\/\/www.uta.cl\/index.php\/wp-json\/wp\/v2\/posts\/70438"}],"collection":[{"href":"https:\/\/www.uta.cl\/index.php\/wp-json\/wp\/v2\/posts"}],"about":[{"href":"https:\/\/www.uta.cl\/index.php\/wp-json\/wp\/v2\/types\/post"}],"author":[{"embeddable":true,"href":"https:\/\/www.uta.cl\/index.php\/wp-json\/wp\/v2\/users\/13"}],"replies":[{"embeddable":true,"href":"https:\/\/www.uta.cl\/index.php\/wp-json\/wp\/v2\/comments?post=70438"}],"version-history":[{"count":2,"href":"https:\/\/www.uta.cl\/index.php\/wp-json\/wp\/v2\/posts\/70438\/revisions"}],"predecessor-version":[{"id":70443,"href":"https:\/\/www.uta.cl\/index.php\/wp-json\/wp\/v2\/posts\/70438\/revisions\/70443"}],"wp:featuredmedia":[{"embeddable":true,"href":"https:\/\/www.uta.cl\/index.php\/wp-json\/wp\/v2\/media\/70439"}],"wp:attachment":[{"href":"https:\/\/www.uta.cl\/index.php\/wp-json\/wp\/v2\/media?parent=70438"}],"wp:term":[{"taxonomy":"category","embeddable":true,"href":"https:\/\/www.uta.cl\/index.php\/wp-json\/wp\/v2\/categories?post=70438"},{"taxonomy":"post_tag","embeddable":true,"href":"https:\/\/www.uta.cl\/index.php\/wp-json\/wp\/v2\/tags?post=70438"}],"curies":[{"name":"wp","href":"https:\/\/api.w.org\/{rel}","templated":true}]}}