{"id":70428,"date":"2025-10-28T15:14:32","date_gmt":"2025-10-28T15:14:32","guid":{"rendered":"https:\/\/www.uta.cl\/?p=70428"},"modified":"2025-10-28T15:14:41","modified_gmt":"2025-10-28T15:14:41","slug":"iii-congreso-internacional-de-investigacion-interdisciplinaria-e-ingenieria-congrego-a-mas-de-300-personas-en-la-universidad-de-tarapaca","status":"publish","type":"post","link":"https:\/\/www.uta.cl\/index.php\/2025\/10\/28\/iii-congreso-internacional-de-investigacion-interdisciplinaria-e-ingenieria-congrego-a-mas-de-300-personas-en-la-universidad-de-tarapaca\/","title":{"rendered":"III Congreso Internacional de Investigaci\u00f3n Interdisciplinaria e Ingenier\u00eda congreg\u00f3 a m\u00e1s de 300 personas en la Universidad de Tarapac\u00e1"},"content":{"rendered":"\n<p>Entre el 22 y el 24 de octubre, la Universidad de Tarapac\u00e1 fue sede del III Congreso Internacional de Investigaci\u00f3n Interdisciplinaria e Ingenier\u00eda. El evento reuni\u00f3 a m\u00e1s de 300 asistentes y cont\u00f3 con 24 ponencias, cinco charlas magistrales (dos patrocinadas por Agro Horizon Arica), dos visitas t\u00e9cnicas al Terminal Puerto Arica y a la Oliv\u00edcola Bezma del Valle de Azapa; y dos charlas a cargo de CORFO y de la Seremi de Ciencia, Tecnolog\u00eda, Conocimiento e Innovaci\u00f3n.<\/p>\n\n\n\n<p>Organizado por la Universidad de Tarapac\u00e1, con el apoyo de la Universidad de Valpara\u00edso, el Proyecto Ingenier\u00eda 2030, la Agencia Nacional de Investigaci\u00f3n y Desarrollo, Ingeniare. Revista Chilena de Ingenier\u00eda, Agro Horizon Arica, CORFO, la Red de Gestores Tecnol\u00f3gicos de Chile y la Seremi de Ciencia, Tecnolog\u00eda, Conocimiento e Innovaci\u00f3n, el congreso promovi\u00f3 la difusi\u00f3n de investigaciones aplicadas en ingenier\u00eda y la gesti\u00f3n tecnol\u00f3gica.<\/p>\n\n\n\n<p>El Vicerrector de Administraci\u00f3n y Finanzas, Jorge Bernal Peralta, destac\u00f3 que \u201ceste congreso es una oportunidad para mostrar el trabajo de la Universidad de Tarapac\u00e1,&nbsp; retroalimentarnos con otras universidades y sus respectivas facultades de ingenier\u00eda del Cono Sur y difundir nuestras investigaciones aplicadas que apoyan directamente el desarrollo regional, tanto en el \u00e1mbito acad\u00e9mico como para los estudiantes\u201d.<\/p>\n\n\n\n<p>La Seremi de Ciencia, Tecnolog\u00eda, Conocimiento e Innovaci\u00f3n, Alexia V\u00e1squez, afirm\u00f3: \u201cEstas instancias son muy enriquecedoras, porque permiten detenerse un momento y poder conversar respecto de los grandes desaf\u00edos que tiene la ingenier\u00eda, en este caso desde una mirada interdisciplinaria, que puede contribuir efectivamente a comprender mejor los problemas y tambi\u00e9n construir soluciones de largo aliento, estamos muy contentos de la participaci\u00f3n y esperamos que haya sido una charla motivadora para las y los presentes. Desde el Ministerio de Ciencias, queremos destacar la necesidad de construir pol\u00edticas p\u00fablicas pero tambi\u00e9n el desarrollo econ\u00f3mico, social de Chile, vinculado al \u00e1mbito del conocimiento. Finalmente, esta ciencia, tecnolog\u00eda, ingenier\u00eda que construimos viene a reforzar la necesidad de bienestar que tenemos y a enfrentar los desaf\u00edos que tenemos como humanidad\u201d.<\/p>\n\n\n\n<p>El Decano de la Facultad de Ingenier\u00eda, Alejandro Rodr\u00edguez Estay, enfatiz\u00f3 los v\u00ednculos que la facultad construye d\u00eda a d\u00eda con los profesionales de la regi\u00f3n: \u201cConfiamos plenamente en el trabajo que realizamos, junto a la Universidad de Valpara\u00edso, en cuanto fidelizar el trabajo con las y los profesionales del pa\u00eds y el extranjero, mediante la ejecuci\u00f3n, en consorcio, del Proyecto Ingenier\u00eda 2030. En esta nueva experiencia, queda claro que organizar un Congreso implica trabajar en comunidad, una comunidad que involucra al sector productivo y que nos permite, en esta oportunidad, visitar al Terminal Puerto Arica y a la Oliv\u00edcola Bezma del Valle de Azapa para ver c\u00f3mo funcionan desde dentro\u201d.<\/p>\n\n\n\n<p>Por su parte, el Decano de la Universidad de Valpara\u00edso, Dr. Esteban Sefair, coment\u00f3 que \u201cla verdad es que, como lo expresamos en el discurso de inauguraci\u00f3n, tanto el Decano de la Facultad de Ingenier\u00eda UTA, como yo, trabajar conjuntamente, tomando como excusa, Ingenier\u00eda 2030, estoy convencido que ha sido una de las mejores decisiones que a nivel de Decano me ha tocado tomar, no s\u00f3lo por el impacto del proyecto, sino tambi\u00e9n por poder colaborar en investigaci\u00f3n, desarrollo, innovaci\u00f3n y emprendimiento con otra universidad p\u00fablica, ambas de regiones, implica un desaf\u00edo que hemos sabido llevar adelante, colaborando con el desarrollo de la ciencia y la tecnolog\u00eda en nuestros territorios\u201d.<\/p>\n\n\n\n<p><strong>Trabajo Colaborativo Agro Horizon Arica<\/strong><\/p>\n\n\n\n<p>Para cerrar el III CINVIE 2025, Agro Horizon Arica, ejecutado por la Red de Gestores Tecnol\u00f3gicos de Chile (RedGT) con el apoyo de Corfo, culmin\u00f3 su proyecto Viraliza. En la ocasi\u00f3n, se present\u00f3 la experiencia de Tacna sobre la vinculaci\u00f3n academia-industria.<\/p>\n\n\n\n<p>La tercera jornada del proyecto Viraliza Evento \u201cAgro Horizon Arica\u201d, financiado por el programa Desarrollo Productivo Sustentable del Ministerio de Econom\u00eda, se centr\u00f3 en la aplicaci\u00f3n de la Inteligencia Artificial (IA) en la agricultura en el desierto y la transferencia tecnol\u00f3gica para conectar la academia con la industria. Esta actividad, realizada junto al programa Ingenier\u00eda 2030 en el auditorio del Departamento de Ingenier\u00eda El\u00e9ctrica y Electr\u00f3nica de la Universidad de Tarapac\u00e1, fortaleci\u00f3 el ecosistema de innovaci\u00f3n regional.<\/p>\n\n\n\n<p><strong>Transferencia Tecnol\u00f3gica<\/strong><\/p>\n\n\n\n<p>\u201cEl proyecto Viraliza Evento \u2018Agro Horizon Arica\u2019 busc\u00f3 fortalecer el ecosistema de innovaci\u00f3n y emprendimiento regional en tres jornadas, dos realizadas en mayo y esta final, destacando la transferencia tecnol\u00f3gica al sector agr\u00edcola de Arica y Parinacota, con \u00e9nfasis en agricultura en el desierto, biotecnolog\u00eda y econom\u00eda circular\u201d, explic\u00f3 el director regional de Corfo, Luis Rocafull L\u00f3pez.<\/p>\n\n\n\n<p>Daniel San Mart\u00edn Sep\u00falveda, radicado en Londres desde 2018 y profesional en un startup de inteligencia artificial, present\u00f3 \u201cFomento y Aplicaci\u00f3n de IA: potenciando su uso en la agricultura del desierto\u201d, donde destac\u00f3: \u201cUna de las ramas de la Inteligencia Artificial es lo que se llama aprendizaje de m\u00e1quinas (Machine Learning), y lo que se puede lograr con esta t\u00e9cnica es mejorar de manera sustantiva el uso de recursos, particularmente agua y energ\u00eda. Por lo tanto, la aplicaci\u00f3n de esta tecnolog\u00eda es absolutamente directa a la agricultura, y m\u00e1s a\u00fan, en situaciones de escasez h\u00eddrica\u201d.<\/p>\n\n\n\n<p>El ingeniero mec\u00e1nico tacne\u00f1o Wilson Garc\u00eda Mamani, con m\u00e1s de 20 a\u00f1os de experiencia en \u00a0ingenier\u00eda, mantenimiento industrial y gesti\u00f3n de proyectos, expuso: \u201cVinculaci\u00f3n academia-industria y transferencia tecnol\u00f3gica desde la Universidad Jorge Basadre\u201d: \u201cNosotros como universidad estamos formando, investigando y estamos iniciando con fuerza la transferencia tecnol\u00f3gica a las empresas y lo estamos haciendo principalmente de la mano con el Gobierno Regional, los municipios, con varios grupos de inter\u00e9s que est\u00e1n generando valiosa informaci\u00f3n\u201d.<\/p>\n\n\n\n<figure class=\"wp-block-gallery columns-3 is-cropped\"><ul class=\"blocks-gallery-grid\"><li class=\"blocks-gallery-item\"><figure><a href=\"https:\/\/www.uta.cl\/wp-content\/uploads\/2025\/10\/09.png\"><img loading=\"lazy\" width=\"1024\" height=\"582\" src=\"https:\/\/www.uta.cl\/wp-content\/uploads\/2025\/10\/09-1024x582.png\" alt=\"\" data-id=\"70434\" data-full-url=\"https:\/\/www.uta.cl\/wp-content\/uploads\/2025\/10\/09.png\" data-link=\"https:\/\/www.uta.cl\/?attachment_id=70434\" class=\"wp-image-70434\" srcset=\"https:\/\/www.uta.cl\/wp-content\/uploads\/2025\/10\/09-1024x582.png 1024w, https:\/\/www.uta.cl\/wp-content\/uploads\/2025\/10\/09-300x171.png 300w, https:\/\/www.uta.cl\/wp-content\/uploads\/2025\/10\/09-768x437.png 768w, https:\/\/www.uta.cl\/wp-content\/uploads\/2025\/10\/09-1536x873.png 1536w, https:\/\/www.uta.cl\/wp-content\/uploads\/2025\/10\/09.png 1900w\" sizes=\"(max-width: 1024px) 100vw, 1024px\" \/><\/a><\/figure><\/li><li class=\"blocks-gallery-item\"><figure><a href=\"https:\/\/www.uta.cl\/wp-content\/uploads\/2025\/10\/05.png\"><img loading=\"lazy\" width=\"1024\" height=\"582\" src=\"https:\/\/www.uta.cl\/wp-content\/uploads\/2025\/10\/05-1024x582.png\" alt=\"\" data-id=\"70430\" data-full-url=\"https:\/\/www.uta.cl\/wp-content\/uploads\/2025\/10\/05.png\" data-link=\"https:\/\/www.uta.cl\/?attachment_id=70430\" class=\"wp-image-70430\" srcset=\"https:\/\/www.uta.cl\/wp-content\/uploads\/2025\/10\/05-1024x582.png 1024w, https:\/\/www.uta.cl\/wp-content\/uploads\/2025\/10\/05-300x171.png 300w, https:\/\/www.uta.cl\/wp-content\/uploads\/2025\/10\/05-768x437.png 768w, https:\/\/www.uta.cl\/wp-content\/uploads\/2025\/10\/05-1536x873.png 1536w, https:\/\/www.uta.cl\/wp-content\/uploads\/2025\/10\/05.png 1900w\" sizes=\"(max-width: 1024px) 100vw, 1024px\" \/><\/a><\/figure><\/li><li class=\"blocks-gallery-item\"><figure><a href=\"https:\/\/www.uta.cl\/wp-content\/uploads\/2025\/10\/08.png\"><img loading=\"lazy\" width=\"1024\" height=\"582\" src=\"https:\/\/www.uta.cl\/wp-content\/uploads\/2025\/10\/08-1024x582.png\" alt=\"\" data-id=\"70433\" data-full-url=\"https:\/\/www.uta.cl\/wp-content\/uploads\/2025\/10\/08.png\" data-link=\"https:\/\/www.uta.cl\/?attachment_id=70433\" class=\"wp-image-70433\" srcset=\"https:\/\/www.uta.cl\/wp-content\/uploads\/2025\/10\/08-1024x582.png 1024w, https:\/\/www.uta.cl\/wp-content\/uploads\/2025\/10\/08-300x171.png 300w, https:\/\/www.uta.cl\/wp-content\/uploads\/2025\/10\/08-768x437.png 768w, https:\/\/www.uta.cl\/wp-content\/uploads\/2025\/10\/08-1536x873.png 1536w, https:\/\/www.uta.cl\/wp-content\/uploads\/2025\/10\/08.png 1900w\" sizes=\"(max-width: 1024px) 100vw, 1024px\" \/><\/a><\/figure><\/li><li class=\"blocks-gallery-item\"><figure><a href=\"https:\/\/www.uta.cl\/wp-content\/uploads\/2025\/10\/07.png\"><img loading=\"lazy\" width=\"1024\" height=\"582\" src=\"https:\/\/www.uta.cl\/wp-content\/uploads\/2025\/10\/07-1024x582.png\" alt=\"\" data-id=\"70432\" data-full-url=\"https:\/\/www.uta.cl\/wp-content\/uploads\/2025\/10\/07.png\" data-link=\"https:\/\/www.uta.cl\/?attachment_id=70432\" class=\"wp-image-70432\" srcset=\"https:\/\/www.uta.cl\/wp-content\/uploads\/2025\/10\/07-1024x582.png 1024w, https:\/\/www.uta.cl\/wp-content\/uploads\/2025\/10\/07-300x171.png 300w, https:\/\/www.uta.cl\/wp-content\/uploads\/2025\/10\/07-768x437.png 768w, https:\/\/www.uta.cl\/wp-content\/uploads\/2025\/10\/07-1536x873.png 1536w, https:\/\/www.uta.cl\/wp-content\/uploads\/2025\/10\/07.png 1900w\" sizes=\"(max-width: 1024px) 100vw, 1024px\" \/><\/a><\/figure><\/li><li class=\"blocks-gallery-item\"><figure><a href=\"https:\/\/www.uta.cl\/wp-content\/uploads\/2025\/10\/06.png\"><img loading=\"lazy\" width=\"1024\" height=\"582\" src=\"https:\/\/www.uta.cl\/wp-content\/uploads\/2025\/10\/06-1024x582.png\" alt=\"\" data-id=\"70431\" data-full-url=\"https:\/\/www.uta.cl\/wp-content\/uploads\/2025\/10\/06.png\" data-link=\"https:\/\/www.uta.cl\/?attachment_id=70431\" class=\"wp-image-70431\" srcset=\"https:\/\/www.uta.cl\/wp-content\/uploads\/2025\/10\/06-1024x582.png 1024w, https:\/\/www.uta.cl\/wp-content\/uploads\/2025\/10\/06-300x171.png 300w, https:\/\/www.uta.cl\/wp-content\/uploads\/2025\/10\/06-768x437.png 768w, https:\/\/www.uta.cl\/wp-content\/uploads\/2025\/10\/06-1536x873.png 1536w, https:\/\/www.uta.cl\/wp-content\/uploads\/2025\/10\/06.png 1900w\" sizes=\"(max-width: 1024px) 100vw, 1024px\" \/><\/a><\/figure><\/li><li class=\"blocks-gallery-item\"><figure><a href=\"https:\/\/www.uta.cl\/wp-content\/uploads\/2025\/10\/04.png\"><img loading=\"lazy\" width=\"1024\" height=\"582\" src=\"https:\/\/www.uta.cl\/wp-content\/uploads\/2025\/10\/04-1024x582.png\" alt=\"\" data-id=\"70429\" data-full-url=\"https:\/\/www.uta.cl\/wp-content\/uploads\/2025\/10\/04.png\" data-link=\"https:\/\/www.uta.cl\/?attachment_id=70429\" class=\"wp-image-70429\" srcset=\"https:\/\/www.uta.cl\/wp-content\/uploads\/2025\/10\/04-1024x582.png 1024w, https:\/\/www.uta.cl\/wp-content\/uploads\/2025\/10\/04-300x171.png 300w, https:\/\/www.uta.cl\/wp-content\/uploads\/2025\/10\/04-768x437.png 768w, https:\/\/www.uta.cl\/wp-content\/uploads\/2025\/10\/04-1536x873.png 1536w, https:\/\/www.uta.cl\/wp-content\/uploads\/2025\/10\/04.png 1900w\" sizes=\"(max-width: 1024px) 100vw, 1024px\" \/><\/a><\/figure><\/li><li class=\"blocks-gallery-item\"><figure><a href=\"https:\/\/www.uta.cl\/wp-content\/uploads\/2025\/10\/10.png\"><img loading=\"lazy\" width=\"1024\" height=\"582\" src=\"https:\/\/www.uta.cl\/wp-content\/uploads\/2025\/10\/10-1024x582.png\" alt=\"\" data-id=\"70435\" data-full-url=\"https:\/\/www.uta.cl\/wp-content\/uploads\/2025\/10\/10.png\" data-link=\"https:\/\/www.uta.cl\/?attachment_id=70435\" class=\"wp-image-70435\" srcset=\"https:\/\/www.uta.cl\/wp-content\/uploads\/2025\/10\/10-1024x582.png 1024w, https:\/\/www.uta.cl\/wp-content\/uploads\/2025\/10\/10-300x171.png 300w, https:\/\/www.uta.cl\/wp-content\/uploads\/2025\/10\/10-768x437.png 768w, https:\/\/www.uta.cl\/wp-content\/uploads\/2025\/10\/10-1536x873.png 1536w, https:\/\/www.uta.cl\/wp-content\/uploads\/2025\/10\/10.png 1900w\" sizes=\"(max-width: 1024px) 100vw, 1024px\" \/><\/a><\/figure><\/li><li class=\"blocks-gallery-item\"><figure><a href=\"https:\/\/www.uta.cl\/wp-content\/uploads\/2025\/10\/foto-central-nota.png\"><img loading=\"lazy\" width=\"1024\" height=\"582\" src=\"https:\/\/www.uta.cl\/wp-content\/uploads\/2025\/10\/foto-central-nota-1024x582.png\" alt=\"\" data-id=\"70436\" data-full-url=\"https:\/\/www.uta.cl\/wp-content\/uploads\/2025\/10\/foto-central-nota.png\" data-link=\"https:\/\/www.uta.cl\/?attachment_id=70436\" class=\"wp-image-70436\" srcset=\"https:\/\/www.uta.cl\/wp-content\/uploads\/2025\/10\/foto-central-nota-1024x582.png 1024w, https:\/\/www.uta.cl\/wp-content\/uploads\/2025\/10\/foto-central-nota-300x171.png 300w, https:\/\/www.uta.cl\/wp-content\/uploads\/2025\/10\/foto-central-nota-768x437.png 768w, https:\/\/www.uta.cl\/wp-content\/uploads\/2025\/10\/foto-central-nota-1536x873.png 1536w, https:\/\/www.uta.cl\/wp-content\/uploads\/2025\/10\/foto-central-nota.png 1900w\" sizes=\"(max-width: 1024px) 100vw, 1024px\" \/><\/a><\/figure><\/li><\/ul><\/figure>\n","protected":false},"excerpt":{"rendered":"<p>El III Congreso Internacional de Investigaci\u00f3n Interdisciplinaria e Ingenier\u00eda de la Universidad de Tarapac\u00e1 congreg\u00f3 a m\u00e1s de 300 asistentes con 24 ponencias, charlas magistrales y visitas t\u00e9cnicas, fomentando la colaboraci\u00f3n academia-industria para impulsar la innovaci\u00f3n, la transferencia tecnol\u00f3gica y el desarrollo regional.<\/p>\n","protected":false},"author":13,"featured_media":70436,"comment_status":"open","ping_status":"open","sticky":false,"template":"","format":"standard","meta":[],"categories":[316,51],"tags":[],"_links":{"self":[{"href":"https:\/\/www.uta.cl\/index.php\/wp-json\/wp\/v2\/posts\/70428"}],"collection":[{"href":"https:\/\/www.uta.cl\/index.php\/wp-json\/wp\/v2\/posts"}],"about":[{"href":"https:\/\/www.uta.cl\/index.php\/wp-json\/wp\/v2\/types\/post"}],"author":[{"embeddable":true,"href":"https:\/\/www.uta.cl\/index.php\/wp-json\/wp\/v2\/users\/13"}],"replies":[{"embeddable":true,"href":"https:\/\/www.uta.cl\/index.php\/wp-json\/wp\/v2\/comments?post=70428"}],"version-history":[{"count":1,"href":"https:\/\/www.uta.cl\/index.php\/wp-json\/wp\/v2\/posts\/70428\/revisions"}],"predecessor-version":[{"id":70437,"href":"https:\/\/www.uta.cl\/index.php\/wp-json\/wp\/v2\/posts\/70428\/revisions\/70437"}],"wp:featuredmedia":[{"embeddable":true,"href":"https:\/\/www.uta.cl\/index.php\/wp-json\/wp\/v2\/media\/70436"}],"wp:attachment":[{"href":"https:\/\/www.uta.cl\/index.php\/wp-json\/wp\/v2\/media?parent=70428"}],"wp:term":[{"taxonomy":"category","embeddable":true,"href":"https:\/\/www.uta.cl\/index.php\/wp-json\/wp\/v2\/categories?post=70428"},{"taxonomy":"post_tag","embeddable":true,"href":"https:\/\/www.uta.cl\/index.php\/wp-json\/wp\/v2\/tags?post=70428"}],"curies":[{"name":"wp","href":"https:\/\/api.w.org\/{rel}","templated":true}]}}