{"id":70412,"date":"2025-10-28T13:09:28","date_gmt":"2025-10-28T13:09:28","guid":{"rendered":"https:\/\/www.uta.cl\/?p=70412"},"modified":"2025-10-28T13:09:35","modified_gmt":"2025-10-28T13:09:35","slug":"en-ultima-sesion-cruch-debate-sobre-el-fes-entra-en-etapa-de-definiciones","status":"publish","type":"post","link":"https:\/\/www.uta.cl\/index.php\/2025\/10\/28\/en-ultima-sesion-cruch-debate-sobre-el-fes-entra-en-etapa-de-definiciones\/","title":{"rendered":"En \u00faltima sesi\u00f3n CRUCH: Debate sobre el FES entra en etapa de definiciones"},"content":{"rendered":"\n<div class=\"wp-block-image\"><figure class=\"aligncenter size-large is-resized\"><img loading=\"lazy\" src=\"https:\/\/www.uta.cl\/wp-content\/uploads\/2025\/10\/WhatsApp-Image-2025-10-23-at-11.22.08-1024x768.jpeg\" alt=\"\" class=\"wp-image-70413\" width=\"680\" height=\"510\" srcset=\"https:\/\/www.uta.cl\/wp-content\/uploads\/2025\/10\/WhatsApp-Image-2025-10-23-at-11.22.08-1024x768.jpeg 1024w, https:\/\/www.uta.cl\/wp-content\/uploads\/2025\/10\/WhatsApp-Image-2025-10-23-at-11.22.08-300x225.jpeg 300w, https:\/\/www.uta.cl\/wp-content\/uploads\/2025\/10\/WhatsApp-Image-2025-10-23-at-11.22.08-768x576.jpeg 768w, https:\/\/www.uta.cl\/wp-content\/uploads\/2025\/10\/WhatsApp-Image-2025-10-23-at-11.22.08.jpeg 1280w\" sizes=\"(max-width: 680px) 100vw, 680px\" \/><\/figure><\/div>\n\n\n\n<p>En la \u00faltima sesi\u00f3n del Consejo de Rectoras y Rectores de las Universidades Chilenas (CRUCH), realizada en la Pontificia Universidad Cat\u00f3lica de Valpara\u00edso (PUCV) el pasado jueves 23 de octubre, la discusi\u00f3n se focaliz\u00f3 en los planteamientos del documento acad\u00e9mico-estrat\u00e9gico que hace unas semanas entreg\u00f3 el Comit\u00e9 Ejecutivo del Consejo al Ministerio de Educaci\u00f3n.<\/p>\n\n\n\n<p>Durante la primera parte de la reuni\u00f3n, el vicepresidente ejecutivo del CRUCH y rector de la Universidad de Tarapac\u00e1, Emilio Rodr\u00edguez, se\u00f1al\u00f3 que el documento integra las propuestas de las 30 universidades CRUCH con miras a perfeccionar el proyecto de ley (PDL) que establece un nuevo instrumento de financiamiento p\u00fablico para estudios de nivel superior (FES). Al respecto, Rodr\u00edguez valor\u00f3 el esfuerzo colaborativo y enfatiz\u00f3 que \u201cnuestro rol es contribuir con el dise\u00f1o de la pol\u00edtica p\u00fablica. De esta forma, con la entrega del documento termina el trabajo acad\u00e9mico del CRUCH\u201d.<\/p>\n\n\n\n<p>Respecto a la postura del Consejo, el rector Rodr\u00edguez destac\u00f3 que \u201centendemos que el Cr\u00e9dito con Aval del Estado es inviable y que su prolongaci\u00f3n generar\u00e1 un da\u00f1o importante al pa\u00eds cada a\u00f1o. Sin perjuicio de lo anterior, el FES requiere mejoras que estimamos sustantivas y, por lo mismo, con el trabajo sobresaliente de los rectores Torres (UTalca) y Mellado (UCSC), junto a la Comisi\u00f3n Econ\u00f3mica, se ha avanzado en una propuesta integradora, de largo alcance. Esta propuesta ha tratado de incorporar las aportaciones de todas las universidades del CRUCH y tiene como norte estrat\u00e9gico el desarrollo de la Educaci\u00f3n Superior chilena, m\u00e1s all\u00e1 de las leg\u00edtimas posiciones de cada una de las universidades\u201d.<\/p>\n\n\n\n<p><strong>Di\u00e1logo con Mineduc<\/strong><\/p>\n\n\n\n<p>Cerca del medio d\u00eda se sumaron a la reuni\u00f3n el Ministro de Educaci\u00f3n, Nicol\u00e1s Cataldo, y el Subsecretario de Educaci\u00f3n Superior, V\u00edctor Orellana, quienes presentaron las primeras respuestas a las propuestas del CRUCH. Ambas autoridades reconocieron avances importantes en relaci\u00f3n con el proyecto actual, lo cual fue valorado por rectoras y rectores.<\/p>\n\n\n\n<p>Sin embargo, para que cada instituci\u00f3n pueda emitir un pronunciamiento definitivo, los rectores y las rectoras solicitaron al ministro de Educaci\u00f3n precisar una serie de aspectos esenciales.<\/p>\n\n\n\n<p>\u201cPara avanzar en otras dimensiones, se requieren respuestas concretas del gobierno sobre lo planteado. Con esas respuestas, cada instituci\u00f3n puede evaluar si las mismas se consideran como suficientes y razonables para apoyar o no el nuevo sistema de financiamiento\u201d, afirm\u00f3 el rector Rodr\u00edguez.<\/p>\n\n\n\n<p><strong>Logros institucionales<\/strong><\/p>\n\n\n\n<p>Durante el pleno, el rector de la PUCV, Nelson V\u00e1squez, present\u00f3 los logros y desaf\u00edos de su instituci\u00f3n. Su exposici\u00f3n fue recibida con aplausos por la comunidad de rectoras y rectores, quienes reconocieron la calidad de la presentaci\u00f3n y el alto nivel de excelencia alcanzado por la universidad.<\/p>\n\n\n\n<p><strong>Fuente: <\/strong>Comunicaciones CRUCH<\/p>\n","protected":false},"excerpt":{"rendered":"<p>Con la presencia del Ministro de Educaci\u00f3n y el Subsecretario de Educaci\u00f3n Superior, el CRUCH plante\u00f3 que se requieren respuestas concretas del Gobierno para que cada instituci\u00f3n pueda definir si apoya o no el nuevo sistema de financiamiento.<\/p>\n","protected":false},"author":13,"featured_media":70413,"comment_status":"open","ping_status":"open","sticky":false,"template":"","format":"standard","meta":[],"categories":[315,316],"tags":[],"_links":{"self":[{"href":"https:\/\/www.uta.cl\/index.php\/wp-json\/wp\/v2\/posts\/70412"}],"collection":[{"href":"https:\/\/www.uta.cl\/index.php\/wp-json\/wp\/v2\/posts"}],"about":[{"href":"https:\/\/www.uta.cl\/index.php\/wp-json\/wp\/v2\/types\/post"}],"author":[{"embeddable":true,"href":"https:\/\/www.uta.cl\/index.php\/wp-json\/wp\/v2\/users\/13"}],"replies":[{"embeddable":true,"href":"https:\/\/www.uta.cl\/index.php\/wp-json\/wp\/v2\/comments?post=70412"}],"version-history":[{"count":2,"href":"https:\/\/www.uta.cl\/index.php\/wp-json\/wp\/v2\/posts\/70412\/revisions"}],"predecessor-version":[{"id":70415,"href":"https:\/\/www.uta.cl\/index.php\/wp-json\/wp\/v2\/posts\/70412\/revisions\/70415"}],"wp:featuredmedia":[{"embeddable":true,"href":"https:\/\/www.uta.cl\/index.php\/wp-json\/wp\/v2\/media\/70413"}],"wp:attachment":[{"href":"https:\/\/www.uta.cl\/index.php\/wp-json\/wp\/v2\/media?parent=70412"}],"wp:term":[{"taxonomy":"category","embeddable":true,"href":"https:\/\/www.uta.cl\/index.php\/wp-json\/wp\/v2\/categories?post=70412"},{"taxonomy":"post_tag","embeddable":true,"href":"https:\/\/www.uta.cl\/index.php\/wp-json\/wp\/v2\/tags?post=70412"}],"curies":[{"name":"wp","href":"https:\/\/api.w.org\/{rel}","templated":true}]}}