{"id":70400,"date":"2025-10-27T15:52:11","date_gmt":"2025-10-27T15:52:11","guid":{"rendered":"https:\/\/www.uta.cl\/?p=70400"},"modified":"2025-10-29T13:42:54","modified_gmt":"2025-10-29T13:42:54","slug":"academicos-de-la-utarapaca-se-posicionan-en-el-2-de-cientificos-mas-citados-del-mundo-2025","status":"publish","type":"post","link":"https:\/\/www.uta.cl\/index.php\/2025\/10\/27\/academicos-de-la-utarapaca-se-posicionan-en-el-2-de-cientificos-mas-citados-del-mundo-2025\/","title":{"rendered":"Acad\u00e9micos de la UTarapac\u00e1 se posicionan en el 2% de cient\u00edficos m\u00e1s citados del mundo 2025"},"content":{"rendered":"\n<div class=\"wp-block-image\"><figure class=\"aligncenter size-large is-resized\"><img loading=\"lazy\" src=\"https:\/\/www.uta.cl\/wp-content\/uploads\/2025\/10\/Captura-de-pantalla-2025-10-27-124459.png\" alt=\"\" class=\"wp-image-70401\" width=\"651\" height=\"364\" srcset=\"https:\/\/www.uta.cl\/wp-content\/uploads\/2025\/10\/Captura-de-pantalla-2025-10-27-124459.png 977w, https:\/\/www.uta.cl\/wp-content\/uploads\/2025\/10\/Captura-de-pantalla-2025-10-27-124459-300x168.png 300w, https:\/\/www.uta.cl\/wp-content\/uploads\/2025\/10\/Captura-de-pantalla-2025-10-27-124459-768x430.png 768w\" sizes=\"(max-width: 651px) 100vw, 651px\" \/><\/figure><\/div>\n\n\n\n<p>Cada a\u00f1o la Universidad de Stanford publica un estudio a partir de la base de datos Scopus, que incluye a los 100.000 investigadores con mayor n\u00famero de citas a nivel global o a quienes se encuentran en el 2% superior dentro de cada disciplina a trav\u00e9s de una revisi\u00f3n bibliogr\u00e1fica del a\u00f1o 2024 excluyendo autocitaciones.\u00a0<\/p>\n\n\n\n<p>\u201cDurante los \u00faltimos seis a\u00f1os, he permanecido consistentemente entre el 2% de los cient\u00edficos m\u00e1s citados. Mi investigaci\u00f3n se centra en materiales nano\/funcionales para estudiar los desaf\u00edos energ\u00e9ticos, ambientales y de salud. Nos hemos concentrado en temas relacionados a la eliminaci\u00f3n del ars\u00e9nico en el agua y el medio ambiente, y los desarrollos actuales en el uso de energ\u00eda solar. Quisiera agradecer a la universidad por mantener un ambiente propicio para nuestras investigaciones\u201d.<br><strong>Dr. Rajendran Saravanan, 4\u00b0 en ranking nacional, 1\u00b0 en Ciencias Medioambientales\u00a0 en Chile<\/strong><\/p>\n\n\n\n<p>\u201cSer reconocida entre el 2% de los mejores cient\u00edficos del mundo es un honor inspirador y un recordatorio de que un atajo no es la clave. La clave del \u00e9xito en este campo es la constancia, el trabajo duro y la pasi\u00f3n por la investigaci\u00f3n. Este reconocimiento refuerza mi determinaci\u00f3n por innovar en soluciones para la sostenibilidad, mis principales \u00e1reas de investigaci\u00f3n son la qu\u00edmica ambiental y de materiales, con especial atenci\u00f3n al desarrollo de materiales avanzados para la fotocat\u00e1lisis, la adsorci\u00f3n y la eliminaci\u00f3n de contaminantes\u201d.<br><strong>Dra. Sapana Jadoun, 28\u00b0 en ranking nacional, 1\u00b0 en el \u00e1rea de Pol\u00edmeros en Chile<\/strong><\/p>\n\n\n\n<p>\u201cMe emociona ser parte del 2% de los cient\u00edficos m\u00e1s citados en el mundo, es un reconocimiento al impacto de mi trayectoria en investigaci\u00f3n sobre carcinog\u00e9nesis ambiental y hormonal. Este logro refleja a\u00f1os de trabajo desarrollando modelos para comprender c\u00f3mo factores como pesticidas, radiaci\u00f3n y hormonas influyen en el c\u00e1ncer de mama&#8221;.<br><strong>Dra. Gloria Calaf, 62\u00b0 en ranking nacional, 1\u00b0 en el \u00e1rea de Oncolog\u00eda y Carcinog\u00e9nesis en Chile<\/strong><\/p>\n\n\n\n<p>\u201cMi actual \u00e1rea de investigaci\u00f3n es la evaluaci\u00f3n de los factores que inciden sobre el comportamiento de conservaci\u00f3n de suelos por parte de agricultores. El concepto de \u201cconexi\u00f3n con el suelo\u201d capta el v\u00ednculo emocional que las personas desarrollan con la tierra. La contribuci\u00f3n de mi investigaci\u00f3n radica en destacar la importancia de la conexi\u00f3n con el suelo para fomentar la conservaci\u00f3n de este recurso. Asimismo, se requiere fomentar entre los estudiantes universitarios de agronom\u00eda una conexi\u00f3n m\u00e1s emocional con la tierra\u201d.<br><strong>Dr. Alexander Neaman, 186\u00b0 en ranking nacional, 5\u00b0 en el \u00e1rea de Agronom\u00eda y Agricultura en Chile<\/strong><\/p>\n","protected":false},"excerpt":{"rendered":"<p>Los investigadores Rajendran Saravanan, Sapana Jadoun, Gloria Calaf y Alexander Neaman se posicionaron en la lista que mide el n\u00famero de citas que han recibido a lo largo del a\u00f1o anterior. Estar en este ranking significa formar parte del grupo de investigadores con una gran influencia dentro del sistema cient\u00edfico global.<\/p>\n","protected":false},"author":13,"featured_media":70401,"comment_status":"open","ping_status":"open","sticky":false,"template":"","format":"standard","meta":[],"categories":[315,316],"tags":[],"_links":{"self":[{"href":"https:\/\/www.uta.cl\/index.php\/wp-json\/wp\/v2\/posts\/70400"}],"collection":[{"href":"https:\/\/www.uta.cl\/index.php\/wp-json\/wp\/v2\/posts"}],"about":[{"href":"https:\/\/www.uta.cl\/index.php\/wp-json\/wp\/v2\/types\/post"}],"author":[{"embeddable":true,"href":"https:\/\/www.uta.cl\/index.php\/wp-json\/wp\/v2\/users\/13"}],"replies":[{"embeddable":true,"href":"https:\/\/www.uta.cl\/index.php\/wp-json\/wp\/v2\/comments?post=70400"}],"version-history":[{"count":1,"href":"https:\/\/www.uta.cl\/index.php\/wp-json\/wp\/v2\/posts\/70400\/revisions"}],"predecessor-version":[{"id":70402,"href":"https:\/\/www.uta.cl\/index.php\/wp-json\/wp\/v2\/posts\/70400\/revisions\/70402"}],"wp:featuredmedia":[{"embeddable":true,"href":"https:\/\/www.uta.cl\/index.php\/wp-json\/wp\/v2\/media\/70401"}],"wp:attachment":[{"href":"https:\/\/www.uta.cl\/index.php\/wp-json\/wp\/v2\/media?parent=70400"}],"wp:term":[{"taxonomy":"category","embeddable":true,"href":"https:\/\/www.uta.cl\/index.php\/wp-json\/wp\/v2\/categories?post=70400"},{"taxonomy":"post_tag","embeddable":true,"href":"https:\/\/www.uta.cl\/index.php\/wp-json\/wp\/v2\/tags?post=70400"}],"curies":[{"name":"wp","href":"https:\/\/api.w.org\/{rel}","templated":true}]}}