{"id":70317,"date":"2025-10-24T19:04:05","date_gmt":"2025-10-24T19:04:05","guid":{"rendered":"https:\/\/www.uta.cl\/?p=70317"},"modified":"2025-10-24T19:04:13","modified_gmt":"2025-10-24T19:04:13","slug":"departamento-de-quimica-de-la-uta-realiza-exitosa-jornada-de-vinculacion-en-el-marco-del-proyecto-ciencia-2030","status":"publish","type":"post","link":"https:\/\/www.uta.cl\/index.php\/2025\/10\/24\/departamento-de-quimica-de-la-uta-realiza-exitosa-jornada-de-vinculacion-en-el-marco-del-proyecto-ciencia-2030\/","title":{"rendered":"Departamento de Qu\u00edmica de la UTA realiza exitosa jornada de vinculaci\u00f3n en el marco del Proyecto CIENCIA 2030"},"content":{"rendered":"\n<p>El Departamento de Qu\u00edmica de la Facultad de Ciencias de la Universidad de Tarapac\u00e1 (UTA) realiz\u00f3 la jornada de vinculaci\u00f3n \u201c<em>Qu\u00edmica en Di\u00e1logo: Academia, Empresa y Desaf\u00edos Regionales<\/em>\u201d, en el marco del Proyecto Ciencia 2030. La actividad tuvo como objetivo fortalecer los lazos entre la academia y el sector productivo, abordando desaf\u00edos regionales mediante la innovaci\u00f3n en ciencias qu\u00edmicas y ambientales.<\/p>\n\n\n\n<p>La iniciativa, busca transformar el ecosistema cient\u00edfico-tecnol\u00f3gico, mediante alianzas entre la universidad, las empresas y el territorio, con el prop\u00f3sito de enfrentar desaf\u00edos como la sostenibilidad ambiental, la innovaci\u00f3n agroindustrial y la calidad del agua en el Desierto de Atacama y el Altiplano Andino.<\/p>\n\n\n\n<p>El evento, realizado en el Auditorio Claudio D\u00edaz Mel\u00e9ndez del Campus Vel\u00e1zquez, incluy\u00f3 ponencias de destacados acad\u00e9micos como la Dra. Adriana Ar\u00e1nguiz, con su ponencia \u201cEl tesoro oculto de los sistemas acu\u00e1ticos del Desierto y Altiplano Andino\u201d; el Dr. Nelson Lara, con \u201cUtilizaci\u00f3n de t\u00e9cnicas voltamperom\u00e9tricas en la determinaci\u00f3n de metales pesados en agua\u201d; y el Dr. Claudio Quezada, quien present\u00f3 \u201cCICIQAM: Un nuevo centro I+D+i en ciencias qu\u00edmicas y ambientales\u201d.<\/p>\n\n\n\n<p><strong>Aportes empresariales<\/strong><\/p>\n\n\n\n<p>Exalumnas de la UTA y representantes de empresas locales compartieron innovaciones y plantearon oportunidades de colaboraci\u00f3n con la academia:<\/p>\n\n\n\n<p>Michelle Ponce, ingeniera agr\u00f3noma de la UTA y gerenta de Mallkivitor, empresa dedicada a la producci\u00f3n hidrop\u00f3nica de hortalizas de hoja, flores comestibles, especialidades culinarias y microgreens, mediante tecnolog\u00edas innovadoras como nanoburbujas, destac\u00f3: \u201cNos entusiasma vincularnos con las nuevas generaciones para incentivar la innovaci\u00f3n y el emprendimiento desde Arica, resaltando su valor \u00fanico.<\/p>\n\n\n\n<p>Por su parte, Pamela Espinoza, jefa de Control de Calidad de Golden Omega, empresa chilena especializada en concentrados de Omega-3, con presencia internacional, se\u00f1al\u00f3: \u201cLa colaboraci\u00f3n con la UTA nos permite contribuir al desarrollo de la regi\u00f3n, recibiendo a estudiantes que pueden acceder a herramientas y aprender haciendo desde Arica\u201d.<\/p>\n\n\n\n<p>Finalmente, Claudia Silva, gerenta de Benexia, empresa pionera en el cultivo, procesamiento y comercializaci\u00f3n de semillas de ch\u00eda y sus derivados (fibra, prote\u00edna y aceite), indic\u00f3: \u201cParticipar con la UTA en esta iniciativa que conecta a la empresa y la academia es muy valioso. La universidad puede aportar significativamente al desarrollo de estudiantes y de los laboratorios\u201d.&nbsp;<\/p>\n\n\n\n<p><strong>Vinculaci\u00f3n bidireccional<\/strong><\/p>\n\n\n\n<p>La acad\u00e9mica del Departamento de Qu\u00edmica, Libertad Carrasco, coordinadora del Eje 2 de Ciencia 2030, resalt\u00f3 que \u201cinvitar a empresas de Arica lideradas por mujeres egresadas de la UTA refleja una vinculaci\u00f3n s\u00f3lida. Esta jornada fomenta una colaboraci\u00f3n bidireccional, donde las empresas reciben a nuestros estudiantes en pr\u00e1cticas de las carreras de Qu\u00edmico Laboratorista y de Ingenier\u00eda en Qu\u00edmica Ambiental y nosotros ofrecemos apoyo y soluciones a sus problem\u00e1ticas. Adem\u00e1s, desarrollamos proyectos de titulaci\u00f3n que abordan desaf\u00edos empresariales, beneficiando tanto a nuestros estudiantes como a la regi\u00f3n\u201d.&nbsp;<\/p>\n\n\n\n<p>La jornada finaliz\u00f3 con la presentaci\u00f3n de dos nuevos programas acad\u00e9micos: la Carrera de Qu\u00edmica y Farmacia y el Doctorado en Ciencias menci\u00f3n Qu\u00edmica, reforzando el compromiso de la Universidad de Tarapac\u00e1 con la formaci\u00f3n avanzada y el desarrollo regional.<\/p>\n\n\n\n<figure class=\"wp-block-gallery columns-3 is-cropped\"><ul class=\"blocks-gallery-grid\"><li class=\"blocks-gallery-item\"><figure><a href=\"https:\/\/www.uta.cl\/wp-content\/uploads\/2025\/10\/IMG_0101-scaled.jpg\"><img loading=\"lazy\" width=\"1024\" height=\"683\" src=\"https:\/\/www.uta.cl\/wp-content\/uploads\/2025\/10\/IMG_0101-1024x683.jpg\" alt=\"\" data-id=\"70319\" data-full-url=\"https:\/\/www.uta.cl\/wp-content\/uploads\/2025\/10\/IMG_0101-scaled.jpg\" data-link=\"https:\/\/www.uta.cl\/?attachment_id=70319\" class=\"wp-image-70319\" srcset=\"https:\/\/www.uta.cl\/wp-content\/uploads\/2025\/10\/IMG_0101-1024x683.jpg 1024w, https:\/\/www.uta.cl\/wp-content\/uploads\/2025\/10\/IMG_0101-300x200.jpg 300w, https:\/\/www.uta.cl\/wp-content\/uploads\/2025\/10\/IMG_0101-768x512.jpg 768w, https:\/\/www.uta.cl\/wp-content\/uploads\/2025\/10\/IMG_0101-1536x1024.jpg 1536w, https:\/\/www.uta.cl\/wp-content\/uploads\/2025\/10\/IMG_0101-2048x1365.jpg 2048w\" sizes=\"(max-width: 1024px) 100vw, 1024px\" \/><\/a><\/figure><\/li><li class=\"blocks-gallery-item\"><figure><a href=\"https:\/\/www.uta.cl\/wp-content\/uploads\/2025\/10\/IMG_0105-scaled.jpg\"><img loading=\"lazy\" width=\"1024\" height=\"683\" src=\"https:\/\/www.uta.cl\/wp-content\/uploads\/2025\/10\/IMG_0105-1024x683.jpg\" alt=\"\" data-id=\"70320\" data-full-url=\"https:\/\/www.uta.cl\/wp-content\/uploads\/2025\/10\/IMG_0105-scaled.jpg\" data-link=\"https:\/\/www.uta.cl\/?attachment_id=70320\" class=\"wp-image-70320\" srcset=\"https:\/\/www.uta.cl\/wp-content\/uploads\/2025\/10\/IMG_0105-1024x683.jpg 1024w, https:\/\/www.uta.cl\/wp-content\/uploads\/2025\/10\/IMG_0105-300x200.jpg 300w, https:\/\/www.uta.cl\/wp-content\/uploads\/2025\/10\/IMG_0105-768x512.jpg 768w, https:\/\/www.uta.cl\/wp-content\/uploads\/2025\/10\/IMG_0105-1536x1024.jpg 1536w, https:\/\/www.uta.cl\/wp-content\/uploads\/2025\/10\/IMG_0105-2048x1365.jpg 2048w\" sizes=\"(max-width: 1024px) 100vw, 1024px\" \/><\/a><\/figure><\/li><li class=\"blocks-gallery-item\"><figure><a href=\"https:\/\/www.uta.cl\/wp-content\/uploads\/2025\/10\/IMG_0109-scaled.jpg\"><img loading=\"lazy\" width=\"1024\" height=\"683\" src=\"https:\/\/www.uta.cl\/wp-content\/uploads\/2025\/10\/IMG_0109-1024x683.jpg\" alt=\"\" data-id=\"70321\" data-full-url=\"https:\/\/www.uta.cl\/wp-content\/uploads\/2025\/10\/IMG_0109-scaled.jpg\" data-link=\"https:\/\/www.uta.cl\/?attachment_id=70321\" class=\"wp-image-70321\" srcset=\"https:\/\/www.uta.cl\/wp-content\/uploads\/2025\/10\/IMG_0109-1024x683.jpg 1024w, https:\/\/www.uta.cl\/wp-content\/uploads\/2025\/10\/IMG_0109-300x200.jpg 300w, https:\/\/www.uta.cl\/wp-content\/uploads\/2025\/10\/IMG_0109-768x512.jpg 768w, https:\/\/www.uta.cl\/wp-content\/uploads\/2025\/10\/IMG_0109-1536x1024.jpg 1536w, https:\/\/www.uta.cl\/wp-content\/uploads\/2025\/10\/IMG_0109-2048x1365.jpg 2048w\" sizes=\"(max-width: 1024px) 100vw, 1024px\" \/><\/a><\/figure><\/li><li class=\"blocks-gallery-item\"><figure><a href=\"https:\/\/www.uta.cl\/wp-content\/uploads\/2025\/10\/IMG_0111-scaled.jpg\"><img loading=\"lazy\" width=\"1024\" height=\"683\" src=\"https:\/\/www.uta.cl\/wp-content\/uploads\/2025\/10\/IMG_0111-1024x683.jpg\" alt=\"\" data-id=\"70322\" data-full-url=\"https:\/\/www.uta.cl\/wp-content\/uploads\/2025\/10\/IMG_0111-scaled.jpg\" data-link=\"https:\/\/www.uta.cl\/?attachment_id=70322\" class=\"wp-image-70322\" srcset=\"https:\/\/www.uta.cl\/wp-content\/uploads\/2025\/10\/IMG_0111-1024x683.jpg 1024w, https:\/\/www.uta.cl\/wp-content\/uploads\/2025\/10\/IMG_0111-300x200.jpg 300w, https:\/\/www.uta.cl\/wp-content\/uploads\/2025\/10\/IMG_0111-768x512.jpg 768w, https:\/\/www.uta.cl\/wp-content\/uploads\/2025\/10\/IMG_0111-1536x1024.jpg 1536w, https:\/\/www.uta.cl\/wp-content\/uploads\/2025\/10\/IMG_0111-2048x1365.jpg 2048w\" sizes=\"(max-width: 1024px) 100vw, 1024px\" \/><\/a><\/figure><\/li><li class=\"blocks-gallery-item\"><figure><a href=\"https:\/\/www.uta.cl\/wp-content\/uploads\/2025\/10\/IMG_0115-scaled.jpg\"><img loading=\"lazy\" width=\"1024\" height=\"683\" src=\"https:\/\/www.uta.cl\/wp-content\/uploads\/2025\/10\/IMG_0115-1024x683.jpg\" alt=\"\" data-id=\"70323\" data-full-url=\"https:\/\/www.uta.cl\/wp-content\/uploads\/2025\/10\/IMG_0115-scaled.jpg\" data-link=\"https:\/\/www.uta.cl\/?attachment_id=70323\" class=\"wp-image-70323\" srcset=\"https:\/\/www.uta.cl\/wp-content\/uploads\/2025\/10\/IMG_0115-1024x683.jpg 1024w, https:\/\/www.uta.cl\/wp-content\/uploads\/2025\/10\/IMG_0115-300x200.jpg 300w, https:\/\/www.uta.cl\/wp-content\/uploads\/2025\/10\/IMG_0115-768x512.jpg 768w, https:\/\/www.uta.cl\/wp-content\/uploads\/2025\/10\/IMG_0115-1536x1024.jpg 1536w, https:\/\/www.uta.cl\/wp-content\/uploads\/2025\/10\/IMG_0115-2048x1365.jpg 2048w\" sizes=\"(max-width: 1024px) 100vw, 1024px\" \/><\/a><\/figure><\/li><li class=\"blocks-gallery-item\"><figure><a href=\"https:\/\/www.uta.cl\/wp-content\/uploads\/2025\/10\/IMG_0119-scaled.jpg\"><img loading=\"lazy\" width=\"1024\" height=\"683\" src=\"https:\/\/www.uta.cl\/wp-content\/uploads\/2025\/10\/IMG_0119-1024x683.jpg\" alt=\"\" data-id=\"70324\" data-full-url=\"https:\/\/www.uta.cl\/wp-content\/uploads\/2025\/10\/IMG_0119-scaled.jpg\" data-link=\"https:\/\/www.uta.cl\/?attachment_id=70324\" class=\"wp-image-70324\" srcset=\"https:\/\/www.uta.cl\/wp-content\/uploads\/2025\/10\/IMG_0119-1024x683.jpg 1024w, https:\/\/www.uta.cl\/wp-content\/uploads\/2025\/10\/IMG_0119-300x200.jpg 300w, https:\/\/www.uta.cl\/wp-content\/uploads\/2025\/10\/IMG_0119-768x512.jpg 768w, https:\/\/www.uta.cl\/wp-content\/uploads\/2025\/10\/IMG_0119-1536x1024.jpg 1536w, https:\/\/www.uta.cl\/wp-content\/uploads\/2025\/10\/IMG_0119-2048x1365.jpg 2048w\" sizes=\"(max-width: 1024px) 100vw, 1024px\" \/><\/a><\/figure><\/li><li class=\"blocks-gallery-item\"><figure><a href=\"https:\/\/www.uta.cl\/wp-content\/uploads\/2025\/10\/IMG_0123-scaled.jpg\"><img loading=\"lazy\" width=\"1024\" height=\"683\" src=\"https:\/\/www.uta.cl\/wp-content\/uploads\/2025\/10\/IMG_0123-1024x683.jpg\" alt=\"\" data-id=\"70325\" data-full-url=\"https:\/\/www.uta.cl\/wp-content\/uploads\/2025\/10\/IMG_0123-scaled.jpg\" data-link=\"https:\/\/www.uta.cl\/?attachment_id=70325\" class=\"wp-image-70325\" srcset=\"https:\/\/www.uta.cl\/wp-content\/uploads\/2025\/10\/IMG_0123-1024x683.jpg 1024w, https:\/\/www.uta.cl\/wp-content\/uploads\/2025\/10\/IMG_0123-300x200.jpg 300w, https:\/\/www.uta.cl\/wp-content\/uploads\/2025\/10\/IMG_0123-768x512.jpg 768w, https:\/\/www.uta.cl\/wp-content\/uploads\/2025\/10\/IMG_0123-1536x1024.jpg 1536w, https:\/\/www.uta.cl\/wp-content\/uploads\/2025\/10\/IMG_0123-2048x1365.jpg 2048w\" sizes=\"(max-width: 1024px) 100vw, 1024px\" \/><\/a><\/figure><\/li><li class=\"blocks-gallery-item\"><figure><a href=\"https:\/\/www.uta.cl\/wp-content\/uploads\/2025\/10\/IMG_0129-scaled.jpg\"><img loading=\"lazy\" width=\"1024\" height=\"683\" src=\"https:\/\/www.uta.cl\/wp-content\/uploads\/2025\/10\/IMG_0129-1024x683.jpg\" alt=\"\" data-id=\"70326\" data-full-url=\"https:\/\/www.uta.cl\/wp-content\/uploads\/2025\/10\/IMG_0129-scaled.jpg\" data-link=\"https:\/\/www.uta.cl\/?attachment_id=70326\" class=\"wp-image-70326\" srcset=\"https:\/\/www.uta.cl\/wp-content\/uploads\/2025\/10\/IMG_0129-1024x683.jpg 1024w, https:\/\/www.uta.cl\/wp-content\/uploads\/2025\/10\/IMG_0129-300x200.jpg 300w, https:\/\/www.uta.cl\/wp-content\/uploads\/2025\/10\/IMG_0129-768x512.jpg 768w, https:\/\/www.uta.cl\/wp-content\/uploads\/2025\/10\/IMG_0129-1536x1024.jpg 1536w, https:\/\/www.uta.cl\/wp-content\/uploads\/2025\/10\/IMG_0129-2048x1365.jpg 2048w\" sizes=\"(max-width: 1024px) 100vw, 1024px\" \/><\/a><\/figure><\/li><li class=\"blocks-gallery-item\"><figure><a href=\"https:\/\/www.uta.cl\/wp-content\/uploads\/2025\/10\/IMG_0134-scaled.jpg\"><img loading=\"lazy\" width=\"1024\" height=\"683\" src=\"https:\/\/www.uta.cl\/wp-content\/uploads\/2025\/10\/IMG_0134-1024x683.jpg\" alt=\"\" data-id=\"70327\" data-full-url=\"https:\/\/www.uta.cl\/wp-content\/uploads\/2025\/10\/IMG_0134-scaled.jpg\" data-link=\"https:\/\/www.uta.cl\/?attachment_id=70327\" class=\"wp-image-70327\" srcset=\"https:\/\/www.uta.cl\/wp-content\/uploads\/2025\/10\/IMG_0134-1024x683.jpg 1024w, https:\/\/www.uta.cl\/wp-content\/uploads\/2025\/10\/IMG_0134-300x200.jpg 300w, https:\/\/www.uta.cl\/wp-content\/uploads\/2025\/10\/IMG_0134-768x512.jpg 768w, https:\/\/www.uta.cl\/wp-content\/uploads\/2025\/10\/IMG_0134-1536x1024.jpg 1536w, https:\/\/www.uta.cl\/wp-content\/uploads\/2025\/10\/IMG_0134-2048x1365.jpg 2048w\" sizes=\"(max-width: 1024px) 100vw, 1024px\" \/><\/a><\/figure><\/li><li class=\"blocks-gallery-item\"><figure><a href=\"https:\/\/www.uta.cl\/wp-content\/uploads\/2025\/10\/foto-central-4-scaled.jpg\"><img loading=\"lazy\" width=\"1024\" height=\"683\" src=\"https:\/\/www.uta.cl\/wp-content\/uploads\/2025\/10\/foto-central-4-1024x683.jpg\" alt=\"\" data-id=\"70318\" data-full-url=\"https:\/\/www.uta.cl\/wp-content\/uploads\/2025\/10\/foto-central-4-scaled.jpg\" data-link=\"https:\/\/www.uta.cl\/?attachment_id=70318\" class=\"wp-image-70318\" srcset=\"https:\/\/www.uta.cl\/wp-content\/uploads\/2025\/10\/foto-central-4-1024x683.jpg 1024w, https:\/\/www.uta.cl\/wp-content\/uploads\/2025\/10\/foto-central-4-300x200.jpg 300w, https:\/\/www.uta.cl\/wp-content\/uploads\/2025\/10\/foto-central-4-768x512.jpg 768w, https:\/\/www.uta.cl\/wp-content\/uploads\/2025\/10\/foto-central-4-1536x1024.jpg 1536w, https:\/\/www.uta.cl\/wp-content\/uploads\/2025\/10\/foto-central-4-2048x1365.jpg 2048w\" sizes=\"(max-width: 1024px) 100vw, 1024px\" \/><\/a><\/figure><\/li><\/ul><\/figure>\n","protected":false},"excerpt":{"rendered":"<p>El encuentro reuni\u00f3 a acad\u00e9micos, estudiantes y representantes de empresas locales, quienes presentaron sus trabajos y proyectos innovadores, destacando la colaboraci\u00f3n con la Universidad de Tarapac\u00e1. <\/p>\n","protected":false},"author":13,"featured_media":70318,"comment_status":"open","ping_status":"open","sticky":false,"template":"","format":"standard","meta":[],"categories":[316,51],"tags":[],"_links":{"self":[{"href":"https:\/\/www.uta.cl\/index.php\/wp-json\/wp\/v2\/posts\/70317"}],"collection":[{"href":"https:\/\/www.uta.cl\/index.php\/wp-json\/wp\/v2\/posts"}],"about":[{"href":"https:\/\/www.uta.cl\/index.php\/wp-json\/wp\/v2\/types\/post"}],"author":[{"embeddable":true,"href":"https:\/\/www.uta.cl\/index.php\/wp-json\/wp\/v2\/users\/13"}],"replies":[{"embeddable":true,"href":"https:\/\/www.uta.cl\/index.php\/wp-json\/wp\/v2\/comments?post=70317"}],"version-history":[{"count":1,"href":"https:\/\/www.uta.cl\/index.php\/wp-json\/wp\/v2\/posts\/70317\/revisions"}],"predecessor-version":[{"id":70328,"href":"https:\/\/www.uta.cl\/index.php\/wp-json\/wp\/v2\/posts\/70317\/revisions\/70328"}],"wp:featuredmedia":[{"embeddable":true,"href":"https:\/\/www.uta.cl\/index.php\/wp-json\/wp\/v2\/media\/70318"}],"wp:attachment":[{"href":"https:\/\/www.uta.cl\/index.php\/wp-json\/wp\/v2\/media?parent=70317"}],"wp:term":[{"taxonomy":"category","embeddable":true,"href":"https:\/\/www.uta.cl\/index.php\/wp-json\/wp\/v2\/categories?post=70317"},{"taxonomy":"post_tag","embeddable":true,"href":"https:\/\/www.uta.cl\/index.php\/wp-json\/wp\/v2\/tags?post=70317"}],"curies":[{"name":"wp","href":"https:\/\/api.w.org\/{rel}","templated":true}]}}