{"id":70189,"date":"2025-10-22T18:05:51","date_gmt":"2025-10-22T18:05:51","guid":{"rendered":"https:\/\/www.uta.cl\/?p=70189"},"modified":"2025-10-22T18:06:01","modified_gmt":"2025-10-22T18:06:01","slug":"core-respalda-a-la-uta-en-concurso-para-fondos-en-ciencia-y-tecnologia","status":"publish","type":"post","link":"https:\/\/www.uta.cl\/index.php\/2025\/10\/22\/core-respalda-a-la-uta-en-concurso-para-fondos-en-ciencia-y-tecnologia\/","title":{"rendered":"CORE respalda a la UTA en concurso para Fondos en Ciencia y Tecnolog\u00eda"},"content":{"rendered":"\n<p>En la XIX Sesi\u00f3n Ordinaria del Consejo Regional (CORE), se aprob\u00f3 por mayor\u00eda el respaldo institucional a la Universidad de Tarapac\u00e1 (UTA) para su postulaci\u00f3n al Programa de Financiamiento Estructural I+D+i Universitario (FIU), impulsado por el Ministerio de Ciencia, Tecnolog\u00eda, Conocimiento e Innovaci\u00f3n, a trav\u00e9s de la Agencia Nacional de Investigaci\u00f3n y Desarrollo (ANID).<\/p>\n\n\n\n<p>Este acuerdo, que apoya el proyecto estrat\u00e9gico \u201cUTA Frontera 2035\u201d, contempla un compromiso financiero de hasta 1.560 millones de pesos (520 millones durante tres a\u00f1os), que se har\u00e1 efectivo en caso de que la universidad adjudique la segunda etapa del concurso nacional. El objetivo del FIU es fortalecer la infraestructura y las capacidades de investigaci\u00f3n e innovaci\u00f3n en las instituciones de educaci\u00f3n superior del pa\u00eds.<\/p>\n\n\n\n<p>En este contexto, el Gobernador Regional, Diego Paco, destac\u00f3 la relevancia del respaldo: \u201cYa es tiempo que la UTA sea un brazo armado de la regi\u00f3n, con un compromiso por el desarrollo cient\u00edfico y tecnol\u00f3gico del territorio, que adem\u00e1s fortalezca las competencias del Gobierno Regional para que Arica y Parinacota salgan adelante\u201d.<\/p>\n\n\n\n<p>Por su parte, el rector (s) de la UTA, Jorge Bernal, valor\u00f3 el apoyo del Gobierno y del CORE: \u201cNos da la posibilidad de participar en un concurso much\u00edsimo mayor, compitiendo con las mejores universidades del pa\u00eds. Este respaldo nos alienta a seguir mejorando como universidad con nuestra regi\u00f3n\u201d.<\/p>\n\n\n\n<p>El proyecto \u201cUTA Frontera 2035\u201d propone una hoja de ruta a diez a\u00f1os para consolidar ecosistemas de investigaci\u00f3n interdisciplinarios y generar soluciones tecnol\u00f3gicas aplicadas al desarrollo sostenible de Arica y Parinacota. La iniciativa busca impactar especialmente en \u00e1reas agroalimentarias, ambientales y territoriales de alto valor estrat\u00e9gico para la regi\u00f3n.<\/p>\n\n\n\n<p>Previo a la sesi\u00f3n plenaria, el Director General de Investigaci\u00f3n e Innovaci\u00f3n, Dr. Ignacio Jessop Rivera, y el Director de Planificaci\u00f3n y Proyectos, Dr. Giuliani Coluccio Pi\u00f1ones, en representaci\u00f3n de la UTA, presentaron la propuesta ante la Comisi\u00f3n de Presupuesto, presidida por la consejera regional Romina Cifuentes, destacando el rol de la universidad en el fortalecimiento de las capacidades cient\u00edficas y tecnol\u00f3gicas del territorio.<\/p>\n\n\n\n<p>\u201cLa presentaci\u00f3n ante el CORE, un esfuerzo conjunto entre la Direcci\u00f3n General de Investigaci\u00f3n e Innovaci\u00f3n y la Direcci\u00f3n de Planificaci\u00f3n y Proyectos, tuvo como objetivo obtener el respaldo del Gobierno Regional y del Consejo Regional para nuestra postulaci\u00f3n a la convocatoria FIU-Frontera, etapa 2. Este apoyo es fundamental, ya que nos otorga un puntaje adicional en un proceso altamente competitivo, donde participan las principales universidades de excelencia del pa\u00eds. Con el FIU buscamos modernizar la estructura y gobernanza de la investigaci\u00f3n y desarrollo institucional, impulsando programas estrat\u00e9gicos orientados al fortalecimiento de nuevos centros y laboratorios de frontera, as\u00ed como a la creaci\u00f3n de postgrados interdisciplinarios que respondan a los desaf\u00edos del pa\u00eds y del territorio\u201d, se\u00f1al\u00f3 el Dr. Ignacio Jessop.<\/p>\n\n\n\n<p>Agreg\u00f3 que \u201ceste proyecto busca consolidar a nuestra universidad como un referente nacional e internacional, liderando desde el extremo norte el desarrollo cient\u00edfico-tecnol\u00f3gico con impacto territorial. El apoyo solicitado al Gobierno Regional, por 1.560 millones de pesos, representa una inversi\u00f3n clave para acceder a m\u00e1s de 10.400 millones en financiamiento, que permitir\u00e1n proyectar la investigaci\u00f3n, la innovaci\u00f3n y el desarrollo institucional durante la pr\u00f3xima d\u00e9cada\u201d, concluy\u00f3 el Director General de Investigaci\u00f3n e Innovaci\u00f3n de la UTA.<\/p>\n\n\n\n<figure class=\"wp-block-gallery columns-2 is-cropped\"><ul class=\"blocks-gallery-grid\"><li class=\"blocks-gallery-item\"><figure><a href=\"https:\/\/www.uta.cl\/wp-content\/uploads\/2025\/10\/3-1.jpg\"><img loading=\"lazy\" width=\"1024\" height=\"683\" src=\"https:\/\/www.uta.cl\/wp-content\/uploads\/2025\/10\/3-1-1024x683.jpg\" alt=\"\" data-id=\"70190\" data-full-url=\"https:\/\/www.uta.cl\/wp-content\/uploads\/2025\/10\/3-1.jpg\" data-link=\"https:\/\/www.uta.cl\/?attachment_id=70190\" class=\"wp-image-70190\" srcset=\"https:\/\/www.uta.cl\/wp-content\/uploads\/2025\/10\/3-1-1024x683.jpg 1024w, https:\/\/www.uta.cl\/wp-content\/uploads\/2025\/10\/3-1-300x200.jpg 300w, https:\/\/www.uta.cl\/wp-content\/uploads\/2025\/10\/3-1-768x512.jpg 768w, https:\/\/www.uta.cl\/wp-content\/uploads\/2025\/10\/3-1-1536x1024.jpg 1536w, https:\/\/www.uta.cl\/wp-content\/uploads\/2025\/10\/3-1.jpg 2048w\" sizes=\"(max-width: 1024px) 100vw, 1024px\" \/><\/a><\/figure><\/li><li class=\"blocks-gallery-item\"><figure><a href=\"https:\/\/www.uta.cl\/wp-content\/uploads\/2025\/10\/4-1.jpg\"><img loading=\"lazy\" width=\"1024\" height=\"683\" src=\"https:\/\/www.uta.cl\/wp-content\/uploads\/2025\/10\/4-1-1024x683.jpg\" alt=\"\" data-id=\"70191\" data-full-url=\"https:\/\/www.uta.cl\/wp-content\/uploads\/2025\/10\/4-1.jpg\" data-link=\"https:\/\/www.uta.cl\/?attachment_id=70191\" class=\"wp-image-70191\" srcset=\"https:\/\/www.uta.cl\/wp-content\/uploads\/2025\/10\/4-1-1024x683.jpg 1024w, https:\/\/www.uta.cl\/wp-content\/uploads\/2025\/10\/4-1-300x200.jpg 300w, https:\/\/www.uta.cl\/wp-content\/uploads\/2025\/10\/4-1-768x512.jpg 768w, https:\/\/www.uta.cl\/wp-content\/uploads\/2025\/10\/4-1-1536x1024.jpg 1536w, https:\/\/www.uta.cl\/wp-content\/uploads\/2025\/10\/4-1.jpg 2048w\" sizes=\"(max-width: 1024px) 100vw, 1024px\" \/><\/a><\/figure><\/li><li class=\"blocks-gallery-item\"><figure><a href=\"https:\/\/www.uta.cl\/wp-content\/uploads\/2025\/10\/foto-central-2.jpg\"><img loading=\"lazy\" width=\"1024\" height=\"683\" src=\"https:\/\/www.uta.cl\/wp-content\/uploads\/2025\/10\/foto-central-2-1024x683.jpg\" alt=\"\" data-id=\"70192\" data-full-url=\"https:\/\/www.uta.cl\/wp-content\/uploads\/2025\/10\/foto-central-2.jpg\" data-link=\"https:\/\/www.uta.cl\/?attachment_id=70192\" class=\"wp-image-70192\" srcset=\"https:\/\/www.uta.cl\/wp-content\/uploads\/2025\/10\/foto-central-2-1024x683.jpg 1024w, https:\/\/www.uta.cl\/wp-content\/uploads\/2025\/10\/foto-central-2-300x200.jpg 300w, https:\/\/www.uta.cl\/wp-content\/uploads\/2025\/10\/foto-central-2-768x512.jpg 768w, https:\/\/www.uta.cl\/wp-content\/uploads\/2025\/10\/foto-central-2-1536x1024.jpg 1536w, https:\/\/www.uta.cl\/wp-content\/uploads\/2025\/10\/foto-central-2.jpg 2048w\" sizes=\"(max-width: 1024px) 100vw, 1024px\" \/><\/a><\/figure><\/li><\/ul><\/figure>\n\n\n\n<p><strong>Fuente: Core Arica y Parinacota.<\/strong><strong><\/strong><\/p>\n","protected":false},"excerpt":{"rendered":"<p>El Consejo Regional aprob\u00f3 el respaldo de hasta $1.560 millones a la Universidad de Tarapac\u00e1 para competir en fondos nacionales de I+D+i, impulsando el proyecto \u201cUTA Frontera 2035\u201d hacia un desarrollo sostenible en Arica y Parinacota.<\/p>\n","protected":false},"author":13,"featured_media":70192,"comment_status":"open","ping_status":"open","sticky":false,"template":"","format":"standard","meta":[],"categories":[315,316],"tags":[],"_links":{"self":[{"href":"https:\/\/www.uta.cl\/index.php\/wp-json\/wp\/v2\/posts\/70189"}],"collection":[{"href":"https:\/\/www.uta.cl\/index.php\/wp-json\/wp\/v2\/posts"}],"about":[{"href":"https:\/\/www.uta.cl\/index.php\/wp-json\/wp\/v2\/types\/post"}],"author":[{"embeddable":true,"href":"https:\/\/www.uta.cl\/index.php\/wp-json\/wp\/v2\/users\/13"}],"replies":[{"embeddable":true,"href":"https:\/\/www.uta.cl\/index.php\/wp-json\/wp\/v2\/comments?post=70189"}],"version-history":[{"count":1,"href":"https:\/\/www.uta.cl\/index.php\/wp-json\/wp\/v2\/posts\/70189\/revisions"}],"predecessor-version":[{"id":70193,"href":"https:\/\/www.uta.cl\/index.php\/wp-json\/wp\/v2\/posts\/70189\/revisions\/70193"}],"wp:featuredmedia":[{"embeddable":true,"href":"https:\/\/www.uta.cl\/index.php\/wp-json\/wp\/v2\/media\/70192"}],"wp:attachment":[{"href":"https:\/\/www.uta.cl\/index.php\/wp-json\/wp\/v2\/media?parent=70189"}],"wp:term":[{"taxonomy":"category","embeddable":true,"href":"https:\/\/www.uta.cl\/index.php\/wp-json\/wp\/v2\/categories?post=70189"},{"taxonomy":"post_tag","embeddable":true,"href":"https:\/\/www.uta.cl\/index.php\/wp-json\/wp\/v2\/tags?post=70189"}],"curies":[{"name":"wp","href":"https:\/\/api.w.org\/{rel}","templated":true}]}}