{"id":69925,"date":"2025-10-13T16:46:47","date_gmt":"2025-10-13T16:46:47","guid":{"rendered":"https:\/\/www.uta.cl\/?p=69925"},"modified":"2025-10-13T16:46:57","modified_gmt":"2025-10-13T16:46:57","slug":"coro-uta-hizo-vibrar-a-cientos-de-personas-con-el-requiem-de-mozart-en-su-52-aniversario","status":"publish","type":"post","link":"https:\/\/www.uta.cl\/index.php\/2025\/10\/13\/coro-uta-hizo-vibrar-a-cientos-de-personas-con-el-requiem-de-mozart-en-su-52-aniversario\/","title":{"rendered":"Coro UTA hizo vibrar a cientos de personas con el R\u00e9quiem de Mozart en su 52\u00b0 aniversario"},"content":{"rendered":"\n<p>Durante una velada de m\u00fasica y memoria en el Teatro Municipal de Arica, m\u00e1s de 400 personas asistieron al concierto aniversario del Coro de la Universidad de Tarapac\u00e1, que celebr\u00f3 52 a\u00f1os de trayectoria con la interpretaci\u00f3n del <em>R\u00e9quiem<\/em> de Mozart. Bajo la direcci\u00f3n de Miguel Platero Galarce, el conjunto ofreci\u00f3 una interpretaci\u00f3n de gran profundidad art\u00edstica, destacada por su precisi\u00f3n vocal, sensibilidad expresiva y capacidad de conectar con el p\u00fablico.<\/p>\n\n\n\n<p>\u201cTuvimos cinco meses de preparaci\u00f3n para este trabajo; creo que cumplimos todas las expectativas (\u2026) como Coro de la UTA estamos felices porque estamos aportando culturalmente con m\u00fasica de buena calidad\u201d, se\u00f1al\u00f3 el director Miguel Platero Galarce.<\/p>\n\n\n\n<p>Compuesta en 1791, la obra es reconocida por su dramatismo y riqueza emocional. En esta ocasi\u00f3n, fue interpretada por el Coro UTA junto a solistas y pianista acompa\u00f1ante.<br><br>\u201cEstamos muy felices por la alta convocatoria que tuvimos, un concierto excelente, la gente qued\u00f3 content\u00edsima (\u2026) relevar tambi\u00e9n el rol de nuestra universidad que apoya las manifestaciones art\u00edsticas y culturales\u201d, destac\u00f3 la directora general de Vinculaci\u00f3n con el Medio UTA, Dra. Ingrid Fern\u00e1ndez Carvajal.<\/p>\n\n\n\n<p>Por otro lado, Ana Carolina Gallardo, una de las asistentes al concierto, coment\u00f3: \u201cFue un show bastante emocionante, hace mucho tiempo que no ten\u00eda esta experiencia y creo que sin duda es totalmente recomendable\u201d.<\/p>\n\n\n\n<figure class=\"wp-block-gallery columns-3 is-cropped\"><ul class=\"blocks-gallery-grid\"><li class=\"blocks-gallery-item\"><figure><a href=\"https:\/\/www.uta.cl\/wp-content\/uploads\/2025\/10\/fotos-cueca-2-scaled.jpg\"><img loading=\"lazy\" width=\"819\" height=\"1024\" src=\"https:\/\/www.uta.cl\/wp-content\/uploads\/2025\/10\/fotos-cueca-2-819x1024.jpg\" alt=\"\" data-id=\"69934\" data-full-url=\"https:\/\/www.uta.cl\/wp-content\/uploads\/2025\/10\/fotos-cueca-2-scaled.jpg\" data-link=\"https:\/\/www.uta.cl\/?attachment_id=69934\" class=\"wp-image-69934\" srcset=\"https:\/\/www.uta.cl\/wp-content\/uploads\/2025\/10\/fotos-cueca-2-819x1024.jpg 819w, https:\/\/www.uta.cl\/wp-content\/uploads\/2025\/10\/fotos-cueca-2-240x300.jpg 240w, https:\/\/www.uta.cl\/wp-content\/uploads\/2025\/10\/fotos-cueca-2-768x960.jpg 768w, https:\/\/www.uta.cl\/wp-content\/uploads\/2025\/10\/fotos-cueca-2-1229x1536.jpg 1229w, https:\/\/www.uta.cl\/wp-content\/uploads\/2025\/10\/fotos-cueca-2-1639x2048.jpg 1639w, https:\/\/www.uta.cl\/wp-content\/uploads\/2025\/10\/fotos-cueca-2-scaled.jpg 2048w\" sizes=\"(max-width: 819px) 100vw, 819px\" \/><\/a><\/figure><\/li><li class=\"blocks-gallery-item\"><figure><a href=\"https:\/\/www.uta.cl\/wp-content\/uploads\/2025\/10\/fotos-cueca-34.jpg\"><img loading=\"lazy\" width=\"773\" height=\"1024\" src=\"https:\/\/www.uta.cl\/wp-content\/uploads\/2025\/10\/fotos-cueca-34-773x1024.jpg\" alt=\"\" data-id=\"69935\" data-full-url=\"https:\/\/www.uta.cl\/wp-content\/uploads\/2025\/10\/fotos-cueca-34.jpg\" data-link=\"https:\/\/www.uta.cl\/?attachment_id=69935\" class=\"wp-image-69935\" srcset=\"https:\/\/www.uta.cl\/wp-content\/uploads\/2025\/10\/fotos-cueca-34-773x1024.jpg 773w, https:\/\/www.uta.cl\/wp-content\/uploads\/2025\/10\/fotos-cueca-34-226x300.jpg 226w, https:\/\/www.uta.cl\/wp-content\/uploads\/2025\/10\/fotos-cueca-34-768x1018.jpg 768w, https:\/\/www.uta.cl\/wp-content\/uploads\/2025\/10\/fotos-cueca-34-1159x1536.jpg 1159w, https:\/\/www.uta.cl\/wp-content\/uploads\/2025\/10\/fotos-cueca-34.jpg 1280w\" sizes=\"(max-width: 773px) 100vw, 773px\" \/><\/a><\/figure><\/li><li class=\"blocks-gallery-item\"><figure><a href=\"https:\/\/www.uta.cl\/wp-content\/uploads\/2025\/10\/fotos-cueca-1-scaled.jpg\"><img loading=\"lazy\" width=\"819\" height=\"1024\" src=\"https:\/\/www.uta.cl\/wp-content\/uploads\/2025\/10\/fotos-cueca-1-819x1024.jpg\" alt=\"\" data-id=\"69936\" data-full-url=\"https:\/\/www.uta.cl\/wp-content\/uploads\/2025\/10\/fotos-cueca-1-scaled.jpg\" data-link=\"https:\/\/www.uta.cl\/?attachment_id=69936\" class=\"wp-image-69936\" srcset=\"https:\/\/www.uta.cl\/wp-content\/uploads\/2025\/10\/fotos-cueca-1-819x1024.jpg 819w, https:\/\/www.uta.cl\/wp-content\/uploads\/2025\/10\/fotos-cueca-1-240x300.jpg 240w, https:\/\/www.uta.cl\/wp-content\/uploads\/2025\/10\/fotos-cueca-1-768x960.jpg 768w, https:\/\/www.uta.cl\/wp-content\/uploads\/2025\/10\/fotos-cueca-1-1229x1536.jpg 1229w, https:\/\/www.uta.cl\/wp-content\/uploads\/2025\/10\/fotos-cueca-1-1639x2048.jpg 1639w, https:\/\/www.uta.cl\/wp-content\/uploads\/2025\/10\/fotos-cueca-1-scaled.jpg 2048w\" sizes=\"(max-width: 819px) 100vw, 819px\" \/><\/a><\/figure><\/li><\/ul><\/figure>\n\n\n\n<figure class=\"wp-block-gallery columns-3 is-cropped\"><ul class=\"blocks-gallery-grid\"><li class=\"blocks-gallery-item\"><figure><a href=\"https:\/\/www.uta.cl\/wp-content\/uploads\/2025\/10\/IMG_1160-scaled.jpg\"><img loading=\"lazy\" width=\"1024\" height=\"576\" src=\"https:\/\/www.uta.cl\/wp-content\/uploads\/2025\/10\/IMG_1160-1024x576.jpg\" alt=\"\" data-id=\"69926\" data-full-url=\"https:\/\/www.uta.cl\/wp-content\/uploads\/2025\/10\/IMG_1160-scaled.jpg\" data-link=\"https:\/\/www.uta.cl\/?attachment_id=69926\" class=\"wp-image-69926\" srcset=\"https:\/\/www.uta.cl\/wp-content\/uploads\/2025\/10\/IMG_1160-1024x576.jpg 1024w, https:\/\/www.uta.cl\/wp-content\/uploads\/2025\/10\/IMG_1160-300x169.jpg 300w, https:\/\/www.uta.cl\/wp-content\/uploads\/2025\/10\/IMG_1160-768x432.jpg 768w, https:\/\/www.uta.cl\/wp-content\/uploads\/2025\/10\/IMG_1160-1536x864.jpg 1536w, https:\/\/www.uta.cl\/wp-content\/uploads\/2025\/10\/IMG_1160-2048x1152.jpg 2048w\" sizes=\"(max-width: 1024px) 100vw, 1024px\" \/><\/a><\/figure><\/li><li class=\"blocks-gallery-item\"><figure><a href=\"https:\/\/www.uta.cl\/wp-content\/uploads\/2025\/10\/IMG_1166-scaled.jpg\"><img loading=\"lazy\" width=\"1024\" height=\"576\" src=\"https:\/\/www.uta.cl\/wp-content\/uploads\/2025\/10\/IMG_1166-1024x576.jpg\" alt=\"\" data-id=\"69927\" data-full-url=\"https:\/\/www.uta.cl\/wp-content\/uploads\/2025\/10\/IMG_1166-scaled.jpg\" data-link=\"https:\/\/www.uta.cl\/?attachment_id=69927\" class=\"wp-image-69927\" srcset=\"https:\/\/www.uta.cl\/wp-content\/uploads\/2025\/10\/IMG_1166-1024x576.jpg 1024w, https:\/\/www.uta.cl\/wp-content\/uploads\/2025\/10\/IMG_1166-300x169.jpg 300w, https:\/\/www.uta.cl\/wp-content\/uploads\/2025\/10\/IMG_1166-768x432.jpg 768w, https:\/\/www.uta.cl\/wp-content\/uploads\/2025\/10\/IMG_1166-1536x864.jpg 1536w, https:\/\/www.uta.cl\/wp-content\/uploads\/2025\/10\/IMG_1166-2048x1152.jpg 2048w\" sizes=\"(max-width: 1024px) 100vw, 1024px\" \/><\/a><\/figure><\/li><li class=\"blocks-gallery-item\"><figure><a href=\"https:\/\/www.uta.cl\/wp-content\/uploads\/2025\/10\/IMG_1182-scaled.jpg\"><img loading=\"lazy\" width=\"1024\" height=\"576\" src=\"https:\/\/www.uta.cl\/wp-content\/uploads\/2025\/10\/IMG_1182-1024x576.jpg\" alt=\"\" data-id=\"69928\" data-full-url=\"https:\/\/www.uta.cl\/wp-content\/uploads\/2025\/10\/IMG_1182-scaled.jpg\" data-link=\"https:\/\/www.uta.cl\/?attachment_id=69928\" class=\"wp-image-69928\" srcset=\"https:\/\/www.uta.cl\/wp-content\/uploads\/2025\/10\/IMG_1182-1024x576.jpg 1024w, https:\/\/www.uta.cl\/wp-content\/uploads\/2025\/10\/IMG_1182-300x169.jpg 300w, https:\/\/www.uta.cl\/wp-content\/uploads\/2025\/10\/IMG_1182-768x432.jpg 768w, https:\/\/www.uta.cl\/wp-content\/uploads\/2025\/10\/IMG_1182-1536x864.jpg 1536w, https:\/\/www.uta.cl\/wp-content\/uploads\/2025\/10\/IMG_1182-2048x1152.jpg 2048w\" sizes=\"(max-width: 1024px) 100vw, 1024px\" \/><\/a><\/figure><\/li><li class=\"blocks-gallery-item\"><figure><a href=\"https:\/\/www.uta.cl\/wp-content\/uploads\/2025\/10\/IMG_1176-scaled.jpg\"><img loading=\"lazy\" width=\"1024\" height=\"576\" src=\"https:\/\/www.uta.cl\/wp-content\/uploads\/2025\/10\/IMG_1176-1024x576.jpg\" alt=\"\" data-id=\"69929\" data-full-url=\"https:\/\/www.uta.cl\/wp-content\/uploads\/2025\/10\/IMG_1176-scaled.jpg\" data-link=\"https:\/\/www.uta.cl\/?attachment_id=69929\" class=\"wp-image-69929\" srcset=\"https:\/\/www.uta.cl\/wp-content\/uploads\/2025\/10\/IMG_1176-1024x576.jpg 1024w, https:\/\/www.uta.cl\/wp-content\/uploads\/2025\/10\/IMG_1176-300x169.jpg 300w, https:\/\/www.uta.cl\/wp-content\/uploads\/2025\/10\/IMG_1176-768x432.jpg 768w, https:\/\/www.uta.cl\/wp-content\/uploads\/2025\/10\/IMG_1176-1536x864.jpg 1536w, https:\/\/www.uta.cl\/wp-content\/uploads\/2025\/10\/IMG_1176-2048x1152.jpg 2048w\" sizes=\"(max-width: 1024px) 100vw, 1024px\" \/><\/a><\/figure><\/li><li class=\"blocks-gallery-item\"><figure><a href=\"https:\/\/www.uta.cl\/wp-content\/uploads\/2025\/10\/IMG_1124-scaled.jpg\"><img loading=\"lazy\" width=\"1024\" height=\"576\" src=\"https:\/\/www.uta.cl\/wp-content\/uploads\/2025\/10\/IMG_1124-1024x576.jpg\" alt=\"\" data-id=\"69930\" data-full-url=\"https:\/\/www.uta.cl\/wp-content\/uploads\/2025\/10\/IMG_1124-scaled.jpg\" data-link=\"https:\/\/www.uta.cl\/?attachment_id=69930\" class=\"wp-image-69930\" srcset=\"https:\/\/www.uta.cl\/wp-content\/uploads\/2025\/10\/IMG_1124-1024x576.jpg 1024w, https:\/\/www.uta.cl\/wp-content\/uploads\/2025\/10\/IMG_1124-300x169.jpg 300w, https:\/\/www.uta.cl\/wp-content\/uploads\/2025\/10\/IMG_1124-768x432.jpg 768w, https:\/\/www.uta.cl\/wp-content\/uploads\/2025\/10\/IMG_1124-1536x864.jpg 1536w, https:\/\/www.uta.cl\/wp-content\/uploads\/2025\/10\/IMG_1124-2048x1152.jpg 2048w\" sizes=\"(max-width: 1024px) 100vw, 1024px\" \/><\/a><\/figure><\/li><li class=\"blocks-gallery-item\"><figure><a href=\"https:\/\/www.uta.cl\/wp-content\/uploads\/2025\/10\/IMG_1050-scaled.jpg\"><img loading=\"lazy\" width=\"1024\" height=\"576\" src=\"https:\/\/www.uta.cl\/wp-content\/uploads\/2025\/10\/IMG_1050-1024x576.jpg\" alt=\"\" data-id=\"69933\" data-full-url=\"https:\/\/www.uta.cl\/wp-content\/uploads\/2025\/10\/IMG_1050-scaled.jpg\" data-link=\"https:\/\/www.uta.cl\/?attachment_id=69933\" class=\"wp-image-69933\" srcset=\"https:\/\/www.uta.cl\/wp-content\/uploads\/2025\/10\/IMG_1050-1024x576.jpg 1024w, https:\/\/www.uta.cl\/wp-content\/uploads\/2025\/10\/IMG_1050-300x169.jpg 300w, https:\/\/www.uta.cl\/wp-content\/uploads\/2025\/10\/IMG_1050-768x432.jpg 768w, https:\/\/www.uta.cl\/wp-content\/uploads\/2025\/10\/IMG_1050-1536x864.jpg 1536w, https:\/\/www.uta.cl\/wp-content\/uploads\/2025\/10\/IMG_1050-2048x1152.jpg 2048w\" sizes=\"(max-width: 1024px) 100vw, 1024px\" \/><\/a><\/figure><\/li><li class=\"blocks-gallery-item\"><figure><a href=\"https:\/\/www.uta.cl\/wp-content\/uploads\/2025\/10\/IMG_1076-scaled.jpg\"><img loading=\"lazy\" width=\"1024\" height=\"576\" src=\"https:\/\/www.uta.cl\/wp-content\/uploads\/2025\/10\/IMG_1076-1024x576.jpg\" alt=\"\" data-id=\"69932\" data-full-url=\"https:\/\/www.uta.cl\/wp-content\/uploads\/2025\/10\/IMG_1076-scaled.jpg\" data-link=\"https:\/\/www.uta.cl\/?attachment_id=69932\" class=\"wp-image-69932\" srcset=\"https:\/\/www.uta.cl\/wp-content\/uploads\/2025\/10\/IMG_1076-1024x576.jpg 1024w, https:\/\/www.uta.cl\/wp-content\/uploads\/2025\/10\/IMG_1076-300x169.jpg 300w, https:\/\/www.uta.cl\/wp-content\/uploads\/2025\/10\/IMG_1076-768x432.jpg 768w, https:\/\/www.uta.cl\/wp-content\/uploads\/2025\/10\/IMG_1076-1536x864.jpg 1536w, https:\/\/www.uta.cl\/wp-content\/uploads\/2025\/10\/IMG_1076-2048x1152.jpg 2048w\" sizes=\"(max-width: 1024px) 100vw, 1024px\" \/><\/a><\/figure><\/li><li class=\"blocks-gallery-item\"><figure><a href=\"https:\/\/www.uta.cl\/wp-content\/uploads\/2025\/10\/IMG_1122-scaled.jpg\"><img loading=\"lazy\" width=\"1024\" height=\"576\" src=\"https:\/\/www.uta.cl\/wp-content\/uploads\/2025\/10\/IMG_1122-1024x576.jpg\" alt=\"\" data-id=\"69931\" data-full-url=\"https:\/\/www.uta.cl\/wp-content\/uploads\/2025\/10\/IMG_1122-scaled.jpg\" data-link=\"https:\/\/www.uta.cl\/?attachment_id=69931\" class=\"wp-image-69931\" srcset=\"https:\/\/www.uta.cl\/wp-content\/uploads\/2025\/10\/IMG_1122-1024x576.jpg 1024w, https:\/\/www.uta.cl\/wp-content\/uploads\/2025\/10\/IMG_1122-300x169.jpg 300w, https:\/\/www.uta.cl\/wp-content\/uploads\/2025\/10\/IMG_1122-768x432.jpg 768w, https:\/\/www.uta.cl\/wp-content\/uploads\/2025\/10\/IMG_1122-1536x864.jpg 1536w, https:\/\/www.uta.cl\/wp-content\/uploads\/2025\/10\/IMG_1122-2048x1152.jpg 2048w\" sizes=\"(max-width: 1024px) 100vw, 1024px\" \/><\/a><\/figure><\/li><\/ul><\/figure>\n","protected":false},"excerpt":{"rendered":"<p>Durante una velada de m\u00fasica y memoria en el Teatro Municipal de Arica, m\u00e1s de 400 personas asistieron al concierto aniversario del Coro de la Universidad de Tarapac\u00e1, que celebr\u00f3 52 a\u00f1os de trayectoria con la interpretaci\u00f3n del R\u00e9quiem de Mozart. Bajo la direcci\u00f3n de Miguel Platero Galarce, el conjunto ofreci\u00f3 una interpretaci\u00f3n de gran [&hellip;]<\/p>\n","protected":false},"author":13,"featured_media":69931,"comment_status":"open","ping_status":"open","sticky":false,"template":"","format":"standard","meta":[],"categories":[318],"tags":[],"_links":{"self":[{"href":"https:\/\/www.uta.cl\/index.php\/wp-json\/wp\/v2\/posts\/69925"}],"collection":[{"href":"https:\/\/www.uta.cl\/index.php\/wp-json\/wp\/v2\/posts"}],"about":[{"href":"https:\/\/www.uta.cl\/index.php\/wp-json\/wp\/v2\/types\/post"}],"author":[{"embeddable":true,"href":"https:\/\/www.uta.cl\/index.php\/wp-json\/wp\/v2\/users\/13"}],"replies":[{"embeddable":true,"href":"https:\/\/www.uta.cl\/index.php\/wp-json\/wp\/v2\/comments?post=69925"}],"version-history":[{"count":1,"href":"https:\/\/www.uta.cl\/index.php\/wp-json\/wp\/v2\/posts\/69925\/revisions"}],"predecessor-version":[{"id":69937,"href":"https:\/\/www.uta.cl\/index.php\/wp-json\/wp\/v2\/posts\/69925\/revisions\/69937"}],"wp:featuredmedia":[{"embeddable":true,"href":"https:\/\/www.uta.cl\/index.php\/wp-json\/wp\/v2\/media\/69931"}],"wp:attachment":[{"href":"https:\/\/www.uta.cl\/index.php\/wp-json\/wp\/v2\/media?parent=69925"}],"wp:term":[{"taxonomy":"category","embeddable":true,"href":"https:\/\/www.uta.cl\/index.php\/wp-json\/wp\/v2\/categories?post=69925"},{"taxonomy":"post_tag","embeddable":true,"href":"https:\/\/www.uta.cl\/index.php\/wp-json\/wp\/v2\/tags?post=69925"}],"curies":[{"name":"wp","href":"https:\/\/api.w.org\/{rel}","templated":true}]}}