{"id":69689,"date":"2025-10-03T14:26:16","date_gmt":"2025-10-03T14:26:16","guid":{"rendered":"https:\/\/www.uta.cl\/?p=69689"},"modified":"2025-10-03T14:26:24","modified_gmt":"2025-10-03T14:26:24","slug":"encuentro-de-educacion-parvularia-congrego-a-mas-de-150-profesionales-en-arica","status":"publish","type":"post","link":"https:\/\/www.uta.cl\/index.php\/2025\/10\/03\/encuentro-de-educacion-parvularia-congrego-a-mas-de-150-profesionales-en-arica\/","title":{"rendered":"Encuentro de Educaci\u00f3n Parvularia congreg\u00f3 a m\u00e1s de 150 profesionales en Arica"},"content":{"rendered":"\n<p>El jueves 25 de septiembre, el Aula Magna del Campus Vel\u00e1squez de la Universidad de Tarapac\u00e1 fue el escenario del Encuentro en Educaci\u00f3n Parvularia: \u201cAvanzando a una Transformaci\u00f3n Educativa para un Desarrollo m\u00e1s Humano y Sostenible\u201d. La jornada liderada por destacada Dra. Mar\u00eda Victoria Peralta, relev\u00f3 la historia de la educaci\u00f3n parvularia y la importancia de avanzar hacia una educaci\u00f3n transformadora y hol\u00edstica para ni\u00f1as y ni\u00f1os.<\/p>\n\n\n\n<p>El evento reuni\u00f3 a m\u00e1s de 150 profesionales de la educaci\u00f3n inicial tanto de Chile y Per\u00fa, quienes agradecieron la creaci\u00f3n de este espacio de di\u00e1logo. La Dra. Peralta, reconocida Educadora de P\u00e1rvulo, Premio Nacional de Ciencias de la Educaci\u00f3n 2019 y Presidenta de Fundaci\u00f3n Integra, enfatiz\u00f3 la urgencia de transformar la educaci\u00f3n en la primera infancia y la necesidad de replantear el rol de los adultos que cuidan y educan a ni\u00f1os y ni\u00f1as, un proceso que calific\u00f3 como urgente, necesario y, sobre todo, fundamental para construir una sociedad m\u00e1s equitativa.<\/p>\n\n\n\n<p>La actividad permiti\u00f3 a los asistentes reflexionar sobre nuevas perspectivas en educaci\u00f3n parvularia, intercambiar experiencias y fortalecer la formaci\u00f3n de futuros educadores en la regi\u00f3n. La masiva convocatoria y el entusiasmo de los participantes reflejaron el compromiso de la comunidad educativa regional con la transformaci\u00f3n de la educaci\u00f3n inicial, consolidando a Arica como un referente en la formaci\u00f3n de profesionales especializados en primera infancia.<\/p>\n\n\n\n<figure class=\"wp-block-gallery columns-2 is-cropped\"><ul class=\"blocks-gallery-grid\"><li class=\"blocks-gallery-item\"><figure><a href=\"https:\/\/www.uta.cl\/wp-content\/uploads\/2025\/10\/image.png\"><img loading=\"lazy\" width=\"768\" height=\"1024\" src=\"https:\/\/www.uta.cl\/wp-content\/uploads\/2025\/10\/image-768x1024.png\" alt=\"\" data-id=\"69693\" data-full-url=\"https:\/\/www.uta.cl\/wp-content\/uploads\/2025\/10\/image.png\" data-link=\"https:\/\/www.uta.cl\/?attachment_id=69693\" class=\"wp-image-69693\" srcset=\"https:\/\/www.uta.cl\/wp-content\/uploads\/2025\/10\/image-768x1024.png 768w, https:\/\/www.uta.cl\/wp-content\/uploads\/2025\/10\/image-225x300.png 225w, https:\/\/www.uta.cl\/wp-content\/uploads\/2025\/10\/image-1152x1536.png 1152w, https:\/\/www.uta.cl\/wp-content\/uploads\/2025\/10\/image.png 1536w\" sizes=\"(max-width: 768px) 100vw, 768px\" \/><\/a><\/figure><\/li><li class=\"blocks-gallery-item\"><figure><a href=\"https:\/\/www.uta.cl\/wp-content\/uploads\/2025\/10\/image-2.png\"><img loading=\"lazy\" width=\"592\" height=\"395\" src=\"https:\/\/www.uta.cl\/wp-content\/uploads\/2025\/10\/image-2.png\" alt=\"\" data-id=\"69691\" data-full-url=\"https:\/\/www.uta.cl\/wp-content\/uploads\/2025\/10\/image-2.png\" data-link=\"https:\/\/www.uta.cl\/?attachment_id=69691\" class=\"wp-image-69691\" srcset=\"https:\/\/www.uta.cl\/wp-content\/uploads\/2025\/10\/image-2.png 592w, https:\/\/www.uta.cl\/wp-content\/uploads\/2025\/10\/image-2-300x200.png 300w\" sizes=\"(max-width: 592px) 100vw, 592px\" \/><\/a><\/figure><\/li><li class=\"blocks-gallery-item\"><figure><a href=\"https:\/\/www.uta.cl\/wp-content\/uploads\/2025\/10\/image-3.png\"><img loading=\"lazy\" width=\"1024\" height=\"683\" src=\"https:\/\/www.uta.cl\/wp-content\/uploads\/2025\/10\/image-3-1024x683.png\" alt=\"\" data-id=\"69692\" data-full-url=\"https:\/\/www.uta.cl\/wp-content\/uploads\/2025\/10\/image-3.png\" data-link=\"https:\/\/www.uta.cl\/?attachment_id=69692\" class=\"wp-image-69692\" srcset=\"https:\/\/www.uta.cl\/wp-content\/uploads\/2025\/10\/image-3-1024x683.png 1024w, https:\/\/www.uta.cl\/wp-content\/uploads\/2025\/10\/image-3-300x200.png 300w, https:\/\/www.uta.cl\/wp-content\/uploads\/2025\/10\/image-3-768x512.png 768w, https:\/\/www.uta.cl\/wp-content\/uploads\/2025\/10\/image-3.png 1067w\" sizes=\"(max-width: 1024px) 100vw, 1024px\" \/><\/a><\/figure><\/li><\/ul><\/figure>\n","protected":false},"excerpt":{"rendered":"<p>Dra. Mar\u00eda Victoria Peralta lider\u00f3 jornada sobre transformaci\u00f3n educativa para un desarrollo m\u00e1s humano y sostenible.<\/p>\n","protected":false},"author":13,"featured_media":69692,"comment_status":"open","ping_status":"open","sticky":false,"template":"","format":"standard","meta":[],"categories":[318],"tags":[],"_links":{"self":[{"href":"https:\/\/www.uta.cl\/index.php\/wp-json\/wp\/v2\/posts\/69689"}],"collection":[{"href":"https:\/\/www.uta.cl\/index.php\/wp-json\/wp\/v2\/posts"}],"about":[{"href":"https:\/\/www.uta.cl\/index.php\/wp-json\/wp\/v2\/types\/post"}],"author":[{"embeddable":true,"href":"https:\/\/www.uta.cl\/index.php\/wp-json\/wp\/v2\/users\/13"}],"replies":[{"embeddable":true,"href":"https:\/\/www.uta.cl\/index.php\/wp-json\/wp\/v2\/comments?post=69689"}],"version-history":[{"count":1,"href":"https:\/\/www.uta.cl\/index.php\/wp-json\/wp\/v2\/posts\/69689\/revisions"}],"predecessor-version":[{"id":69741,"href":"https:\/\/www.uta.cl\/index.php\/wp-json\/wp\/v2\/posts\/69689\/revisions\/69741"}],"wp:featuredmedia":[{"embeddable":true,"href":"https:\/\/www.uta.cl\/index.php\/wp-json\/wp\/v2\/media\/69692"}],"wp:attachment":[{"href":"https:\/\/www.uta.cl\/index.php\/wp-json\/wp\/v2\/media?parent=69689"}],"wp:term":[{"taxonomy":"category","embeddable":true,"href":"https:\/\/www.uta.cl\/index.php\/wp-json\/wp\/v2\/categories?post=69689"},{"taxonomy":"post_tag","embeddable":true,"href":"https:\/\/www.uta.cl\/index.php\/wp-json\/wp\/v2\/tags?post=69689"}],"curies":[{"name":"wp","href":"https:\/\/api.w.org\/{rel}","templated":true}]}}