{"id":69170,"date":"2025-09-08T13:32:00","date_gmt":"2025-09-08T13:32:00","guid":{"rendered":"https:\/\/www.uta.cl\/?p=69170"},"modified":"2025-09-08T13:32:07","modified_gmt":"2025-09-08T13:32:07","slug":"programa-habilidades-para-la-vida-3-realizo-taller-de-apresto-laboral-para-estudiantes-de-pedagogia-en-castellano-y-comunicacion","status":"publish","type":"post","link":"https:\/\/www.uta.cl\/index.php\/2025\/09\/08\/programa-habilidades-para-la-vida-3-realizo-taller-de-apresto-laboral-para-estudiantes-de-pedagogia-en-castellano-y-comunicacion\/","title":{"rendered":"Programa Habilidades para la Vida 3 realiz\u00f3 taller de Apresto Laboral para estudiantes de Pedagog\u00eda en Castellano y Comunicaci\u00f3n"},"content":{"rendered":"\n<p>El Programa Habilidades para la Vida 3 (HPV3), ejecutado por la Escuela de Psicolog\u00eda y Filosof\u00eda de la Universidad de Tarapac\u00e1 (UTA) en convenio con la Junta Nacional de Auxilio Escolar y Becas (JUNAEB), realiz\u00f3 el taller \u201cApresto Laboral\u201d dirigido a estudiantes de segundo, cuarto y quinto a\u00f1o de Pedagog\u00eda en Castellano y Comunicaci\u00f3n, quienes est\u00e1n en distintas etapas de sus pr\u00e1cticas profesionales (iniciales, intermedias y finales). El encuentro, realizado en el auditorio Ricardo Salas, reuni\u00f3 a profesionales del programa HPV 3 y acad\u00e9micas de la carrera para compartir experiencias y entregar herramientas que preparen a los futuros docentes para su inserci\u00f3n laboral.<br><br>El taller, coordinado por el Dr. Mauricio Ram\u00edrez, psic\u00f3logo y acad\u00e9mico, fue liderado por el psic\u00f3logo Roberto Beroisa, junto a la psicopedagoga Tania Duarhtt, el psicopedagogo Francisco Montenegro y el psic\u00f3logo Renato Morales. Tambi\u00e9n participaron la jefa de carrera, Gloria Themoux y la acad\u00e9mica Ana Mar\u00eda Soza.<br><br>La actividad incluy\u00f3 t\u00e9cnicas para postular en plataformas laborales, elaborar un curr\u00edculum vitae y estrategias para enfrentar entrevistas laborales mediante simulaciones (\u201crole play\u201d), proporcionando a los estudiantes herramientas pr\u00e1cticas para destacar en el \u00e1mbito laboral y fortalecer su preparaci\u00f3n para el ejercicio docente.<\/p>\n\n\n\n<figure class=\"wp-block-gallery columns-3 is-cropped\"><ul class=\"blocks-gallery-grid\"><li class=\"blocks-gallery-item\"><figure><img loading=\"lazy\" width=\"1024\" height=\"683\" src=\"https:\/\/www.uta.cl\/wp-content\/uploads\/2025\/09\/Captura-de-pantalla-2025-09-08-092349-1024x683.png\" alt=\"\" data-id=\"69172\" data-link=\"https:\/\/www.uta.cl\/?attachment_id=69172\" class=\"wp-image-69172\" srcset=\"https:\/\/www.uta.cl\/wp-content\/uploads\/2025\/09\/Captura-de-pantalla-2025-09-08-092349-1024x683.png 1024w, https:\/\/www.uta.cl\/wp-content\/uploads\/2025\/09\/Captura-de-pantalla-2025-09-08-092349-300x200.png 300w, https:\/\/www.uta.cl\/wp-content\/uploads\/2025\/09\/Captura-de-pantalla-2025-09-08-092349-768x512.png 768w, https:\/\/www.uta.cl\/wp-content\/uploads\/2025\/09\/Captura-de-pantalla-2025-09-08-092349.png 1248w\" sizes=\"(max-width: 1024px) 100vw, 1024px\" \/><\/figure><\/li><li class=\"blocks-gallery-item\"><figure><img loading=\"lazy\" width=\"1024\" height=\"682\" src=\"https:\/\/www.uta.cl\/wp-content\/uploads\/2025\/09\/Captura-de-pantalla-2025-09-08-092402-1024x682.png\" alt=\"\" data-id=\"69171\" data-link=\"https:\/\/www.uta.cl\/?attachment_id=69171\" class=\"wp-image-69171\" srcset=\"https:\/\/www.uta.cl\/wp-content\/uploads\/2025\/09\/Captura-de-pantalla-2025-09-08-092402-1024x682.png 1024w, https:\/\/www.uta.cl\/wp-content\/uploads\/2025\/09\/Captura-de-pantalla-2025-09-08-092402-300x200.png 300w, https:\/\/www.uta.cl\/wp-content\/uploads\/2025\/09\/Captura-de-pantalla-2025-09-08-092402-768x512.png 768w, https:\/\/www.uta.cl\/wp-content\/uploads\/2025\/09\/Captura-de-pantalla-2025-09-08-092402.png 1249w\" sizes=\"(max-width: 1024px) 100vw, 1024px\" \/><\/figure><\/li><li class=\"blocks-gallery-item\"><figure><img loading=\"lazy\" width=\"1024\" height=\"680\" src=\"https:\/\/www.uta.cl\/wp-content\/uploads\/2025\/09\/Captura-de-pantalla-2025-09-08-092334-1024x680.png\" alt=\"\" data-id=\"69173\" data-link=\"https:\/\/www.uta.cl\/?attachment_id=69173\" class=\"wp-image-69173\" srcset=\"https:\/\/www.uta.cl\/wp-content\/uploads\/2025\/09\/Captura-de-pantalla-2025-09-08-092334-1024x680.png 1024w, https:\/\/www.uta.cl\/wp-content\/uploads\/2025\/09\/Captura-de-pantalla-2025-09-08-092334-300x199.png 300w, https:\/\/www.uta.cl\/wp-content\/uploads\/2025\/09\/Captura-de-pantalla-2025-09-08-092334-768x510.png 768w, https:\/\/www.uta.cl\/wp-content\/uploads\/2025\/09\/Captura-de-pantalla-2025-09-08-092334.png 1251w\" sizes=\"(max-width: 1024px) 100vw, 1024px\" \/><\/figure><\/li><li class=\"blocks-gallery-item\"><figure><img loading=\"lazy\" width=\"1024\" height=\"681\" src=\"https:\/\/www.uta.cl\/wp-content\/uploads\/2025\/09\/Captura-de-pantalla-2025-09-08-092323-1024x681.png\" alt=\"\" data-id=\"69174\" data-link=\"https:\/\/www.uta.cl\/?attachment_id=69174\" class=\"wp-image-69174\" srcset=\"https:\/\/www.uta.cl\/wp-content\/uploads\/2025\/09\/Captura-de-pantalla-2025-09-08-092323-1024x681.png 1024w, https:\/\/www.uta.cl\/wp-content\/uploads\/2025\/09\/Captura-de-pantalla-2025-09-08-092323-300x199.png 300w, https:\/\/www.uta.cl\/wp-content\/uploads\/2025\/09\/Captura-de-pantalla-2025-09-08-092323-768x511.png 768w, https:\/\/www.uta.cl\/wp-content\/uploads\/2025\/09\/Captura-de-pantalla-2025-09-08-092323.png 1247w\" sizes=\"(max-width: 1024px) 100vw, 1024px\" \/><\/figure><\/li><li class=\"blocks-gallery-item\"><figure><img loading=\"lazy\" width=\"1024\" height=\"683\" src=\"https:\/\/www.uta.cl\/wp-content\/uploads\/2025\/09\/Captura-de-pantalla-2025-09-08-092300-1024x683.png\" alt=\"\" data-id=\"69175\" data-link=\"https:\/\/www.uta.cl\/?attachment_id=69175\" class=\"wp-image-69175\" srcset=\"https:\/\/www.uta.cl\/wp-content\/uploads\/2025\/09\/Captura-de-pantalla-2025-09-08-092300-1024x683.png 1024w, https:\/\/www.uta.cl\/wp-content\/uploads\/2025\/09\/Captura-de-pantalla-2025-09-08-092300-300x200.png 300w, https:\/\/www.uta.cl\/wp-content\/uploads\/2025\/09\/Captura-de-pantalla-2025-09-08-092300-768x512.png 768w, https:\/\/www.uta.cl\/wp-content\/uploads\/2025\/09\/Captura-de-pantalla-2025-09-08-092300.png 1182w\" sizes=\"(max-width: 1024px) 100vw, 1024px\" \/><\/figure><\/li><li class=\"blocks-gallery-item\"><figure><img loading=\"lazy\" width=\"1024\" height=\"683\" src=\"https:\/\/www.uta.cl\/wp-content\/uploads\/2025\/09\/Captura-de-pantalla-2025-09-08-093001-1024x683.png\" alt=\"\" data-id=\"69176\" data-full-url=\"https:\/\/www.uta.cl\/wp-content\/uploads\/2025\/09\/Captura-de-pantalla-2025-09-08-093001.png\" data-link=\"https:\/\/www.uta.cl\/?attachment_id=69176\" class=\"wp-image-69176\" srcset=\"https:\/\/www.uta.cl\/wp-content\/uploads\/2025\/09\/Captura-de-pantalla-2025-09-08-093001-1024x683.png 1024w, https:\/\/www.uta.cl\/wp-content\/uploads\/2025\/09\/Captura-de-pantalla-2025-09-08-093001-300x200.png 300w, https:\/\/www.uta.cl\/wp-content\/uploads\/2025\/09\/Captura-de-pantalla-2025-09-08-093001-768x512.png 768w, https:\/\/www.uta.cl\/wp-content\/uploads\/2025\/09\/Captura-de-pantalla-2025-09-08-093001.png 1248w\" sizes=\"(max-width: 1024px) 100vw, 1024px\" \/><\/figure><\/li><\/ul><\/figure>\n","protected":false},"excerpt":{"rendered":"<p>El Programa Habilidades para la Vida 3 (HPV3), ejecutado por la Escuela de Psicolog\u00eda y Filosof\u00eda de la Universidad de Tarapac\u00e1 (UTA) en convenio con la Junta Nacional de Auxilio Escolar y Becas (JUNAEB), realiz\u00f3 el taller \u201cApresto Laboral\u201d dirigido a estudiantes de segundo, cuarto y quinto a\u00f1o de Pedagog\u00eda en Castellano y Comunicaci\u00f3n, quienes [&hellip;]<\/p>\n","protected":false},"author":13,"featured_media":69175,"comment_status":"open","ping_status":"open","sticky":false,"template":"","format":"standard","meta":[],"categories":[318],"tags":[],"_links":{"self":[{"href":"https:\/\/www.uta.cl\/index.php\/wp-json\/wp\/v2\/posts\/69170"}],"collection":[{"href":"https:\/\/www.uta.cl\/index.php\/wp-json\/wp\/v2\/posts"}],"about":[{"href":"https:\/\/www.uta.cl\/index.php\/wp-json\/wp\/v2\/types\/post"}],"author":[{"embeddable":true,"href":"https:\/\/www.uta.cl\/index.php\/wp-json\/wp\/v2\/users\/13"}],"replies":[{"embeddable":true,"href":"https:\/\/www.uta.cl\/index.php\/wp-json\/wp\/v2\/comments?post=69170"}],"version-history":[{"count":1,"href":"https:\/\/www.uta.cl\/index.php\/wp-json\/wp\/v2\/posts\/69170\/revisions"}],"predecessor-version":[{"id":69177,"href":"https:\/\/www.uta.cl\/index.php\/wp-json\/wp\/v2\/posts\/69170\/revisions\/69177"}],"wp:featuredmedia":[{"embeddable":true,"href":"https:\/\/www.uta.cl\/index.php\/wp-json\/wp\/v2\/media\/69175"}],"wp:attachment":[{"href":"https:\/\/www.uta.cl\/index.php\/wp-json\/wp\/v2\/media?parent=69170"}],"wp:term":[{"taxonomy":"category","embeddable":true,"href":"https:\/\/www.uta.cl\/index.php\/wp-json\/wp\/v2\/categories?post=69170"},{"taxonomy":"post_tag","embeddable":true,"href":"https:\/\/www.uta.cl\/index.php\/wp-json\/wp\/v2\/tags?post=69170"}],"curies":[{"name":"wp","href":"https:\/\/api.w.org\/{rel}","templated":true}]}}