{"id":68596,"date":"2025-08-04T13:45:50","date_gmt":"2025-08-04T13:45:50","guid":{"rendered":"https:\/\/www.uta.cl\/?p=68596"},"modified":"2025-08-12T13:54:52","modified_gmt":"2025-08-12T13:54:52","slug":"autoridades-de-la-universidad-de-tarapaca-participan-en-charla-de-la-ministra-de-desarrollo-social-y-familia-javiera-toro","status":"publish","type":"post","link":"https:\/\/www.uta.cl\/index.php\/2025\/08\/04\/autoridades-de-la-universidad-de-tarapaca-participan-en-charla-de-la-ministra-de-desarrollo-social-y-familia-javiera-toro\/","title":{"rendered":"Autoridades de la Universidad de Tarapac\u00e1 participan en charla de la ministra de Desarrollo Social y Familia, Javiera Toro"},"content":{"rendered":"\n<p>En una nueva jornada de la temporada 2025 del evento \u201cVisi\u00f3n Regional\u201d, organizado por el diario La Estrella de Arica, el viernes 01 de agosto, la ministra de Desarrollo Social y Familia, Javiera Toro C\u00e1ceres, expuso sobre el \u201cSistema Nacional de Apoyos y Cuidados, Chile Cuida\u201d. En el encuentro, realizado en el sal\u00f3n de convenciones del Hotel Antay, particip\u00f3 la rectora (s) de la Universidad de Tarapac\u00e1, Dra. Jenniffer Peralta Montecinos, acompa\u00f1ada por la directora de Admisi\u00f3n y Comunicaciones Estrat\u00e9gicas, Dra. Daniela Gonz\u00e1lez Erber; la directora de Asuntos Estudiantiles, Claudia Matamoros Qui\u00f1ones; la directora de Gesti\u00f3n de Personas y Bienestar, Gabriela Meza Hern\u00e1ndez; la directora de Equidad y G\u00e9nero, Jacqueline Godoy Contreras; y la psic\u00f3loga del Programa de Colaboraci\u00f3n Acad\u00e9mica para la Inclusi\u00f3n (PROCAI), Camila Navas Jofr\u00e9.&nbsp;<\/p>\n\n\n\n<p>El evento cont\u00f3 con la presencia de autoridades regionales y organizaciones sociales de Arica, donde la ministra Toro destac\u00f3 la importancia de consolidar el Sistema Nacional de Apoyos y Cuidados, una iniciativa que busca fortalecer el apoyo a personas cuidadoras y dependientes, y present\u00f3 la Red de Empresas Chile Cuida, invitando a m\u00e1s instituciones a sumarse a este programa.<\/p>\n\n\n\n<figure class=\"wp-block-gallery columns-3 is-cropped\"><ul class=\"blocks-gallery-grid\"><li class=\"blocks-gallery-item\"><figure><img loading=\"lazy\" width=\"1024\" height=\"768\" src=\"https:\/\/www.uta.cl\/wp-content\/uploads\/2025\/08\/IMG_1979-1024x768.jpeg\" alt=\"\" data-id=\"68597\" data-full-url=\"https:\/\/www.uta.cl\/wp-content\/uploads\/2025\/08\/IMG_1979-scaled.jpeg\" data-link=\"https:\/\/www.uta.cl\/?attachment_id=68597\" class=\"wp-image-68597\" srcset=\"https:\/\/www.uta.cl\/wp-content\/uploads\/2025\/08\/IMG_1979-1024x768.jpeg 1024w, https:\/\/www.uta.cl\/wp-content\/uploads\/2025\/08\/IMG_1979-300x225.jpeg 300w, https:\/\/www.uta.cl\/wp-content\/uploads\/2025\/08\/IMG_1979-768x576.jpeg 768w, https:\/\/www.uta.cl\/wp-content\/uploads\/2025\/08\/IMG_1979-1536x1152.jpeg 1536w, https:\/\/www.uta.cl\/wp-content\/uploads\/2025\/08\/IMG_1979-2048x1536.jpeg 2048w\" sizes=\"(max-width: 1024px) 100vw, 1024px\" \/><\/figure><\/li><li class=\"blocks-gallery-item\"><figure><img loading=\"lazy\" width=\"1024\" height=\"768\" src=\"https:\/\/www.uta.cl\/wp-content\/uploads\/2025\/08\/IMG_1972-1024x768.jpeg\" alt=\"\" data-id=\"68598\" data-full-url=\"https:\/\/www.uta.cl\/wp-content\/uploads\/2025\/08\/IMG_1972-scaled.jpeg\" data-link=\"https:\/\/www.uta.cl\/?attachment_id=68598\" class=\"wp-image-68598\" srcset=\"https:\/\/www.uta.cl\/wp-content\/uploads\/2025\/08\/IMG_1972-1024x768.jpeg 1024w, https:\/\/www.uta.cl\/wp-content\/uploads\/2025\/08\/IMG_1972-300x225.jpeg 300w, https:\/\/www.uta.cl\/wp-content\/uploads\/2025\/08\/IMG_1972-768x576.jpeg 768w, https:\/\/www.uta.cl\/wp-content\/uploads\/2025\/08\/IMG_1972-1536x1152.jpeg 1536w, https:\/\/www.uta.cl\/wp-content\/uploads\/2025\/08\/IMG_1972-2048x1536.jpeg 2048w\" sizes=\"(max-width: 1024px) 100vw, 1024px\" \/><\/figure><\/li><li class=\"blocks-gallery-item\"><figure><img loading=\"lazy\" width=\"1024\" height=\"683\" src=\"https:\/\/www.uta.cl\/wp-content\/uploads\/2025\/08\/Captura-de-pantalla-2025-08-04-093948-1024x683.png\" alt=\"\" data-id=\"68601\" data-full-url=\"https:\/\/www.uta.cl\/wp-content\/uploads\/2025\/08\/Captura-de-pantalla-2025-08-04-093948.png\" data-link=\"https:\/\/www.uta.cl\/?attachment_id=68601\" class=\"wp-image-68601\" srcset=\"https:\/\/www.uta.cl\/wp-content\/uploads\/2025\/08\/Captura-de-pantalla-2025-08-04-093948-1024x683.png 1024w, https:\/\/www.uta.cl\/wp-content\/uploads\/2025\/08\/Captura-de-pantalla-2025-08-04-093948-300x200.png 300w, https:\/\/www.uta.cl\/wp-content\/uploads\/2025\/08\/Captura-de-pantalla-2025-08-04-093948-768x512.png 768w, https:\/\/www.uta.cl\/wp-content\/uploads\/2025\/08\/Captura-de-pantalla-2025-08-04-093948.png 1086w\" sizes=\"(max-width: 1024px) 100vw, 1024px\" \/><\/figure><\/li><li class=\"blocks-gallery-item\"><figure><img loading=\"lazy\" width=\"1024\" height=\"690\" src=\"https:\/\/www.uta.cl\/wp-content\/uploads\/2025\/08\/Captura-de-pantalla-2025-08-04-094005-1024x690.png\" alt=\"\" data-id=\"68600\" data-full-url=\"https:\/\/www.uta.cl\/wp-content\/uploads\/2025\/08\/Captura-de-pantalla-2025-08-04-094005.png\" data-link=\"https:\/\/www.uta.cl\/?attachment_id=68600\" class=\"wp-image-68600\" srcset=\"https:\/\/www.uta.cl\/wp-content\/uploads\/2025\/08\/Captura-de-pantalla-2025-08-04-094005-1024x690.png 1024w, https:\/\/www.uta.cl\/wp-content\/uploads\/2025\/08\/Captura-de-pantalla-2025-08-04-094005-300x202.png 300w, https:\/\/www.uta.cl\/wp-content\/uploads\/2025\/08\/Captura-de-pantalla-2025-08-04-094005-768x517.png 768w, https:\/\/www.uta.cl\/wp-content\/uploads\/2025\/08\/Captura-de-pantalla-2025-08-04-094005.png 1084w\" sizes=\"(max-width: 1024px) 100vw, 1024px\" \/><\/figure><\/li><li class=\"blocks-gallery-item\"><figure><img loading=\"lazy\" width=\"1024\" height=\"768\" src=\"https:\/\/www.uta.cl\/wp-content\/uploads\/2025\/08\/foto-central-1-1024x768.jpeg\" alt=\"\" data-id=\"68599\" data-full-url=\"https:\/\/www.uta.cl\/wp-content\/uploads\/2025\/08\/foto-central-1-scaled.jpeg\" data-link=\"https:\/\/www.uta.cl\/?attachment_id=68599\" class=\"wp-image-68599\" srcset=\"https:\/\/www.uta.cl\/wp-content\/uploads\/2025\/08\/foto-central-1-1024x768.jpeg 1024w, https:\/\/www.uta.cl\/wp-content\/uploads\/2025\/08\/foto-central-1-300x225.jpeg 300w, https:\/\/www.uta.cl\/wp-content\/uploads\/2025\/08\/foto-central-1-768x576.jpeg 768w, https:\/\/www.uta.cl\/wp-content\/uploads\/2025\/08\/foto-central-1-1536x1152.jpeg 1536w, https:\/\/www.uta.cl\/wp-content\/uploads\/2025\/08\/foto-central-1-2048x1536.jpeg 2048w\" sizes=\"(max-width: 1024px) 100vw, 1024px\" \/><\/figure><\/li><\/ul><\/figure>\n","protected":false},"excerpt":{"rendered":"<p>En una nueva jornada de la temporada 2025 del evento \u201cVisi\u00f3n Regional\u201d, organizado por el diario La Estrella de Arica, el viernes 01 de agosto, la ministra de Desarrollo Social y Familia, Javiera Toro C\u00e1ceres, expuso sobre el \u201cSistema Nacional de Apoyos y Cuidados, Chile Cuida\u201d. En el encuentro, realizado en el sal\u00f3n de convenciones [&hellip;]<\/p>\n","protected":false},"author":13,"featured_media":68599,"comment_status":"open","ping_status":"open","sticky":false,"template":"","format":"standard","meta":[],"categories":[45,318],"tags":[],"_links":{"self":[{"href":"https:\/\/www.uta.cl\/index.php\/wp-json\/wp\/v2\/posts\/68596"}],"collection":[{"href":"https:\/\/www.uta.cl\/index.php\/wp-json\/wp\/v2\/posts"}],"about":[{"href":"https:\/\/www.uta.cl\/index.php\/wp-json\/wp\/v2\/types\/post"}],"author":[{"embeddable":true,"href":"https:\/\/www.uta.cl\/index.php\/wp-json\/wp\/v2\/users\/13"}],"replies":[{"embeddable":true,"href":"https:\/\/www.uta.cl\/index.php\/wp-json\/wp\/v2\/comments?post=68596"}],"version-history":[{"count":1,"href":"https:\/\/www.uta.cl\/index.php\/wp-json\/wp\/v2\/posts\/68596\/revisions"}],"predecessor-version":[{"id":68602,"href":"https:\/\/www.uta.cl\/index.php\/wp-json\/wp\/v2\/posts\/68596\/revisions\/68602"}],"wp:featuredmedia":[{"embeddable":true,"href":"https:\/\/www.uta.cl\/index.php\/wp-json\/wp\/v2\/media\/68599"}],"wp:attachment":[{"href":"https:\/\/www.uta.cl\/index.php\/wp-json\/wp\/v2\/media?parent=68596"}],"wp:term":[{"taxonomy":"category","embeddable":true,"href":"https:\/\/www.uta.cl\/index.php\/wp-json\/wp\/v2\/categories?post=68596"},{"taxonomy":"post_tag","embeddable":true,"href":"https:\/\/www.uta.cl\/index.php\/wp-json\/wp\/v2\/tags?post=68596"}],"curies":[{"name":"wp","href":"https:\/\/api.w.org\/{rel}","templated":true}]}}