{"id":68250,"date":"2025-07-04T21:01:46","date_gmt":"2025-07-04T21:01:46","guid":{"rendered":"https:\/\/www.uta.cl\/?p=68250"},"modified":"2025-07-04T21:01:52","modified_gmt":"2025-07-04T21:01:52","slug":"carrera-de-pedagogia-en-educacion-diferencial-realizo-su-primer-encuentro-transfronterizo-con-estudiantes-de-educacion-inicial-de-tacna-peru","status":"publish","type":"post","link":"https:\/\/www.uta.cl\/index.php\/2025\/07\/04\/carrera-de-pedagogia-en-educacion-diferencial-realizo-su-primer-encuentro-transfronterizo-con-estudiantes-de-educacion-inicial-de-tacna-peru\/","title":{"rendered":"Carrera de Pedagog\u00eda en Educaci\u00f3n Diferencial realiz\u00f3 su primer encuentro transfronterizo con estudiantes de Educaci\u00f3n Inicial de Tacna &#8211; Per\u00fa"},"content":{"rendered":"\n<div class=\"wp-block-image\"><figure class=\"aligncenter size-large is-resized\"><img loading=\"lazy\" src=\"https:\/\/www.uta.cl\/wp-content\/uploads\/2025\/07\/1751662491832-1024x782.jpg\" alt=\"\" class=\"wp-image-68252\" width=\"593\" height=\"453\" srcset=\"https:\/\/www.uta.cl\/wp-content\/uploads\/2025\/07\/1751662491832-1024x782.jpg 1024w, https:\/\/www.uta.cl\/wp-content\/uploads\/2025\/07\/1751662491832-300x229.jpg 300w, https:\/\/www.uta.cl\/wp-content\/uploads\/2025\/07\/1751662491832-768x586.jpg 768w, https:\/\/www.uta.cl\/wp-content\/uploads\/2025\/07\/1751662491832-1536x1172.jpg 1536w, https:\/\/www.uta.cl\/wp-content\/uploads\/2025\/07\/1751662491832.jpg 2048w\" sizes=\"(max-width: 593px) 100vw, 593px\" \/><\/figure><\/div>\n\n\n\n<p>La carrera de Pedagog\u00eda en Educaci\u00f3n Diferencial de la Universidad de Tarapac\u00e1 (UTA) realiz\u00f3 su primer encuentro internacional estudiantil \u201cEducando en Diversidad\u201d con 20 estudiantes de las carreras de Educaci\u00f3n Inicial y de Psicolog\u00eda de la Universidad Privada de Tacna (UPT), con el objetivo de compartir experiencias formativas en torno a la educaci\u00f3n inclusiva.<\/p>\n\n\n\n<p>\u201cEsta actividad se desprende de un convenio marco que tenemos con la UPT principalmente, y tambi\u00e9n se ha ido desprendiendo del apoyo que nos pidieron desde la UPT para poder elaborar protocolos para estudiantes con discapacidad en su universidad. Junto con eso, salieron varias aristas de trabajo articuladas. Una de ellas va a ser un congreso internacional en noviembre y, la otra, este encuentro estudiantil\u201d, explic\u00f3 la acad\u00e9mica del Departamento de Educaci\u00f3n y Humanidades y coordinadora del encuentro, Dra. Issia Gonzalez Cuni.<\/p>\n\n\n\n<div class=\"wp-block-image\"><figure class=\"aligncenter size-large is-resized\"><img loading=\"lazy\" src=\"https:\/\/www.uta.cl\/wp-content\/uploads\/2025\/07\/1751662491865-1024x768.jpg\" alt=\"\" class=\"wp-image-68253\" width=\"556\" height=\"417\" srcset=\"https:\/\/www.uta.cl\/wp-content\/uploads\/2025\/07\/1751662491865-1024x768.jpg 1024w, https:\/\/www.uta.cl\/wp-content\/uploads\/2025\/07\/1751662491865-300x225.jpg 300w, https:\/\/www.uta.cl\/wp-content\/uploads\/2025\/07\/1751662491865-768x576.jpg 768w, https:\/\/www.uta.cl\/wp-content\/uploads\/2025\/07\/1751662491865-1536x1152.jpg 1536w, https:\/\/www.uta.cl\/wp-content\/uploads\/2025\/07\/1751662491865.jpg 2048w\" sizes=\"(max-width: 556px) 100vw, 556px\" \/><\/figure><\/div>\n\n\n\n<p>Precisamente, la coordinadora de Responsabilidad Social Universitaria en la Facultad de Educaci\u00f3n, Ciencias de la Comunicaci\u00f3n y Humanidades de la UPT, Maryola Liendo Chipoco, coment\u00f3 que \u201cel tema de la inclusi\u00f3n educativa es complejo todav\u00eda. Justamente con lo que estamos tratando ahora es con un sistema tradicional en el que todav\u00eda estamos inmersos, donde introducir la inclusi\u00f3n es realmente muy complicado. Entonces, se trata de hacer un cambio de paradigma y las estudiantes, que son las que est\u00e1n pr\u00f3ximas a ser docentes, tienen que enfrentar ya esta situaci\u00f3n\u201d.&nbsp;<\/p>\n\n\n\n<p>De esta manera se gest\u00f3 el encuentro que se va a realizar en dos jornadas, siendo esta la primera, mientras que la segunda se realizar\u00e1 a principios de agosto cuando 20 estudiantes de Educaci\u00f3n Diferencial de la UTA visiten la UPT para culminar con una red de apoyo estudiantil entre Arica y Tacna.&nbsp;<\/p>\n\n\n\n<figure class=\"wp-block-gallery columns-2 is-cropped\"><ul class=\"blocks-gallery-grid\"><li class=\"blocks-gallery-item\"><figure><img loading=\"lazy\" width=\"1024\" height=\"768\" src=\"https:\/\/www.uta.cl\/wp-content\/uploads\/2025\/07\/1751662491841-1024x768.jpg\" alt=\"\" data-id=\"68254\" data-full-url=\"https:\/\/www.uta.cl\/wp-content\/uploads\/2025\/07\/1751662491841.jpg\" data-link=\"https:\/\/www.uta.cl\/?attachment_id=68254\" class=\"wp-image-68254\" srcset=\"https:\/\/www.uta.cl\/wp-content\/uploads\/2025\/07\/1751662491841-1024x768.jpg 1024w, https:\/\/www.uta.cl\/wp-content\/uploads\/2025\/07\/1751662491841-300x225.jpg 300w, https:\/\/www.uta.cl\/wp-content\/uploads\/2025\/07\/1751662491841-768x576.jpg 768w, https:\/\/www.uta.cl\/wp-content\/uploads\/2025\/07\/1751662491841-1536x1152.jpg 1536w, https:\/\/www.uta.cl\/wp-content\/uploads\/2025\/07\/1751662491841.jpg 2048w\" sizes=\"(max-width: 1024px) 100vw, 1024px\" \/><\/figure><\/li><li class=\"blocks-gallery-item\"><figure><img loading=\"lazy\" width=\"1024\" height=\"768\" src=\"https:\/\/www.uta.cl\/wp-content\/uploads\/2025\/07\/1751662491857-1024x768.jpg\" alt=\"\" data-id=\"68255\" data-full-url=\"https:\/\/www.uta.cl\/wp-content\/uploads\/2025\/07\/1751662491857.jpg\" data-link=\"https:\/\/www.uta.cl\/?attachment_id=68255\" class=\"wp-image-68255\" srcset=\"https:\/\/www.uta.cl\/wp-content\/uploads\/2025\/07\/1751662491857-1024x768.jpg 1024w, https:\/\/www.uta.cl\/wp-content\/uploads\/2025\/07\/1751662491857-300x225.jpg 300w, https:\/\/www.uta.cl\/wp-content\/uploads\/2025\/07\/1751662491857-768x576.jpg 768w, https:\/\/www.uta.cl\/wp-content\/uploads\/2025\/07\/1751662491857-1536x1152.jpg 1536w, https:\/\/www.uta.cl\/wp-content\/uploads\/2025\/07\/1751662491857.jpg 2048w\" sizes=\"(max-width: 1024px) 100vw, 1024px\" \/><\/figure><\/li><\/ul><\/figure>\n\n\n\n<p>En ese sentido, la estudiante en cuarto a\u00f1o de Educaci\u00f3n Inicial de la UPT, Geraldine Nina Reyna, valor\u00f3 el encuentro: \u201cA m\u00ed me gusta mucho el hecho de compartir experiencias porque siento que uno refuerza mucho los conocimientos que ya tiene. En mi caso, ya estoy a un a\u00f1o de poder salir de la carrera y me siento en total confianza de poder compartir mi forma de pensar, mi punto de vista, porque siento que realmente he aprendido y siento que es algo que va a consolidar mucho la persona que profesionalmente voy a ser en un futuro\u201d.&nbsp;<\/p>\n\n\n\n<p>De la misma forma, la estudiante en quinto a\u00f1o de Pedagog\u00eda en Educaci\u00f3n Diferencial de la UTA, Patricia Silva Silva, acot\u00f3 que \u201cla importancia de hacer estas convocatorias, sea tanto de un pa\u00eds vecino como el de nosotros, es ver las similitudes o las diferencias que podemos tener. Y eso tambi\u00e9n nos ayuda a fortalecer nuestros conocimientos y poder implementarlos dentro de las aulas de clase. Porque al final todos, aunque seamos de diferentes pa\u00edses, todos tenemos los mismos problemas, porque todos tenemos diversidad dentro de nuestras aulas de clase\u201d.<\/p>\n\n\n\n<figure class=\"wp-block-gallery columns-2 is-cropped\"><ul class=\"blocks-gallery-grid\"><li class=\"blocks-gallery-item\"><figure><img loading=\"lazy\" width=\"1024\" height=\"752\" src=\"https:\/\/www.uta.cl\/wp-content\/uploads\/2025\/07\/1751662491849-1024x752.jpg\" alt=\"\" data-id=\"68251\" data-full-url=\"https:\/\/www.uta.cl\/wp-content\/uploads\/2025\/07\/1751662491849.jpg\" data-link=\"https:\/\/www.uta.cl\/?attachment_id=68251\" class=\"wp-image-68251\" srcset=\"https:\/\/www.uta.cl\/wp-content\/uploads\/2025\/07\/1751662491849-1024x752.jpg 1024w, https:\/\/www.uta.cl\/wp-content\/uploads\/2025\/07\/1751662491849-300x220.jpg 300w, https:\/\/www.uta.cl\/wp-content\/uploads\/2025\/07\/1751662491849-768x564.jpg 768w, https:\/\/www.uta.cl\/wp-content\/uploads\/2025\/07\/1751662491849-1536x1127.jpg 1536w, https:\/\/www.uta.cl\/wp-content\/uploads\/2025\/07\/1751662491849.jpg 2048w\" sizes=\"(max-width: 1024px) 100vw, 1024px\" \/><\/figure><\/li><li class=\"blocks-gallery-item\"><figure><img loading=\"lazy\" width=\"1024\" height=\"792\" src=\"https:\/\/www.uta.cl\/wp-content\/uploads\/2025\/07\/1751662491874-1024x792.jpg\" alt=\"\" data-id=\"68256\" data-full-url=\"https:\/\/www.uta.cl\/wp-content\/uploads\/2025\/07\/1751662491874.jpg\" data-link=\"https:\/\/www.uta.cl\/?attachment_id=68256\" class=\"wp-image-68256\" srcset=\"https:\/\/www.uta.cl\/wp-content\/uploads\/2025\/07\/1751662491874-1024x792.jpg 1024w, https:\/\/www.uta.cl\/wp-content\/uploads\/2025\/07\/1751662491874-300x232.jpg 300w, https:\/\/www.uta.cl\/wp-content\/uploads\/2025\/07\/1751662491874-768x594.jpg 768w, https:\/\/www.uta.cl\/wp-content\/uploads\/2025\/07\/1751662491874-1536x1187.jpg 1536w, https:\/\/www.uta.cl\/wp-content\/uploads\/2025\/07\/1751662491874.jpg 2048w\" sizes=\"(max-width: 1024px) 100vw, 1024px\" \/><\/figure><\/li><\/ul><\/figure>\n","protected":false},"excerpt":{"rendered":"<p>La actividad se da en el contexto de un convenio marco de colaboraci\u00f3n entre la Universidad de Tarapac\u00e1 y la Universidad Privada de Tacna, que busca desarrollar programas de estudio conjuntos, intercambio y cooperaci\u00f3n en el campo de la docencia.<\/p>\n","protected":false},"author":13,"featured_media":68252,"comment_status":"open","ping_status":"open","sticky":false,"template":"","format":"standard","meta":[],"categories":[316,51],"tags":[],"_links":{"self":[{"href":"https:\/\/www.uta.cl\/index.php\/wp-json\/wp\/v2\/posts\/68250"}],"collection":[{"href":"https:\/\/www.uta.cl\/index.php\/wp-json\/wp\/v2\/posts"}],"about":[{"href":"https:\/\/www.uta.cl\/index.php\/wp-json\/wp\/v2\/types\/post"}],"author":[{"embeddable":true,"href":"https:\/\/www.uta.cl\/index.php\/wp-json\/wp\/v2\/users\/13"}],"replies":[{"embeddable":true,"href":"https:\/\/www.uta.cl\/index.php\/wp-json\/wp\/v2\/comments?post=68250"}],"version-history":[{"count":1,"href":"https:\/\/www.uta.cl\/index.php\/wp-json\/wp\/v2\/posts\/68250\/revisions"}],"predecessor-version":[{"id":68257,"href":"https:\/\/www.uta.cl\/index.php\/wp-json\/wp\/v2\/posts\/68250\/revisions\/68257"}],"wp:featuredmedia":[{"embeddable":true,"href":"https:\/\/www.uta.cl\/index.php\/wp-json\/wp\/v2\/media\/68252"}],"wp:attachment":[{"href":"https:\/\/www.uta.cl\/index.php\/wp-json\/wp\/v2\/media?parent=68250"}],"wp:term":[{"taxonomy":"category","embeddable":true,"href":"https:\/\/www.uta.cl\/index.php\/wp-json\/wp\/v2\/categories?post=68250"},{"taxonomy":"post_tag","embeddable":true,"href":"https:\/\/www.uta.cl\/index.php\/wp-json\/wp\/v2\/tags?post=68250"}],"curies":[{"name":"wp","href":"https:\/\/api.w.org\/{rel}","templated":true}]}}