{"id":68058,"date":"2025-06-26T14:28:02","date_gmt":"2025-06-26T14:28:02","guid":{"rendered":"https:\/\/www.uta.cl\/?p=68058"},"modified":"2025-06-26T14:28:12","modified_gmt":"2025-06-26T14:28:12","slug":"escuela-de-trabajo-social-de-la-uta-aborda-el-estres-y-agotamiento-emocional-en-seminario-educativo","status":"publish","type":"post","link":"https:\/\/www.uta.cl\/index.php\/2025\/06\/26\/escuela-de-trabajo-social-de-la-uta-aborda-el-estres-y-agotamiento-emocional-en-seminario-educativo\/","title":{"rendered":"Escuela de Trabajo Social de la UTA aborda el estr\u00e9s y agotamiento emocional en seminario educativo"},"content":{"rendered":"\n<p>El Programa Habilidades para la Vida II, ejecutado por la Escuela de Trabajo Social de la Universidad de Tarapac\u00e1 (UTA) en convenio con la Junta Nacional de Auxilio Escolar y Becas (JUNAEB), llev\u00f3 a cabo el seminario \u201cEstr\u00e9s y agotamiento emocional en contextos Educativos: Una mirada desde el Trabajo Social\u201d. El evento, realizado en el auditorio Arturo Flores Franulic de la Facultad de Medicina, reuni\u00f3 a autoridades, coordinadores, directores, docentes, estudiantes y profesionales del \u00e1mbito educativo y social.<\/p>\n\n\n\n<p>El seminario busc\u00f3 visibilizar el impacto del estr\u00e9s y el agotamiento emocional en el \u00e1mbito escolar, analizando sus causas y consecuencias desde una perspectiva psicosocial. La jornada fue inaugurada con las palabras de bienvenida de Viviana Villarroel Carrasco, directora de la carrera de Trabajo Social de la Universidad de Tarapac\u00e1, y Francisca Almendras Cabezas, coordinadora del Programa Habilidades para la Vida II. Tres ponencias destacadas abordaron el bienestar educativo:<\/p>\n\n\n\n<ul><li><strong>\u201cAgotamiento emocional desde la salud mental\u201d<\/strong><strong>: Daniel Acevedo Castillo<\/strong>, psic\u00f3logo especializado, ofreci\u00f3 una reflexi\u00f3n sobre el tema, cerrando con una actividad de autocuidado.<\/li><li><strong>\u201cReconexi\u00f3n vocacional en docentes\u201d<\/strong><strong>: Miguel Tapia Cifuentes<\/strong>, profesor de Educaci\u00f3n Diferencial, destac\u00f3 la importancia de la vocaci\u00f3n docente ante los desaf\u00edos actuales.<\/li><li><strong>\u201cAgotamiento emocional desde la perspectiva social y organizacional\u201d<\/strong><strong>: Francisca Almendras Cabezas<\/strong>, acad\u00e9mica de la carrera de Trabajo Social de la UTA y coordinadora del programa, analiz\u00f3 el fen\u00f3meno desde un enfoque social y humano.<\/li><\/ul>\n\n\n\n<p>El seminario reafirm\u00f3 el compromiso del Programa Habilidades para la Vida II y la Universidad de Tarapac\u00e1, con la promoci\u00f3n del bienestar integral en las comunidades educativas, promoviendo el autocuidado y la reconexi\u00f3n vocacional desde la perspectiva del Trabajo Social.<\/p>\n\n\n\n<figure class=\"wp-block-gallery columns-2 is-cropped\"><ul class=\"blocks-gallery-grid\"><li class=\"blocks-gallery-item\"><figure><a href=\"https:\/\/www.uta.cl\/wp-content\/uploads\/2025\/06\/WhatsApp-Image-2025-06-25-at-10.26.32-1.jpeg\"><img loading=\"lazy\" width=\"1024\" height=\"768\" src=\"https:\/\/www.uta.cl\/wp-content\/uploads\/2025\/06\/WhatsApp-Image-2025-06-25-at-10.26.32-1-1024x768.jpeg\" alt=\"\" data-id=\"68059\" data-full-url=\"https:\/\/www.uta.cl\/wp-content\/uploads\/2025\/06\/WhatsApp-Image-2025-06-25-at-10.26.32-1.jpeg\" data-link=\"https:\/\/www.uta.cl\/?attachment_id=68059\" class=\"wp-image-68059\" srcset=\"https:\/\/www.uta.cl\/wp-content\/uploads\/2025\/06\/WhatsApp-Image-2025-06-25-at-10.26.32-1-1024x768.jpeg 1024w, https:\/\/www.uta.cl\/wp-content\/uploads\/2025\/06\/WhatsApp-Image-2025-06-25-at-10.26.32-1-300x225.jpeg 300w, https:\/\/www.uta.cl\/wp-content\/uploads\/2025\/06\/WhatsApp-Image-2025-06-25-at-10.26.32-1-768x576.jpeg 768w, https:\/\/www.uta.cl\/wp-content\/uploads\/2025\/06\/WhatsApp-Image-2025-06-25-at-10.26.32-1.jpeg 1280w\" sizes=\"(max-width: 1024px) 100vw, 1024px\" \/><\/a><\/figure><\/li><li class=\"blocks-gallery-item\"><figure><a href=\"https:\/\/www.uta.cl\/wp-content\/uploads\/2025\/06\/WhatsApp-Image-2025-06-25-at-10.26.32-2.jpeg\"><img loading=\"lazy\" width=\"1024\" height=\"768\" src=\"https:\/\/www.uta.cl\/wp-content\/uploads\/2025\/06\/WhatsApp-Image-2025-06-25-at-10.26.32-2-1024x768.jpeg\" alt=\"\" data-id=\"68060\" data-full-url=\"https:\/\/www.uta.cl\/wp-content\/uploads\/2025\/06\/WhatsApp-Image-2025-06-25-at-10.26.32-2.jpeg\" data-link=\"https:\/\/www.uta.cl\/?attachment_id=68060\" class=\"wp-image-68060\" srcset=\"https:\/\/www.uta.cl\/wp-content\/uploads\/2025\/06\/WhatsApp-Image-2025-06-25-at-10.26.32-2-1024x768.jpeg 1024w, https:\/\/www.uta.cl\/wp-content\/uploads\/2025\/06\/WhatsApp-Image-2025-06-25-at-10.26.32-2-300x225.jpeg 300w, https:\/\/www.uta.cl\/wp-content\/uploads\/2025\/06\/WhatsApp-Image-2025-06-25-at-10.26.32-2-768x576.jpeg 768w, https:\/\/www.uta.cl\/wp-content\/uploads\/2025\/06\/WhatsApp-Image-2025-06-25-at-10.26.32-2.jpeg 1280w\" sizes=\"(max-width: 1024px) 100vw, 1024px\" \/><\/a><\/figure><\/li><li class=\"blocks-gallery-item\"><figure><a href=\"https:\/\/www.uta.cl\/wp-content\/uploads\/2025\/06\/WhatsApp-Image-2025-06-25-at-10.26.32.jpeg\"><img loading=\"lazy\" width=\"1024\" height=\"768\" src=\"https:\/\/www.uta.cl\/wp-content\/uploads\/2025\/06\/WhatsApp-Image-2025-06-25-at-10.26.32-1024x768.jpeg\" alt=\"\" data-id=\"68061\" data-full-url=\"https:\/\/www.uta.cl\/wp-content\/uploads\/2025\/06\/WhatsApp-Image-2025-06-25-at-10.26.32.jpeg\" data-link=\"https:\/\/www.uta.cl\/?attachment_id=68061\" class=\"wp-image-68061\" srcset=\"https:\/\/www.uta.cl\/wp-content\/uploads\/2025\/06\/WhatsApp-Image-2025-06-25-at-10.26.32-1024x768.jpeg 1024w, https:\/\/www.uta.cl\/wp-content\/uploads\/2025\/06\/WhatsApp-Image-2025-06-25-at-10.26.32-300x225.jpeg 300w, https:\/\/www.uta.cl\/wp-content\/uploads\/2025\/06\/WhatsApp-Image-2025-06-25-at-10.26.32-768x576.jpeg 768w, https:\/\/www.uta.cl\/wp-content\/uploads\/2025\/06\/WhatsApp-Image-2025-06-25-at-10.26.32.jpeg 1280w\" sizes=\"(max-width: 1024px) 100vw, 1024px\" \/><\/a><\/figure><\/li><li class=\"blocks-gallery-item\"><figure><a href=\"https:\/\/www.uta.cl\/wp-content\/uploads\/2025\/06\/WhatsApp-Image-2025-06-25-at-10.26.33.jpeg\"><img loading=\"lazy\" width=\"1024\" height=\"768\" src=\"https:\/\/www.uta.cl\/wp-content\/uploads\/2025\/06\/WhatsApp-Image-2025-06-25-at-10.26.33-1024x768.jpeg\" alt=\"\" data-id=\"68062\" data-full-url=\"https:\/\/www.uta.cl\/wp-content\/uploads\/2025\/06\/WhatsApp-Image-2025-06-25-at-10.26.33.jpeg\" data-link=\"https:\/\/www.uta.cl\/?attachment_id=68062\" class=\"wp-image-68062\" srcset=\"https:\/\/www.uta.cl\/wp-content\/uploads\/2025\/06\/WhatsApp-Image-2025-06-25-at-10.26.33-1024x768.jpeg 1024w, https:\/\/www.uta.cl\/wp-content\/uploads\/2025\/06\/WhatsApp-Image-2025-06-25-at-10.26.33-300x225.jpeg 300w, https:\/\/www.uta.cl\/wp-content\/uploads\/2025\/06\/WhatsApp-Image-2025-06-25-at-10.26.33-768x576.jpeg 768w, https:\/\/www.uta.cl\/wp-content\/uploads\/2025\/06\/WhatsApp-Image-2025-06-25-at-10.26.33.jpeg 1280w\" sizes=\"(max-width: 1024px) 100vw, 1024px\" \/><\/a><\/figure><\/li><li class=\"blocks-gallery-item\"><figure><a href=\"https:\/\/www.uta.cl\/wp-content\/uploads\/2025\/06\/WhatsApp-Image-2025-06-25-at-10.26.34-1.jpeg\"><img loading=\"lazy\" width=\"1024\" height=\"768\" src=\"https:\/\/www.uta.cl\/wp-content\/uploads\/2025\/06\/WhatsApp-Image-2025-06-25-at-10.26.34-1-1024x768.jpeg\" alt=\"\" data-id=\"68063\" data-full-url=\"https:\/\/www.uta.cl\/wp-content\/uploads\/2025\/06\/WhatsApp-Image-2025-06-25-at-10.26.34-1.jpeg\" data-link=\"https:\/\/www.uta.cl\/?attachment_id=68063\" class=\"wp-image-68063\" srcset=\"https:\/\/www.uta.cl\/wp-content\/uploads\/2025\/06\/WhatsApp-Image-2025-06-25-at-10.26.34-1-1024x768.jpeg 1024w, https:\/\/www.uta.cl\/wp-content\/uploads\/2025\/06\/WhatsApp-Image-2025-06-25-at-10.26.34-1-300x225.jpeg 300w, https:\/\/www.uta.cl\/wp-content\/uploads\/2025\/06\/WhatsApp-Image-2025-06-25-at-10.26.34-1-768x576.jpeg 768w, https:\/\/www.uta.cl\/wp-content\/uploads\/2025\/06\/WhatsApp-Image-2025-06-25-at-10.26.34-1.jpeg 1280w\" sizes=\"(max-width: 1024px) 100vw, 1024px\" \/><\/a><\/figure><\/li><li class=\"blocks-gallery-item\"><figure><a href=\"https:\/\/www.uta.cl\/wp-content\/uploads\/2025\/06\/WhatsApp-Image-2025-06-25-at-10.26.34.jpeg\"><img loading=\"lazy\" width=\"1024\" height=\"768\" src=\"https:\/\/www.uta.cl\/wp-content\/uploads\/2025\/06\/WhatsApp-Image-2025-06-25-at-10.26.34-1024x768.jpeg\" alt=\"\" data-id=\"68064\" data-full-url=\"https:\/\/www.uta.cl\/wp-content\/uploads\/2025\/06\/WhatsApp-Image-2025-06-25-at-10.26.34.jpeg\" data-link=\"https:\/\/www.uta.cl\/?attachment_id=68064\" class=\"wp-image-68064\" srcset=\"https:\/\/www.uta.cl\/wp-content\/uploads\/2025\/06\/WhatsApp-Image-2025-06-25-at-10.26.34-1024x768.jpeg 1024w, https:\/\/www.uta.cl\/wp-content\/uploads\/2025\/06\/WhatsApp-Image-2025-06-25-at-10.26.34-300x225.jpeg 300w, https:\/\/www.uta.cl\/wp-content\/uploads\/2025\/06\/WhatsApp-Image-2025-06-25-at-10.26.34-768x576.jpeg 768w, https:\/\/www.uta.cl\/wp-content\/uploads\/2025\/06\/WhatsApp-Image-2025-06-25-at-10.26.34.jpeg 1280w\" sizes=\"(max-width: 1024px) 100vw, 1024px\" \/><\/a><\/figure><\/li><\/ul><\/figure>\n","protected":false},"excerpt":{"rendered":"<p>El Programa Habilidades para la Vida II, ejecutado por la Escuela de Trabajo Social de la Universidad de Tarapac\u00e1 (UTA) en convenio con la Junta Nacional de Auxilio Escolar y Becas (JUNAEB), llev\u00f3 a cabo el seminario \u201cEstr\u00e9s y agotamiento emocional en contextos Educativos: Una mirada desde el Trabajo Social\u201d. El evento, realizado en el [&hellip;]<\/p>\n","protected":false},"author":13,"featured_media":68063,"comment_status":"open","ping_status":"open","sticky":false,"template":"","format":"standard","meta":[],"categories":[318],"tags":[],"_links":{"self":[{"href":"https:\/\/www.uta.cl\/index.php\/wp-json\/wp\/v2\/posts\/68058"}],"collection":[{"href":"https:\/\/www.uta.cl\/index.php\/wp-json\/wp\/v2\/posts"}],"about":[{"href":"https:\/\/www.uta.cl\/index.php\/wp-json\/wp\/v2\/types\/post"}],"author":[{"embeddable":true,"href":"https:\/\/www.uta.cl\/index.php\/wp-json\/wp\/v2\/users\/13"}],"replies":[{"embeddable":true,"href":"https:\/\/www.uta.cl\/index.php\/wp-json\/wp\/v2\/comments?post=68058"}],"version-history":[{"count":1,"href":"https:\/\/www.uta.cl\/index.php\/wp-json\/wp\/v2\/posts\/68058\/revisions"}],"predecessor-version":[{"id":68065,"href":"https:\/\/www.uta.cl\/index.php\/wp-json\/wp\/v2\/posts\/68058\/revisions\/68065"}],"wp:featuredmedia":[{"embeddable":true,"href":"https:\/\/www.uta.cl\/index.php\/wp-json\/wp\/v2\/media\/68063"}],"wp:attachment":[{"href":"https:\/\/www.uta.cl\/index.php\/wp-json\/wp\/v2\/media?parent=68058"}],"wp:term":[{"taxonomy":"category","embeddable":true,"href":"https:\/\/www.uta.cl\/index.php\/wp-json\/wp\/v2\/categories?post=68058"},{"taxonomy":"post_tag","embeddable":true,"href":"https:\/\/www.uta.cl\/index.php\/wp-json\/wp\/v2\/tags?post=68058"}],"curies":[{"name":"wp","href":"https:\/\/api.w.org\/{rel}","templated":true}]}}