{"id":68011,"date":"2025-06-19T21:37:57","date_gmt":"2025-06-19T21:37:57","guid":{"rendered":"https:\/\/www.uta.cl\/?p=68011"},"modified":"2025-06-19T21:39:04","modified_gmt":"2025-06-19T21:39:04","slug":"estudiantes-en-primer-ano-de-ingenieria-comercial-dieron-vida-a-la-feria-coffeetoons","status":"publish","type":"post","link":"https:\/\/www.uta.cl\/index.php\/2025\/06\/19\/estudiantes-en-primer-ano-de-ingenieria-comercial-dieron-vida-a-la-feria-coffeetoons\/","title":{"rendered":"Estudiantes en primer a\u00f1o de Ingenier\u00eda Comercial dieron vida a la feria \u201cCoffeeToons\u201d"},"content":{"rendered":"\n<p>En el marco del curso de Administraci\u00f3n de Empresas, los estudiantes de primer a\u00f1o de Ingenier\u00eda Comercial organizaron la feria \u201cCoffeeToons\u201d, una iniciativa que combina creatividad y emprendimiento. Bajo la tem\u00e1tica de caf\u00e9 y c\u00f3mics, los alumnos ofrecieron servicios de cafeter\u00eda abiertos a toda la comunidad, complementando la actividad con una exposici\u00f3n de veh\u00edculos. Esta experiencia formativa, que cambia de tem\u00e1tica cada a\u00f1o, busca acercar a los estudiantes a la gesti\u00f3n de ideas de negocio en un entorno educativo, promoviendo el desarrollo de habilidades pr\u00e1cticas y el trabajo colaborativo.<\/p>\n\n\n\n<figure class=\"wp-block-gallery columns-2 is-cropped\"><ul class=\"blocks-gallery-grid\"><li class=\"blocks-gallery-item\"><figure><img loading=\"lazy\" width=\"1024\" height=\"682\" src=\"https:\/\/www.uta.cl\/wp-content\/uploads\/2025\/06\/WhatsApp-Image-2025-06-19-at-16.16.00-1024x682.jpeg\" alt=\"\" data-id=\"67987\" data-full-url=\"https:\/\/www.uta.cl\/wp-content\/uploads\/2025\/06\/WhatsApp-Image-2025-06-19-at-16.16.00.jpeg\" data-link=\"https:\/\/www.uta.cl\/?attachment_id=67987\" class=\"wp-image-67987\" srcset=\"https:\/\/www.uta.cl\/wp-content\/uploads\/2025\/06\/WhatsApp-Image-2025-06-19-at-16.16.00-1024x682.jpeg 1024w, https:\/\/www.uta.cl\/wp-content\/uploads\/2025\/06\/WhatsApp-Image-2025-06-19-at-16.16.00-300x200.jpeg 300w, https:\/\/www.uta.cl\/wp-content\/uploads\/2025\/06\/WhatsApp-Image-2025-06-19-at-16.16.00-768x512.jpeg 768w, https:\/\/www.uta.cl\/wp-content\/uploads\/2025\/06\/WhatsApp-Image-2025-06-19-at-16.16.00-1536x1023.jpeg 1536w, https:\/\/www.uta.cl\/wp-content\/uploads\/2025\/06\/WhatsApp-Image-2025-06-19-at-16.16.00.jpeg 1600w\" sizes=\"(max-width: 1024px) 100vw, 1024px\" \/><\/figure><\/li><li class=\"blocks-gallery-item\"><figure><img loading=\"lazy\" width=\"1024\" height=\"682\" src=\"https:\/\/www.uta.cl\/wp-content\/uploads\/2025\/06\/WhatsApp-Image-2025-06-19-at-16.16.01-1-1024x682.jpeg\" alt=\"\" data-id=\"68012\" data-full-url=\"https:\/\/www.uta.cl\/wp-content\/uploads\/2025\/06\/WhatsApp-Image-2025-06-19-at-16.16.01-1.jpeg\" data-link=\"https:\/\/www.uta.cl\/?attachment_id=68012\" class=\"wp-image-68012\" srcset=\"https:\/\/www.uta.cl\/wp-content\/uploads\/2025\/06\/WhatsApp-Image-2025-06-19-at-16.16.01-1-1024x682.jpeg 1024w, https:\/\/www.uta.cl\/wp-content\/uploads\/2025\/06\/WhatsApp-Image-2025-06-19-at-16.16.01-1-300x200.jpeg 300w, https:\/\/www.uta.cl\/wp-content\/uploads\/2025\/06\/WhatsApp-Image-2025-06-19-at-16.16.01-1-768x512.jpeg 768w, https:\/\/www.uta.cl\/wp-content\/uploads\/2025\/06\/WhatsApp-Image-2025-06-19-at-16.16.01-1-1536x1023.jpeg 1536w, https:\/\/www.uta.cl\/wp-content\/uploads\/2025\/06\/WhatsApp-Image-2025-06-19-at-16.16.01-1.jpeg 1600w\" sizes=\"(max-width: 1024px) 100vw, 1024px\" \/><\/figure><\/li><li class=\"blocks-gallery-item\"><figure><img loading=\"lazy\" width=\"1024\" height=\"682\" src=\"https:\/\/www.uta.cl\/wp-content\/uploads\/2025\/06\/WhatsApp-Image-2025-06-19-at-16.16.01-1024x682.jpeg\" alt=\"\" data-id=\"67988\" data-full-url=\"https:\/\/www.uta.cl\/wp-content\/uploads\/2025\/06\/WhatsApp-Image-2025-06-19-at-16.16.01.jpeg\" data-link=\"https:\/\/www.uta.cl\/?attachment_id=67988\" class=\"wp-image-67988\" srcset=\"https:\/\/www.uta.cl\/wp-content\/uploads\/2025\/06\/WhatsApp-Image-2025-06-19-at-16.16.01-1024x682.jpeg 1024w, https:\/\/www.uta.cl\/wp-content\/uploads\/2025\/06\/WhatsApp-Image-2025-06-19-at-16.16.01-300x200.jpeg 300w, https:\/\/www.uta.cl\/wp-content\/uploads\/2025\/06\/WhatsApp-Image-2025-06-19-at-16.16.01-768x512.jpeg 768w, https:\/\/www.uta.cl\/wp-content\/uploads\/2025\/06\/WhatsApp-Image-2025-06-19-at-16.16.01-1536x1023.jpeg 1536w, https:\/\/www.uta.cl\/wp-content\/uploads\/2025\/06\/WhatsApp-Image-2025-06-19-at-16.16.01.jpeg 1600w\" sizes=\"(max-width: 1024px) 100vw, 1024px\" \/><\/figure><\/li><li class=\"blocks-gallery-item\"><figure><img loading=\"lazy\" width=\"1024\" height=\"682\" src=\"https:\/\/www.uta.cl\/wp-content\/uploads\/2025\/06\/WhatsApp-Image-2025-06-19-at-16.16.00-1-1024x682.jpeg\" alt=\"\" data-id=\"67986\" data-full-url=\"https:\/\/www.uta.cl\/wp-content\/uploads\/2025\/06\/WhatsApp-Image-2025-06-19-at-16.16.00-1.jpeg\" data-link=\"https:\/\/www.uta.cl\/?attachment_id=67986\" class=\"wp-image-67986\" srcset=\"https:\/\/www.uta.cl\/wp-content\/uploads\/2025\/06\/WhatsApp-Image-2025-06-19-at-16.16.00-1-1024x682.jpeg 1024w, https:\/\/www.uta.cl\/wp-content\/uploads\/2025\/06\/WhatsApp-Image-2025-06-19-at-16.16.00-1-300x200.jpeg 300w, https:\/\/www.uta.cl\/wp-content\/uploads\/2025\/06\/WhatsApp-Image-2025-06-19-at-16.16.00-1-768x512.jpeg 768w, https:\/\/www.uta.cl\/wp-content\/uploads\/2025\/06\/WhatsApp-Image-2025-06-19-at-16.16.00-1-1536x1023.jpeg 1536w, https:\/\/www.uta.cl\/wp-content\/uploads\/2025\/06\/WhatsApp-Image-2025-06-19-at-16.16.00-1.jpeg 1600w\" sizes=\"(max-width: 1024px) 100vw, 1024px\" \/><\/figure><\/li><li class=\"blocks-gallery-item\"><figure><img loading=\"lazy\" width=\"1024\" height=\"682\" src=\"https:\/\/www.uta.cl\/wp-content\/uploads\/2025\/06\/WhatsApp-Image-2025-06-19-at-16.16.00-2-1024x682.jpeg\" alt=\"\" data-id=\"67985\" data-full-url=\"https:\/\/www.uta.cl\/wp-content\/uploads\/2025\/06\/WhatsApp-Image-2025-06-19-at-16.16.00-2.jpeg\" data-link=\"https:\/\/www.uta.cl\/?attachment_id=67985\" class=\"wp-image-67985\" srcset=\"https:\/\/www.uta.cl\/wp-content\/uploads\/2025\/06\/WhatsApp-Image-2025-06-19-at-16.16.00-2-1024x682.jpeg 1024w, https:\/\/www.uta.cl\/wp-content\/uploads\/2025\/06\/WhatsApp-Image-2025-06-19-at-16.16.00-2-300x200.jpeg 300w, https:\/\/www.uta.cl\/wp-content\/uploads\/2025\/06\/WhatsApp-Image-2025-06-19-at-16.16.00-2-768x512.jpeg 768w, https:\/\/www.uta.cl\/wp-content\/uploads\/2025\/06\/WhatsApp-Image-2025-06-19-at-16.16.00-2-1536x1023.jpeg 1536w, https:\/\/www.uta.cl\/wp-content\/uploads\/2025\/06\/WhatsApp-Image-2025-06-19-at-16.16.00-2.jpeg 1600w\" sizes=\"(max-width: 1024px) 100vw, 1024px\" \/><\/figure><\/li><li class=\"blocks-gallery-item\"><figure><img loading=\"lazy\" width=\"935\" height=\"1024\" src=\"https:\/\/www.uta.cl\/wp-content\/uploads\/2025\/06\/WhatsApp-Image-2025-06-19-at-16.15.59-2-935x1024.jpeg\" alt=\"\" data-id=\"67982\" data-full-url=\"https:\/\/www.uta.cl\/wp-content\/uploads\/2025\/06\/WhatsApp-Image-2025-06-19-at-16.15.59-2.jpeg\" data-link=\"https:\/\/www.uta.cl\/?attachment_id=67982\" class=\"wp-image-67982\" srcset=\"https:\/\/www.uta.cl\/wp-content\/uploads\/2025\/06\/WhatsApp-Image-2025-06-19-at-16.15.59-2-935x1024.jpeg 935w, https:\/\/www.uta.cl\/wp-content\/uploads\/2025\/06\/WhatsApp-Image-2025-06-19-at-16.15.59-2-274x300.jpeg 274w, https:\/\/www.uta.cl\/wp-content\/uploads\/2025\/06\/WhatsApp-Image-2025-06-19-at-16.15.59-2-768x841.jpeg 768w, https:\/\/www.uta.cl\/wp-content\/uploads\/2025\/06\/WhatsApp-Image-2025-06-19-at-16.15.59-2-1403x1536.jpeg 1403w, https:\/\/www.uta.cl\/wp-content\/uploads\/2025\/06\/WhatsApp-Image-2025-06-19-at-16.15.59-2.jpeg 1405w\" sizes=\"(max-width: 935px) 100vw, 935px\" \/><\/figure><\/li><li class=\"blocks-gallery-item\"><figure><img loading=\"lazy\" width=\"1024\" height=\"768\" src=\"https:\/\/www.uta.cl\/wp-content\/uploads\/2025\/06\/WhatsApp-Image-2025-06-19-at-16.15.59-1024x768.jpeg\" alt=\"\" data-id=\"67984\" data-full-url=\"https:\/\/www.uta.cl\/wp-content\/uploads\/2025\/06\/WhatsApp-Image-2025-06-19-at-16.15.59.jpeg\" data-link=\"https:\/\/www.uta.cl\/?attachment_id=67984\" class=\"wp-image-67984\" srcset=\"https:\/\/www.uta.cl\/wp-content\/uploads\/2025\/06\/WhatsApp-Image-2025-06-19-at-16.15.59-1024x768.jpeg 1024w, https:\/\/www.uta.cl\/wp-content\/uploads\/2025\/06\/WhatsApp-Image-2025-06-19-at-16.15.59-300x225.jpeg 300w, https:\/\/www.uta.cl\/wp-content\/uploads\/2025\/06\/WhatsApp-Image-2025-06-19-at-16.15.59-768x576.jpeg 768w, https:\/\/www.uta.cl\/wp-content\/uploads\/2025\/06\/WhatsApp-Image-2025-06-19-at-16.15.59-1536x1152.jpeg 1536w, https:\/\/www.uta.cl\/wp-content\/uploads\/2025\/06\/WhatsApp-Image-2025-06-19-at-16.15.59.jpeg 1600w\" sizes=\"(max-width: 1024px) 100vw, 1024px\" \/><\/figure><\/li><li class=\"blocks-gallery-item\"><figure><img loading=\"lazy\" width=\"1024\" height=\"768\" src=\"https:\/\/www.uta.cl\/wp-content\/uploads\/2025\/06\/WhatsApp-Image-2025-06-19-at-16.15.59-1-1024x768.jpeg\" alt=\"\" data-id=\"67983\" data-full-url=\"https:\/\/www.uta.cl\/wp-content\/uploads\/2025\/06\/WhatsApp-Image-2025-06-19-at-16.15.59-1-scaled.jpeg\" data-link=\"https:\/\/www.uta.cl\/?attachment_id=67983\" class=\"wp-image-67983\" srcset=\"https:\/\/www.uta.cl\/wp-content\/uploads\/2025\/06\/WhatsApp-Image-2025-06-19-at-16.15.59-1-1024x768.jpeg 1024w, https:\/\/www.uta.cl\/wp-content\/uploads\/2025\/06\/WhatsApp-Image-2025-06-19-at-16.15.59-1-300x225.jpeg 300w, https:\/\/www.uta.cl\/wp-content\/uploads\/2025\/06\/WhatsApp-Image-2025-06-19-at-16.15.59-1-768x576.jpeg 768w, https:\/\/www.uta.cl\/wp-content\/uploads\/2025\/06\/WhatsApp-Image-2025-06-19-at-16.15.59-1-1536x1152.jpeg 1536w, https:\/\/www.uta.cl\/wp-content\/uploads\/2025\/06\/WhatsApp-Image-2025-06-19-at-16.15.59-1-2048x1536.jpeg 2048w\" sizes=\"(max-width: 1024px) 100vw, 1024px\" \/><\/figure><\/li><\/ul><\/figure>\n","protected":false},"excerpt":{"rendered":"<p>En el marco del curso de Administraci\u00f3n de Empresas, los estudiantes de primer a\u00f1o de Ingenier\u00eda Comercial organizaron la feria \u201cCoffeeToons\u201d, una iniciativa que combina creatividad y emprendimiento. Bajo la tem\u00e1tica de caf\u00e9 y c\u00f3mics, los alumnos ofrecieron servicios de cafeter\u00eda abiertos a toda la comunidad, complementando la actividad con una exposici\u00f3n de veh\u00edculos. Esta [&hellip;]<\/p>\n","protected":false},"author":13,"featured_media":67984,"comment_status":"open","ping_status":"open","sticky":false,"template":"","format":"standard","meta":[],"categories":[318],"tags":[],"_links":{"self":[{"href":"https:\/\/www.uta.cl\/index.php\/wp-json\/wp\/v2\/posts\/68011"}],"collection":[{"href":"https:\/\/www.uta.cl\/index.php\/wp-json\/wp\/v2\/posts"}],"about":[{"href":"https:\/\/www.uta.cl\/index.php\/wp-json\/wp\/v2\/types\/post"}],"author":[{"embeddable":true,"href":"https:\/\/www.uta.cl\/index.php\/wp-json\/wp\/v2\/users\/13"}],"replies":[{"embeddable":true,"href":"https:\/\/www.uta.cl\/index.php\/wp-json\/wp\/v2\/comments?post=68011"}],"version-history":[{"count":1,"href":"https:\/\/www.uta.cl\/index.php\/wp-json\/wp\/v2\/posts\/68011\/revisions"}],"predecessor-version":[{"id":68014,"href":"https:\/\/www.uta.cl\/index.php\/wp-json\/wp\/v2\/posts\/68011\/revisions\/68014"}],"wp:featuredmedia":[{"embeddable":true,"href":"https:\/\/www.uta.cl\/index.php\/wp-json\/wp\/v2\/media\/67984"}],"wp:attachment":[{"href":"https:\/\/www.uta.cl\/index.php\/wp-json\/wp\/v2\/media?parent=68011"}],"wp:term":[{"taxonomy":"category","embeddable":true,"href":"https:\/\/www.uta.cl\/index.php\/wp-json\/wp\/v2\/categories?post=68011"},{"taxonomy":"post_tag","embeddable":true,"href":"https:\/\/www.uta.cl\/index.php\/wp-json\/wp\/v2\/tags?post=68011"}],"curies":[{"name":"wp","href":"https:\/\/api.w.org\/{rel}","templated":true}]}}