{"id":67836,"date":"2025-06-13T18:49:57","date_gmt":"2025-06-13T18:49:57","guid":{"rendered":"https:\/\/www.uta.cl\/?p=67836"},"modified":"2025-06-13T18:50:04","modified_gmt":"2025-06-13T18:50:04","slug":"utarapaca-y-sernageomin-fortalecen-la-investigacion-geologica-y-minera","status":"publish","type":"post","link":"https:\/\/www.uta.cl\/index.php\/2025\/06\/13\/utarapaca-y-sernageomin-fortalecen-la-investigacion-geologica-y-minera\/","title":{"rendered":"UTarapac\u00e1 y SERNAGEOMIN fortalecen la investigaci\u00f3n geol\u00f3gica y minera"},"content":{"rendered":"\n<p>En el marco del convenio de colaboraci\u00f3n suscrito el 20 de agosto de 2024 entre la Universidad de Tarapac\u00e1 y el Servicio Nacional de Geolog\u00eda y Miner\u00eda (SERNAGEOMIN), el rector de la UTA, Dr. Emilio Rodr\u00edguez Ponce, se reuni\u00f3 con el director regional de SERNAGEOMIN, Ricardo Venegas Cabello, para coordinar la implementaci\u00f3n de esta alianza estrat\u00e9gica. El acuerdo tiene como objetivo promover avances cient\u00edficos y tecnol\u00f3gicos en geolog\u00eda, miner\u00eda y ciencias de la tierra.<\/p>\n\n\n\n<p>El convenio incluye el intercambio cient\u00edfico y tecnol\u00f3gico, la ejecuci\u00f3n de programas de capacitaci\u00f3n e investigaci\u00f3n, la postulaci\u00f3n conjunta a fondos concursables regionales, nacionales e internacionales, y el desarrollo de pasant\u00edas cient\u00edficas y tecnol\u00f3gicas.<\/p>\n\n\n\n<p>Esta colaboraci\u00f3n busca generar beneficios significativos para ambas instituciones y la comunidad regional, fomentando la innovaci\u00f3n y abordando desaf\u00edos clave en los \u00e1mbitos de la geolog\u00eda y la miner\u00eda.<\/p>\n\n\n\n<figure class=\"wp-block-gallery columns-2 is-cropped\"><ul class=\"blocks-gallery-grid\"><li class=\"blocks-gallery-item\"><figure><img loading=\"lazy\" width=\"1024\" height=\"707\" src=\"https:\/\/www.uta.cl\/wp-content\/uploads\/2025\/06\/WhatsApp-Image-2025-06-13-at-14.23.43-1024x707.jpeg\" alt=\"\" data-id=\"67837\" data-full-url=\"https:\/\/www.uta.cl\/wp-content\/uploads\/2025\/06\/WhatsApp-Image-2025-06-13-at-14.23.43.jpeg\" data-link=\"https:\/\/www.uta.cl\/?attachment_id=67837\" class=\"wp-image-67837\" srcset=\"https:\/\/www.uta.cl\/wp-content\/uploads\/2025\/06\/WhatsApp-Image-2025-06-13-at-14.23.43-1024x707.jpeg 1024w, https:\/\/www.uta.cl\/wp-content\/uploads\/2025\/06\/WhatsApp-Image-2025-06-13-at-14.23.43-300x207.jpeg 300w, https:\/\/www.uta.cl\/wp-content\/uploads\/2025\/06\/WhatsApp-Image-2025-06-13-at-14.23.43-768x530.jpeg 768w, https:\/\/www.uta.cl\/wp-content\/uploads\/2025\/06\/WhatsApp-Image-2025-06-13-at-14.23.43.jpeg 1155w\" sizes=\"(max-width: 1024px) 100vw, 1024px\" \/><\/figure><\/li><li class=\"blocks-gallery-item\"><figure><img loading=\"lazy\" width=\"1024\" height=\"768\" src=\"https:\/\/www.uta.cl\/wp-content\/uploads\/2025\/06\/WhatsApp-Image-2025-06-13-at-14.23.43-1-1024x768.jpeg\" alt=\"\" data-id=\"67838\" data-full-url=\"https:\/\/www.uta.cl\/wp-content\/uploads\/2025\/06\/WhatsApp-Image-2025-06-13-at-14.23.43-1.jpeg\" data-link=\"https:\/\/www.uta.cl\/?attachment_id=67838\" class=\"wp-image-67838\" srcset=\"https:\/\/www.uta.cl\/wp-content\/uploads\/2025\/06\/WhatsApp-Image-2025-06-13-at-14.23.43-1-1024x768.jpeg 1024w, https:\/\/www.uta.cl\/wp-content\/uploads\/2025\/06\/WhatsApp-Image-2025-06-13-at-14.23.43-1-300x225.jpeg 300w, https:\/\/www.uta.cl\/wp-content\/uploads\/2025\/06\/WhatsApp-Image-2025-06-13-at-14.23.43-1-768x576.jpeg 768w, https:\/\/www.uta.cl\/wp-content\/uploads\/2025\/06\/WhatsApp-Image-2025-06-13-at-14.23.43-1.jpeg 1280w\" sizes=\"(max-width: 1024px) 100vw, 1024px\" \/><\/figure><\/li><li class=\"blocks-gallery-item\"><figure><img loading=\"lazy\" width=\"1024\" height=\"682\" src=\"https:\/\/www.uta.cl\/wp-content\/uploads\/2025\/06\/WhatsApp-Image-2025-06-13-at-14.23.44-1-1024x682.jpeg\" alt=\"\" data-id=\"67839\" data-full-url=\"https:\/\/www.uta.cl\/wp-content\/uploads\/2025\/06\/WhatsApp-Image-2025-06-13-at-14.23.44-1.jpeg\" data-link=\"https:\/\/www.uta.cl\/?attachment_id=67839\" class=\"wp-image-67839\" srcset=\"https:\/\/www.uta.cl\/wp-content\/uploads\/2025\/06\/WhatsApp-Image-2025-06-13-at-14.23.44-1-1024x682.jpeg 1024w, https:\/\/www.uta.cl\/wp-content\/uploads\/2025\/06\/WhatsApp-Image-2025-06-13-at-14.23.44-1-300x200.jpeg 300w, https:\/\/www.uta.cl\/wp-content\/uploads\/2025\/06\/WhatsApp-Image-2025-06-13-at-14.23.44-1-768x512.jpeg 768w, https:\/\/www.uta.cl\/wp-content\/uploads\/2025\/06\/WhatsApp-Image-2025-06-13-at-14.23.44-1-1536x1023.jpeg 1536w, https:\/\/www.uta.cl\/wp-content\/uploads\/2025\/06\/WhatsApp-Image-2025-06-13-at-14.23.44-1.jpeg 1600w\" sizes=\"(max-width: 1024px) 100vw, 1024px\" \/><\/figure><\/li><li class=\"blocks-gallery-item\"><figure><img loading=\"lazy\" width=\"1024\" height=\"682\" src=\"https:\/\/www.uta.cl\/wp-content\/uploads\/2025\/06\/WhatsApp-Image-2025-06-13-at-14.23.44-1024x682.jpeg\" alt=\"\" data-id=\"67840\" data-full-url=\"https:\/\/www.uta.cl\/wp-content\/uploads\/2025\/06\/WhatsApp-Image-2025-06-13-at-14.23.44.jpeg\" data-link=\"https:\/\/www.uta.cl\/?attachment_id=67840\" class=\"wp-image-67840\" srcset=\"https:\/\/www.uta.cl\/wp-content\/uploads\/2025\/06\/WhatsApp-Image-2025-06-13-at-14.23.44-1024x682.jpeg 1024w, https:\/\/www.uta.cl\/wp-content\/uploads\/2025\/06\/WhatsApp-Image-2025-06-13-at-14.23.44-300x200.jpeg 300w, https:\/\/www.uta.cl\/wp-content\/uploads\/2025\/06\/WhatsApp-Image-2025-06-13-at-14.23.44-768x512.jpeg 768w, https:\/\/www.uta.cl\/wp-content\/uploads\/2025\/06\/WhatsApp-Image-2025-06-13-at-14.23.44-1536x1023.jpeg 1536w, https:\/\/www.uta.cl\/wp-content\/uploads\/2025\/06\/WhatsApp-Image-2025-06-13-at-14.23.44.jpeg 1600w\" sizes=\"(max-width: 1024px) 100vw, 1024px\" \/><\/figure><\/li><\/ul><\/figure>\n","protected":false},"excerpt":{"rendered":"<p>En el marco del convenio de colaboraci\u00f3n suscrito el 20 de agosto de 2024 entre la Universidad de Tarapac\u00e1 y el Servicio Nacional de Geolog\u00eda y Miner\u00eda (SERNAGEOMIN), el rector de la UTA, Dr. Emilio Rodr\u00edguez Ponce, se reuni\u00f3 con el director regional de SERNAGEOMIN, Ricardo Venegas Cabello, para coordinar la implementaci\u00f3n de esta alianza [&hellip;]<\/p>\n","protected":false},"author":13,"featured_media":67840,"comment_status":"open","ping_status":"open","sticky":false,"template":"","format":"standard","meta":[],"categories":[318],"tags":[],"_links":{"self":[{"href":"https:\/\/www.uta.cl\/index.php\/wp-json\/wp\/v2\/posts\/67836"}],"collection":[{"href":"https:\/\/www.uta.cl\/index.php\/wp-json\/wp\/v2\/posts"}],"about":[{"href":"https:\/\/www.uta.cl\/index.php\/wp-json\/wp\/v2\/types\/post"}],"author":[{"embeddable":true,"href":"https:\/\/www.uta.cl\/index.php\/wp-json\/wp\/v2\/users\/13"}],"replies":[{"embeddable":true,"href":"https:\/\/www.uta.cl\/index.php\/wp-json\/wp\/v2\/comments?post=67836"}],"version-history":[{"count":1,"href":"https:\/\/www.uta.cl\/index.php\/wp-json\/wp\/v2\/posts\/67836\/revisions"}],"predecessor-version":[{"id":67841,"href":"https:\/\/www.uta.cl\/index.php\/wp-json\/wp\/v2\/posts\/67836\/revisions\/67841"}],"wp:featuredmedia":[{"embeddable":true,"href":"https:\/\/www.uta.cl\/index.php\/wp-json\/wp\/v2\/media\/67840"}],"wp:attachment":[{"href":"https:\/\/www.uta.cl\/index.php\/wp-json\/wp\/v2\/media?parent=67836"}],"wp:term":[{"taxonomy":"category","embeddable":true,"href":"https:\/\/www.uta.cl\/index.php\/wp-json\/wp\/v2\/categories?post=67836"},{"taxonomy":"post_tag","embeddable":true,"href":"https:\/\/www.uta.cl\/index.php\/wp-json\/wp\/v2\/tags?post=67836"}],"curies":[{"name":"wp","href":"https:\/\/api.w.org\/{rel}","templated":true}]}}