{"id":67826,"date":"2025-06-12T21:27:43","date_gmt":"2025-06-12T21:27:43","guid":{"rendered":"https:\/\/www.uta.cl\/?p=67826"},"modified":"2025-06-12T21:27:51","modified_gmt":"2025-06-12T21:27:51","slug":"vicerrectoria-academica-de-la-utarapaca-realiza-jornada-de-trabajo-para-fortalecer-su-mision-institucional","status":"publish","type":"post","link":"https:\/\/www.uta.cl\/index.php\/2025\/06\/12\/vicerrectoria-academica-de-la-utarapaca-realiza-jornada-de-trabajo-para-fortalecer-su-mision-institucional\/","title":{"rendered":"Vicerrector\u00eda Acad\u00e9mica de la UTarapac\u00e1 realiza jornada de trabajo para fortalecer su Misi\u00f3n Institucional"},"content":{"rendered":"\n<p>El 11 de junio, en la sala de eventos de la Facultad de Ciencias del Campus Vel\u00e1squez, la Vicerrectora Acad\u00e9mica de la Universidad de Tarapac\u00e1, Dra. Jenniffer Peralta Montecinos, lider\u00f3 una jornada de trabajo con directores y equipos de la instituci\u00f3n. El encuentro tuvo como objetivo coordinar esfuerzos para garantizar el cumplimiento de la Misi\u00f3n Institucional de la Universidad, centrada en la formaci\u00f3n de profesionales de excelencia y la contribuci\u00f3n al desarrollo regional y nacional.<\/p>\n\n\n\n<p>La actividad reforz\u00f3 el compromiso de la UTA con la calidad acad\u00e9mica y la vinculaci\u00f3n con el entorno, promoviendo la colaboraci\u00f3n entre las distintas unidades para enfrentar los desaf\u00edos institucionales.<\/p>\n\n\n\n<figure class=\"wp-block-gallery columns-3 is-cropped\"><ul class=\"blocks-gallery-grid\"><li class=\"blocks-gallery-item\"><figure><a href=\"https:\/\/www.uta.cl\/wp-content\/uploads\/2025\/06\/WhatsApp-Image-2025-06-12-at-10.26.41.jpeg\"><img loading=\"lazy\" width=\"1024\" height=\"768\" src=\"https:\/\/www.uta.cl\/wp-content\/uploads\/2025\/06\/WhatsApp-Image-2025-06-12-at-10.26.41-1024x768.jpeg\" alt=\"\" data-id=\"67830\" data-full-url=\"https:\/\/www.uta.cl\/wp-content\/uploads\/2025\/06\/WhatsApp-Image-2025-06-12-at-10.26.41.jpeg\" data-link=\"https:\/\/www.uta.cl\/?attachment_id=67830\" class=\"wp-image-67830\" srcset=\"https:\/\/www.uta.cl\/wp-content\/uploads\/2025\/06\/WhatsApp-Image-2025-06-12-at-10.26.41-1024x768.jpeg 1024w, https:\/\/www.uta.cl\/wp-content\/uploads\/2025\/06\/WhatsApp-Image-2025-06-12-at-10.26.41-300x225.jpeg 300w, https:\/\/www.uta.cl\/wp-content\/uploads\/2025\/06\/WhatsApp-Image-2025-06-12-at-10.26.41-768x576.jpeg 768w, https:\/\/www.uta.cl\/wp-content\/uploads\/2025\/06\/WhatsApp-Image-2025-06-12-at-10.26.41.jpeg 1280w\" sizes=\"(max-width: 1024px) 100vw, 1024px\" \/><\/a><\/figure><\/li><li class=\"blocks-gallery-item\"><figure><a href=\"https:\/\/www.uta.cl\/wp-content\/uploads\/2025\/06\/WhatsApp-Image-2025-06-12-at-10.23.35.jpeg\"><img loading=\"lazy\" width=\"1024\" height=\"768\" src=\"https:\/\/www.uta.cl\/wp-content\/uploads\/2025\/06\/WhatsApp-Image-2025-06-12-at-10.23.35-1024x768.jpeg\" alt=\"\" data-id=\"67829\" data-full-url=\"https:\/\/www.uta.cl\/wp-content\/uploads\/2025\/06\/WhatsApp-Image-2025-06-12-at-10.23.35.jpeg\" data-link=\"https:\/\/www.uta.cl\/?attachment_id=67829\" class=\"wp-image-67829\" srcset=\"https:\/\/www.uta.cl\/wp-content\/uploads\/2025\/06\/WhatsApp-Image-2025-06-12-at-10.23.35-1024x768.jpeg 1024w, https:\/\/www.uta.cl\/wp-content\/uploads\/2025\/06\/WhatsApp-Image-2025-06-12-at-10.23.35-300x225.jpeg 300w, https:\/\/www.uta.cl\/wp-content\/uploads\/2025\/06\/WhatsApp-Image-2025-06-12-at-10.23.35-768x576.jpeg 768w, https:\/\/www.uta.cl\/wp-content\/uploads\/2025\/06\/WhatsApp-Image-2025-06-12-at-10.23.35.jpeg 1280w\" sizes=\"(max-width: 1024px) 100vw, 1024px\" \/><\/a><\/figure><\/li><li class=\"blocks-gallery-item\"><figure><a href=\"https:\/\/www.uta.cl\/wp-content\/uploads\/2025\/06\/WhatsApp-Image-2025-06-12-at-10.22.47.jpeg\"><img loading=\"lazy\" width=\"1024\" height=\"768\" src=\"https:\/\/www.uta.cl\/wp-content\/uploads\/2025\/06\/WhatsApp-Image-2025-06-12-at-10.22.47-1024x768.jpeg\" alt=\"\" data-id=\"67828\" data-full-url=\"https:\/\/www.uta.cl\/wp-content\/uploads\/2025\/06\/WhatsApp-Image-2025-06-12-at-10.22.47.jpeg\" data-link=\"https:\/\/www.uta.cl\/?attachment_id=67828\" class=\"wp-image-67828\" srcset=\"https:\/\/www.uta.cl\/wp-content\/uploads\/2025\/06\/WhatsApp-Image-2025-06-12-at-10.22.47-1024x768.jpeg 1024w, https:\/\/www.uta.cl\/wp-content\/uploads\/2025\/06\/WhatsApp-Image-2025-06-12-at-10.22.47-300x225.jpeg 300w, https:\/\/www.uta.cl\/wp-content\/uploads\/2025\/06\/WhatsApp-Image-2025-06-12-at-10.22.47-768x576.jpeg 768w, https:\/\/www.uta.cl\/wp-content\/uploads\/2025\/06\/WhatsApp-Image-2025-06-12-at-10.22.47.jpeg 1280w\" sizes=\"(max-width: 1024px) 100vw, 1024px\" \/><\/a><\/figure><\/li><li class=\"blocks-gallery-item\"><figure><a href=\"https:\/\/www.uta.cl\/wp-content\/uploads\/2025\/06\/foto-central.jpeg\"><img loading=\"lazy\" width=\"1024\" height=\"673\" src=\"https:\/\/www.uta.cl\/wp-content\/uploads\/2025\/06\/foto-central-1024x673.jpeg\" alt=\"\" data-id=\"67827\" data-full-url=\"https:\/\/www.uta.cl\/wp-content\/uploads\/2025\/06\/foto-central.jpeg\" data-link=\"https:\/\/www.uta.cl\/?attachment_id=67827\" class=\"wp-image-67827\" srcset=\"https:\/\/www.uta.cl\/wp-content\/uploads\/2025\/06\/foto-central-1024x673.jpeg 1024w, https:\/\/www.uta.cl\/wp-content\/uploads\/2025\/06\/foto-central-300x197.jpeg 300w, https:\/\/www.uta.cl\/wp-content\/uploads\/2025\/06\/foto-central-768x504.jpeg 768w, https:\/\/www.uta.cl\/wp-content\/uploads\/2025\/06\/foto-central-1536x1009.jpeg 1536w, https:\/\/www.uta.cl\/wp-content\/uploads\/2025\/06\/foto-central.jpeg 1600w\" sizes=\"(max-width: 1024px) 100vw, 1024px\" \/><\/a><\/figure><\/li><\/ul><\/figure>\n","protected":false},"excerpt":{"rendered":"<p>El 11 de junio, en la sala de eventos de la Facultad de Ciencias del Campus Vel\u00e1squez, la Vicerrectora Acad\u00e9mica de la Universidad de Tarapac\u00e1, Dra. Jenniffer Peralta Montecinos, lider\u00f3 una jornada de trabajo con directores y equipos de la instituci\u00f3n. El encuentro tuvo como objetivo coordinar esfuerzos para garantizar el cumplimiento de la Misi\u00f3n [&hellip;]<\/p>\n","protected":false},"author":13,"featured_media":67827,"comment_status":"open","ping_status":"open","sticky":false,"template":"","format":"standard","meta":[],"categories":[318],"tags":[],"_links":{"self":[{"href":"https:\/\/www.uta.cl\/index.php\/wp-json\/wp\/v2\/posts\/67826"}],"collection":[{"href":"https:\/\/www.uta.cl\/index.php\/wp-json\/wp\/v2\/posts"}],"about":[{"href":"https:\/\/www.uta.cl\/index.php\/wp-json\/wp\/v2\/types\/post"}],"author":[{"embeddable":true,"href":"https:\/\/www.uta.cl\/index.php\/wp-json\/wp\/v2\/users\/13"}],"replies":[{"embeddable":true,"href":"https:\/\/www.uta.cl\/index.php\/wp-json\/wp\/v2\/comments?post=67826"}],"version-history":[{"count":1,"href":"https:\/\/www.uta.cl\/index.php\/wp-json\/wp\/v2\/posts\/67826\/revisions"}],"predecessor-version":[{"id":67831,"href":"https:\/\/www.uta.cl\/index.php\/wp-json\/wp\/v2\/posts\/67826\/revisions\/67831"}],"wp:featuredmedia":[{"embeddable":true,"href":"https:\/\/www.uta.cl\/index.php\/wp-json\/wp\/v2\/media\/67827"}],"wp:attachment":[{"href":"https:\/\/www.uta.cl\/index.php\/wp-json\/wp\/v2\/media?parent=67826"}],"wp:term":[{"taxonomy":"category","embeddable":true,"href":"https:\/\/www.uta.cl\/index.php\/wp-json\/wp\/v2\/categories?post=67826"},{"taxonomy":"post_tag","embeddable":true,"href":"https:\/\/www.uta.cl\/index.php\/wp-json\/wp\/v2\/tags?post=67826"}],"curies":[{"name":"wp","href":"https:\/\/api.w.org\/{rel}","templated":true}]}}