{"id":67549,"date":"2025-06-02T20:58:38","date_gmt":"2025-06-02T20:58:38","guid":{"rendered":"https:\/\/www.uta.cl\/?p=67549"},"modified":"2025-06-03T17:24:00","modified_gmt":"2025-06-03T17:24:00","slug":"universidad-de-tarapaca-rinde-cuenta-publica-2024-hitos-en-excelencia-academica-investigacion-y-gestion-financiera","status":"publish","type":"post","link":"https:\/\/www.uta.cl\/index.php\/2025\/06\/02\/universidad-de-tarapaca-rinde-cuenta-publica-2024-hitos-en-excelencia-academica-investigacion-y-gestion-financiera\/","title":{"rendered":"Universidad de Tarapac\u00e1 rinde Cuenta P\u00fablica Participativa 2024: Hitos en Excelencia Acad\u00e9mica, Investigaci\u00f3n y Gesti\u00f3n Financiera"},"content":{"rendered":"\n<p>En una ceremonia transmitida en modalidad online, el Rector de la Universidad de Tarapac\u00e1 (UTA), Dr. Emilio Rodr\u00edguez Ponce, acompa\u00f1ado de la Vicerrectora Acad\u00e9mica, Dra. Jenniffer Peralta Montecinos, y el Vicerrector de Administraci\u00f3n y Finanzas, Dr. Jorge Bernal Peralta, presentaron la Cuenta P\u00fablica Participativa de la gesti\u00f3n institucional 2024. La actividad destac\u00f3 los avances en docencia de pregrado y postgrado, investigaci\u00f3n, vinculaci\u00f3n con el medio y solidez financiera, reafirmando el compromiso de la UTA como la \u00fanica universidad de excelencia del norte de Chile y un referente en la Macro Regi\u00f3n Centro-Sur Andina.<\/p>\n\n\n\n<p><strong>Visi\u00f3n Estrat\u00e9gica y Excelencia Acad\u00e9mica<\/strong><\/p>\n\n\n\n<figure class=\"wp-block-image size-large\"><img loading=\"lazy\" width=\"1024\" height=\"537\" src=\"https:\/\/www.uta.cl\/wp-content\/uploads\/2025\/06\/2-1024x537.jpg\" alt=\"\" class=\"wp-image-67551\" srcset=\"https:\/\/www.uta.cl\/wp-content\/uploads\/2025\/06\/2-1024x537.jpg 1024w, https:\/\/www.uta.cl\/wp-content\/uploads\/2025\/06\/2-300x157.jpg 300w, https:\/\/www.uta.cl\/wp-content\/uploads\/2025\/06\/2-768x403.jpg 768w, https:\/\/www.uta.cl\/wp-content\/uploads\/2025\/06\/2.jpg 1235w\" sizes=\"(max-width: 1024px) 100vw, 1024px\" \/><\/figure>\n\n\n\n<p>El Rector Dr. Emilio Rodr\u00edguez abri\u00f3 la Cuenta P\u00fablica Participativa destacando el sistema de direcci\u00f3n estrat\u00e9gica que gu\u00eda a la UTA, definiendo su prop\u00f3sito de consolidarse como una instituci\u00f3n de excelencia: \u201cNuestro camino est\u00e1 claro: transformar a la UTA en una universidad referente en la Macro Regi\u00f3n Centro-Sur Andina, con un enfoque en dos dimensiones clave: la acad\u00e9mica y la econ\u00f3mica\u201d, afirm\u00f3.<\/p>\n\n\n\n<p>En docencia de pregrado, la UTA alcanz\u00f3 una retenci\u00f3n de primer a\u00f1o del 88,4%, acerc\u00e1ndose a la meta de largo plazo del 90%, lo que la posicion\u00f3 entre las universidades con mejor retenci\u00f3n a nivel nacional. Tambi\u00e9n se reportaron mejoras en la retenci\u00f3n al tercer a\u00f1o y en la titulaci\u00f3n oportuna, evidenciando procesos formativos s\u00f3lidos.<\/p>\n\n\n\n<p>La admisi\u00f3n 2024 marc\u00f3 un hito con un crecimiento cualitativo, recibiendo m\u00e1s de 600 postulaciones que no pudieron ser atendidas por falta de cupos, reflejando la alta demanda y prestigio de la UTA. \u201cHemos crecido en admisi\u00f3n, mejorando los procesos formativos, lo que se traduce en resultados positivos en docencia\u201d, destac\u00f3 el Rector Rodr\u00edguez. En postgrado, se fortaleci\u00f3 la oferta con la creaci\u00f3n del Doctorado en F\u00edsica, desarrollado en consorcio con las universidades de Valpara\u00edso y La Serena, y el robustecimiento de programas de mag\u00edster y doctorados. La UTA cuenta con siete doctorados y diez mag\u00edsteres, de los cuales seis doctorados y siete mag\u00edsteres est\u00e1n acreditados, consolidando su apuesta por la calidad y la internacionalizaci\u00f3n mediante convenios de movilidad estudiantil y doble titulaci\u00f3n.<\/p>\n\n\n\n<p><strong>Investigaci\u00f3n: Liderazgo en Productividad<\/strong><\/p>\n\n\n\n<p>En investigaci\u00f3n, la Universidad de Tarapac\u00e1 logr\u00f3 un r\u00e9cord hist\u00f3rico con 19 proyectos Fondecyt, posicion\u00e1ndose en el noveno lugar dentro del Consejo de Rectores y en el primer lugar a nivel nacional en proyectos y publicaciones ajustadas por tama\u00f1o. Con m\u00e1s de 970 publicaciones Scopus, la UTA se consolida como l\u00edder en productividad acad\u00e9mica en el norte de Chile y cuarta a nivel nacional en cifras globales: \u201cEn investigaci\u00f3n, hemos dado saltos importantes, pero a\u00fan enfrentamos desaf\u00edos para seguir creciendo\u201d, se\u00f1al\u00f3 el Rector Emilio Rodr\u00edguez, destacando proyectos competitivos como Milenio, IDeA y Anillo, que refuerzan el liderazgo de la instituci\u00f3n.<\/p>\n\n\n\n<p><strong>Vinculaci\u00f3n con el Medio: Impacto Regional<\/strong><\/p>\n\n\n\n<p>La vinculaci\u00f3n con el medio fue otro pilar destacado en la Cuenta P\u00fablica Participativa. El Centro M\u00e9dico de la UTA atendi\u00f3 a 17.000 personas en 2024, fortaleciendo la salud primaria en la regi\u00f3n. Adem\u00e1s, el programa estrat\u00e9gico \u201cEcosistema Transfronterizo Arica-Tacna\u201d, en alianza con la Universidad Nacional Jorge Basadre Grohmann, involucr\u00f3 a las facultades de Ciencias, Ingenier\u00eda, Ciencias Agron\u00f3micas y Ciencias Sociales, promoviendo el desarrollo productivo transfronterizo. Adem\u00e1s, la UTA avanz\u00f3 en la custodia y difusi\u00f3n del patrimonio cultural Chinchorro, mediante alianzas con los municipios de Arica y Camarones, incrementando las visitas a museos y la difusi\u00f3n en medios. \u201cNuestra vinculaci\u00f3n bidireccional y compromiso con el territorio nos posicionan como un actor clave en el desarrollo regional\u201d, afirm\u00f3 la m\u00e1xima autoridad universitaria.<\/p>\n\n\n\n<p><strong>Avances Acad\u00e9micos: Cuerpo Docente y Estudiantes<\/strong><\/p>\n\n\n\n<figure class=\"wp-block-image size-large\"><img loading=\"lazy\" width=\"1024\" height=\"589\" src=\"https:\/\/www.uta.cl\/wp-content\/uploads\/2025\/06\/10-1024x589.jpg\" alt=\"\" class=\"wp-image-67560\" srcset=\"https:\/\/www.uta.cl\/wp-content\/uploads\/2025\/06\/10-1024x589.jpg 1024w, https:\/\/www.uta.cl\/wp-content\/uploads\/2025\/06\/10-300x173.jpg 300w, https:\/\/www.uta.cl\/wp-content\/uploads\/2025\/06\/10-768x442.jpg 768w, https:\/\/www.uta.cl\/wp-content\/uploads\/2025\/06\/10.jpg 1069w\" sizes=\"(max-width: 1024px) 100vw, 1024px\" \/><\/figure>\n\n\n\n<p>La Vicerrectora Acad\u00e9mica, Dra. Jenniffer Peralta Montecinos, destac\u00f3 el fortalecimiento del cuerpo acad\u00e9mico, con 368 profesores, de los cuales 225 son doctores, y 70 contrataciones de doctores en los \u00faltimos tres a\u00f1os. M\u00e1s de 20 acad\u00e9micos est\u00e1n en proceso de perfeccionamiento doctoral, consolidando los claustros de pregrado y postgrado. En cuanto a los estudiantes, la UTA cuenta con m\u00e1s de 10.500 en pregrado, con un aumento significativo en la matr\u00edcula y mejores puntajes de ingreso en 2024. \u201cEl acompa\u00f1amiento acad\u00e9mico y psicoeducativo, con programas como tutores pares y fortalecimiento en matem\u00e1ticas y lenguaje, ha sido clave para nuestros resultados en retenci\u00f3n\u201d, afirm\u00f3 la vicerrectora.<\/p>\n\n\n\n<p>La Universidad tambi\u00e9n ha invertido en virtualizaci\u00f3n, recursos educativos e infraestructura para la atenci\u00f3n estudiantil, beneficiando a m\u00e1s de 8.000 estudiantes con becas y programas de inclusi\u00f3n. En postgrado, se implementaron reglamentos para la doble titulaci\u00f3n, y la vinculaci\u00f3n con \u00e1reas de investigaci\u00f3n se fortaleci\u00f3, apoyado por el Plan de Fortalecimiento 2030. \u201cNuestra oferta acad\u00e9mica y resultados en investigaci\u00f3n reflejan el compromiso de nuestra comunidad universitaria\u201d, agreg\u00f3 la Dra. Jenniffer Peralta.<\/p>\n\n\n\n<p><strong>Solidez Financiera: Base para el Crecimiento<\/strong><\/p>\n\n\n\n<figure class=\"wp-block-image size-large\"><img loading=\"lazy\" width=\"1024\" height=\"548\" src=\"https:\/\/www.uta.cl\/wp-content\/uploads\/2025\/06\/5-1024x548.jpg\" alt=\"\" class=\"wp-image-67554\" srcset=\"https:\/\/www.uta.cl\/wp-content\/uploads\/2025\/06\/5-1024x548.jpg 1024w, https:\/\/www.uta.cl\/wp-content\/uploads\/2025\/06\/5-300x160.jpg 300w, https:\/\/www.uta.cl\/wp-content\/uploads\/2025\/06\/5-768x411.jpg 768w, https:\/\/www.uta.cl\/wp-content\/uploads\/2025\/06\/5.jpg 1193w\" sizes=\"(max-width: 1024px) 100vw, 1024px\" \/><\/figure>\n\n\n\n<p>El Vicerrector de Administraci\u00f3n y Finanzas, Dr. Jorge Bernal Peralta, detall\u00f3 la gesti\u00f3n financiera, destacando la ejecuci\u00f3n \u00edntegra del presupuesto 2024 de 173 mil millones de pesos, con un incremento patrimonial de 15 mil millones, alcanzando un total de 250 mil millones de pesos. Esto posiciona a la UTA entre las cinco universidades con mayor patrimonio en Chile, con una solvencia del 90% y cero endeudamiento con el sistema financiero. \u201cNuestra solidez financiera nos permite estabilidad laboral y un crecimiento sostenible\u201d, se\u00f1al\u00f3 el Dr. Bernal. &nbsp;<\/p>\n\n\n\n<p>Igualmente inform\u00f3 que un plan de inversiones de 2.500 millones de pesos se destinar\u00e1 a infraestructura para carreras en crecimiento y planes de mejora para la acreditaci\u00f3n. La gesti\u00f3n eficiente de recursos, respaldada por proyectos externos y alianzas con el Gobierno Regional y municipalidades, refuerza la capacidad de la UTA para responder a las necesidades acad\u00e9micas y regionales.<\/p>\n\n\n\n<p><strong>Compromiso con la Comunidad<\/strong><\/p>\n\n\n\n<p>La Cuenta P\u00fablica Participativa incluy\u00f3 un espacio para consultas de la comunidad regional, con intervenciones de Francisco Valcarce, Seremi de Educaci\u00f3n de Arica y Parinacota; Lilian Rojas, directora regional del Servicio Nacional de la Discapacidad (Senadis), y de Luis Rocafull, director regional de Corfo de Arica y Parinacota, quienes destacaron el rol de la UTA en el desarrollo regional.<\/p>\n\n\n\n<p>El Rector Dr. Emilio Rodr\u00edguez cerr\u00f3 la actividad enfatizando la importancia del trabajo colectivo: \u201cSomos una Universidad de excelencia, pero los desaf\u00edos son cada vez mayores. Solo con la fuerza de nuestra comunidad consolidaremos estos est\u00e1ndares y seguiremos contribuyendo al desarrollo cient\u00edfico y territorial\u201d.<\/p>\n\n\n\n<figure class=\"wp-block-gallery columns-3 is-cropped\"><ul class=\"blocks-gallery-grid\"><li class=\"blocks-gallery-item\"><figure><img loading=\"lazy\" width=\"1024\" height=\"525\" src=\"https:\/\/www.uta.cl\/wp-content\/uploads\/2025\/06\/9-1024x525.jpg\" alt=\"\" data-id=\"67558\" data-full-url=\"https:\/\/www.uta.cl\/wp-content\/uploads\/2025\/06\/9.jpg\" data-link=\"https:\/\/www.uta.cl\/?attachment_id=67558\" class=\"wp-image-67558\" srcset=\"https:\/\/www.uta.cl\/wp-content\/uploads\/2025\/06\/9-1024x525.jpg 1024w, https:\/\/www.uta.cl\/wp-content\/uploads\/2025\/06\/9-300x154.jpg 300w, https:\/\/www.uta.cl\/wp-content\/uploads\/2025\/06\/9-768x394.jpg 768w, https:\/\/www.uta.cl\/wp-content\/uploads\/2025\/06\/9.jpg 1166w\" sizes=\"(max-width: 1024px) 100vw, 1024px\" \/><\/figure><\/li><li class=\"blocks-gallery-item\"><figure><img loading=\"lazy\" width=\"1024\" height=\"577\" src=\"https:\/\/www.uta.cl\/wp-content\/uploads\/2025\/06\/8-1024x577.jpg\" alt=\"\" data-id=\"67557\" data-full-url=\"https:\/\/www.uta.cl\/wp-content\/uploads\/2025\/06\/8.jpg\" data-link=\"https:\/\/www.uta.cl\/?attachment_id=67557\" class=\"wp-image-67557\" srcset=\"https:\/\/www.uta.cl\/wp-content\/uploads\/2025\/06\/8-1024x577.jpg 1024w, https:\/\/www.uta.cl\/wp-content\/uploads\/2025\/06\/8-300x169.jpg 300w, https:\/\/www.uta.cl\/wp-content\/uploads\/2025\/06\/8-768x433.jpg 768w, https:\/\/www.uta.cl\/wp-content\/uploads\/2025\/06\/8.jpg 1231w\" sizes=\"(max-width: 1024px) 100vw, 1024px\" \/><\/figure><\/li><li class=\"blocks-gallery-item\"><figure><img loading=\"lazy\" width=\"1024\" height=\"559\" src=\"https:\/\/www.uta.cl\/wp-content\/uploads\/2025\/06\/7-1024x559.jpg\" alt=\"\" data-id=\"67556\" data-full-url=\"https:\/\/www.uta.cl\/wp-content\/uploads\/2025\/06\/7.jpg\" data-link=\"https:\/\/www.uta.cl\/?attachment_id=67556\" class=\"wp-image-67556\" srcset=\"https:\/\/www.uta.cl\/wp-content\/uploads\/2025\/06\/7-1024x559.jpg 1024w, https:\/\/www.uta.cl\/wp-content\/uploads\/2025\/06\/7-300x164.jpg 300w, https:\/\/www.uta.cl\/wp-content\/uploads\/2025\/06\/7-768x419.jpg 768w, https:\/\/www.uta.cl\/wp-content\/uploads\/2025\/06\/7.jpg 1232w\" sizes=\"(max-width: 1024px) 100vw, 1024px\" \/><\/figure><\/li><li class=\"blocks-gallery-item\"><figure><img loading=\"lazy\" width=\"1024\" height=\"585\" src=\"https:\/\/www.uta.cl\/wp-content\/uploads\/2025\/06\/6-1024x585.jpg\" alt=\"\" data-id=\"67555\" data-full-url=\"https:\/\/www.uta.cl\/wp-content\/uploads\/2025\/06\/6.jpg\" data-link=\"https:\/\/www.uta.cl\/?attachment_id=67555\" class=\"wp-image-67555\" srcset=\"https:\/\/www.uta.cl\/wp-content\/uploads\/2025\/06\/6-1024x585.jpg 1024w, https:\/\/www.uta.cl\/wp-content\/uploads\/2025\/06\/6-300x171.jpg 300w, https:\/\/www.uta.cl\/wp-content\/uploads\/2025\/06\/6-768x439.jpg 768w, https:\/\/www.uta.cl\/wp-content\/uploads\/2025\/06\/6.jpg 1213w\" sizes=\"(max-width: 1024px) 100vw, 1024px\" \/><\/figure><\/li><li class=\"blocks-gallery-item\"><figure><img loading=\"lazy\" width=\"1024\" height=\"561\" src=\"https:\/\/www.uta.cl\/wp-content\/uploads\/2025\/06\/4-1024x561.jpg\" alt=\"\" data-id=\"67553\" data-full-url=\"https:\/\/www.uta.cl\/wp-content\/uploads\/2025\/06\/4.jpg\" data-link=\"https:\/\/www.uta.cl\/?attachment_id=67553\" class=\"wp-image-67553\" srcset=\"https:\/\/www.uta.cl\/wp-content\/uploads\/2025\/06\/4-1024x561.jpg 1024w, https:\/\/www.uta.cl\/wp-content\/uploads\/2025\/06\/4-300x164.jpg 300w, https:\/\/www.uta.cl\/wp-content\/uploads\/2025\/06\/4-768x420.jpg 768w, https:\/\/www.uta.cl\/wp-content\/uploads\/2025\/06\/4.jpg 1182w\" sizes=\"(max-width: 1024px) 100vw, 1024px\" \/><\/figure><\/li><li class=\"blocks-gallery-item\"><figure><img loading=\"lazy\" width=\"1024\" height=\"607\" src=\"https:\/\/www.uta.cl\/wp-content\/uploads\/2025\/06\/1-1024x607.jpg\" alt=\"\" data-id=\"67550\" data-full-url=\"https:\/\/www.uta.cl\/wp-content\/uploads\/2025\/06\/1.jpg\" data-link=\"https:\/\/www.uta.cl\/?attachment_id=67550\" class=\"wp-image-67550\" srcset=\"https:\/\/www.uta.cl\/wp-content\/uploads\/2025\/06\/1-1024x607.jpg 1024w, https:\/\/www.uta.cl\/wp-content\/uploads\/2025\/06\/1-300x178.jpg 300w, https:\/\/www.uta.cl\/wp-content\/uploads\/2025\/06\/1-768x455.jpg 768w, https:\/\/www.uta.cl\/wp-content\/uploads\/2025\/06\/1.jpg 1089w\" sizes=\"(max-width: 1024px) 100vw, 1024px\" \/><\/figure><\/li><li class=\"blocks-gallery-item\"><figure><img loading=\"lazy\" width=\"1024\" height=\"537\" src=\"https:\/\/www.uta.cl\/wp-content\/uploads\/2025\/06\/2-1024x537.jpg\" alt=\"\" data-id=\"67551\" data-full-url=\"https:\/\/www.uta.cl\/wp-content\/uploads\/2025\/06\/2.jpg\" data-link=\"https:\/\/www.uta.cl\/?attachment_id=67551\" class=\"wp-image-67551\" srcset=\"https:\/\/www.uta.cl\/wp-content\/uploads\/2025\/06\/2-1024x537.jpg 1024w, https:\/\/www.uta.cl\/wp-content\/uploads\/2025\/06\/2-300x157.jpg 300w, https:\/\/www.uta.cl\/wp-content\/uploads\/2025\/06\/2-768x403.jpg 768w, https:\/\/www.uta.cl\/wp-content\/uploads\/2025\/06\/2.jpg 1235w\" sizes=\"(max-width: 1024px) 100vw, 1024px\" \/><\/figure><\/li><\/ul><\/figure>\n\n\n\n<p><strong>Para revisar la Cuenta P\u00fablica Participativa UTA 2024, ingrese al siguiente enlace: <\/strong><a href=\"https:\/\/youtu.be\/Gtmz5J_rOBQ?si=EWygdY86CFR2nRO9\">https:\/\/youtu.be\/Gtmz5J_rOBQ?si=EWygdY86CFR2nRO9<\/a><\/p>\n\n\n\n<p><\/p>\n","protected":false},"excerpt":{"rendered":"<p>La UTA destac\u00f3 en su Cuenta P\u00fablica Participativa 2024 una retenci\u00f3n de primer a\u00f1o del 88,4%, un r\u00e9cord de 19 proyectos Fondecyt, m\u00e1s de 970 publicaciones Scopus y un patrimonio de 250 mil millones de pesos, consolid\u00e1ndose como l\u00edder en excelencia acad\u00e9mica y solidez financiera en el norte de Chile.<\/p>\n","protected":false},"author":13,"featured_media":67551,"comment_status":"open","ping_status":"open","sticky":false,"template":"","format":"standard","meta":[],"categories":[315,316],"tags":[],"_links":{"self":[{"href":"https:\/\/www.uta.cl\/index.php\/wp-json\/wp\/v2\/posts\/67549"}],"collection":[{"href":"https:\/\/www.uta.cl\/index.php\/wp-json\/wp\/v2\/posts"}],"about":[{"href":"https:\/\/www.uta.cl\/index.php\/wp-json\/wp\/v2\/types\/post"}],"author":[{"embeddable":true,"href":"https:\/\/www.uta.cl\/index.php\/wp-json\/wp\/v2\/users\/13"}],"replies":[{"embeddable":true,"href":"https:\/\/www.uta.cl\/index.php\/wp-json\/wp\/v2\/comments?post=67549"}],"version-history":[{"count":3,"href":"https:\/\/www.uta.cl\/index.php\/wp-json\/wp\/v2\/posts\/67549\/revisions"}],"predecessor-version":[{"id":67586,"href":"https:\/\/www.uta.cl\/index.php\/wp-json\/wp\/v2\/posts\/67549\/revisions\/67586"}],"wp:featuredmedia":[{"embeddable":true,"href":"https:\/\/www.uta.cl\/index.php\/wp-json\/wp\/v2\/media\/67551"}],"wp:attachment":[{"href":"https:\/\/www.uta.cl\/index.php\/wp-json\/wp\/v2\/media?parent=67549"}],"wp:term":[{"taxonomy":"category","embeddable":true,"href":"https:\/\/www.uta.cl\/index.php\/wp-json\/wp\/v2\/categories?post=67549"},{"taxonomy":"post_tag","embeddable":true,"href":"https:\/\/www.uta.cl\/index.php\/wp-json\/wp\/v2\/tags?post=67549"}],"curies":[{"name":"wp","href":"https:\/\/api.w.org\/{rel}","templated":true}]}}