{"id":67379,"date":"2025-05-28T18:50:13","date_gmt":"2025-05-28T18:50:13","guid":{"rendered":"https:\/\/www.uta.cl\/?p=67379"},"modified":"2025-05-28T18:50:20","modified_gmt":"2025-05-28T18:50:20","slug":"universidad-de-tarapaca-participa-en-foro-sobre-la-importancia-de-la-reinsercion-social-juvenil-en-la-region","status":"publish","type":"post","link":"https:\/\/www.uta.cl\/index.php\/2025\/05\/28\/universidad-de-tarapaca-participa-en-foro-sobre-la-importancia-de-la-reinsercion-social-juvenil-en-la-region\/","title":{"rendered":"Universidad de Tarapac\u00e1 participa en foro sobre la importancia de la reinserci\u00f3n social juvenil en la regi\u00f3n"},"content":{"rendered":"\n<p>Gracias al trabajo colaborativo entre el Servicio Nacional de Reinserci\u00f3n Social Juvenil de Arica y Parinacota y la Universidad de Tarapac\u00e1, se llev\u00f3 a cabo el foro \u201cLa importancia de la reinserci\u00f3n social juvenil en la regi\u00f3n\u201d.<\/p>\n\n\n\n<p>El evento reuni\u00f3 a m\u00e1s de 85 personas vinculadas a la reinserci\u00f3n social juvenil, incluida la seremi de Justicia y Derechos Humanos, Ana Vargas. Los asistentes tambi\u00e9n pudieron conocer la presentaci\u00f3n de la directora nacional del Servicio de Reinserci\u00f3n Social Juvenil, Roc\u00edo Fa\u00fandez, quien abord\u00f3 los principales desaf\u00edos del servicio y destac\u00f3 la relevancia de la reinserci\u00f3n social.<\/p>\n\n\n\n<p>El panel de expertos estuvo compuesto por Sergio Zenteno, Defensor Regional; Mario Carrera, Fiscal Regional y Karen Medina, directora regional de Reinserci\u00f3n Social Juvenil de Arica. En representaci\u00f3n de la UTA, particip\u00f3 el Dr. Isaac Ravetllat, director del Observatorio de Derechos de Ni\u00f1os, Ni\u00f1as y Adolescentes y acad\u00e9mico de esta Casa de Estudios Superiores.<\/p>\n\n\n\n<figure class=\"wp-block-gallery columns-3 is-cropped\"><ul class=\"blocks-gallery-grid\"><li class=\"blocks-gallery-item\"><figure><a href=\"https:\/\/www.uta.cl\/wp-content\/uploads\/2025\/05\/4.jpeg\"><img loading=\"lazy\" width=\"1024\" height=\"768\" src=\"https:\/\/www.uta.cl\/wp-content\/uploads\/2025\/05\/4-1024x768.jpeg\" alt=\"\" data-id=\"67380\" data-full-url=\"https:\/\/www.uta.cl\/wp-content\/uploads\/2025\/05\/4.jpeg\" data-link=\"https:\/\/www.uta.cl\/?attachment_id=67380\" class=\"wp-image-67380\" srcset=\"https:\/\/www.uta.cl\/wp-content\/uploads\/2025\/05\/4-1024x768.jpeg 1024w, https:\/\/www.uta.cl\/wp-content\/uploads\/2025\/05\/4-300x225.jpeg 300w, https:\/\/www.uta.cl\/wp-content\/uploads\/2025\/05\/4-768x576.jpeg 768w, https:\/\/www.uta.cl\/wp-content\/uploads\/2025\/05\/4.jpeg 1280w\" sizes=\"(max-width: 1024px) 100vw, 1024px\" \/><\/a><\/figure><\/li><li class=\"blocks-gallery-item\"><figure><a href=\"https:\/\/www.uta.cl\/wp-content\/uploads\/2025\/05\/WhatsApp-Image-2025-05-28-at-10.31.50.jpeg\"><img loading=\"lazy\" width=\"1024\" height=\"768\" src=\"https:\/\/www.uta.cl\/wp-content\/uploads\/2025\/05\/WhatsApp-Image-2025-05-28-at-10.31.50-1024x768.jpeg\" alt=\"\" data-id=\"67382\" data-full-url=\"https:\/\/www.uta.cl\/wp-content\/uploads\/2025\/05\/WhatsApp-Image-2025-05-28-at-10.31.50.jpeg\" data-link=\"https:\/\/www.uta.cl\/?attachment_id=67382\" class=\"wp-image-67382\" srcset=\"https:\/\/www.uta.cl\/wp-content\/uploads\/2025\/05\/WhatsApp-Image-2025-05-28-at-10.31.50-1024x768.jpeg 1024w, https:\/\/www.uta.cl\/wp-content\/uploads\/2025\/05\/WhatsApp-Image-2025-05-28-at-10.31.50-300x225.jpeg 300w, https:\/\/www.uta.cl\/wp-content\/uploads\/2025\/05\/WhatsApp-Image-2025-05-28-at-10.31.50-768x576.jpeg 768w, https:\/\/www.uta.cl\/wp-content\/uploads\/2025\/05\/WhatsApp-Image-2025-05-28-at-10.31.50.jpeg 1280w\" sizes=\"(max-width: 1024px) 100vw, 1024px\" \/><\/a><\/figure><\/li><li class=\"blocks-gallery-item\"><figure><a href=\"https:\/\/www.uta.cl\/wp-content\/uploads\/2025\/05\/WhatsApp-Image-2025-05-28-at-10.31.51.jpeg\"><img loading=\"lazy\" width=\"1024\" height=\"768\" src=\"https:\/\/www.uta.cl\/wp-content\/uploads\/2025\/05\/WhatsApp-Image-2025-05-28-at-10.31.51-1024x768.jpeg\" alt=\"\" data-id=\"67383\" data-full-url=\"https:\/\/www.uta.cl\/wp-content\/uploads\/2025\/05\/WhatsApp-Image-2025-05-28-at-10.31.51.jpeg\" data-link=\"https:\/\/www.uta.cl\/?attachment_id=67383\" class=\"wp-image-67383\" srcset=\"https:\/\/www.uta.cl\/wp-content\/uploads\/2025\/05\/WhatsApp-Image-2025-05-28-at-10.31.51-1024x768.jpeg 1024w, https:\/\/www.uta.cl\/wp-content\/uploads\/2025\/05\/WhatsApp-Image-2025-05-28-at-10.31.51-300x225.jpeg 300w, https:\/\/www.uta.cl\/wp-content\/uploads\/2025\/05\/WhatsApp-Image-2025-05-28-at-10.31.51-768x576.jpeg 768w, https:\/\/www.uta.cl\/wp-content\/uploads\/2025\/05\/WhatsApp-Image-2025-05-28-at-10.31.51.jpeg 1280w\" sizes=\"(max-width: 1024px) 100vw, 1024px\" \/><\/a><\/figure><\/li><li class=\"blocks-gallery-item\"><figure><a href=\"https:\/\/www.uta.cl\/wp-content\/uploads\/2025\/05\/foto-central-6.jpeg\"><img loading=\"lazy\" width=\"1024\" height=\"768\" src=\"https:\/\/www.uta.cl\/wp-content\/uploads\/2025\/05\/foto-central-6-1024x768.jpeg\" alt=\"\" data-id=\"67381\" data-full-url=\"https:\/\/www.uta.cl\/wp-content\/uploads\/2025\/05\/foto-central-6.jpeg\" data-link=\"https:\/\/www.uta.cl\/?attachment_id=67381\" class=\"wp-image-67381\" srcset=\"https:\/\/www.uta.cl\/wp-content\/uploads\/2025\/05\/foto-central-6-1024x768.jpeg 1024w, https:\/\/www.uta.cl\/wp-content\/uploads\/2025\/05\/foto-central-6-300x225.jpeg 300w, https:\/\/www.uta.cl\/wp-content\/uploads\/2025\/05\/foto-central-6-768x576.jpeg 768w, https:\/\/www.uta.cl\/wp-content\/uploads\/2025\/05\/foto-central-6.jpeg 1280w\" sizes=\"(max-width: 1024px) 100vw, 1024px\" \/><\/a><\/figure><\/li><\/ul><\/figure>\n","protected":false},"excerpt":{"rendered":"<p>Gracias al trabajo colaborativo entre el Servicio Nacional de Reinserci\u00f3n Social Juvenil de Arica y Parinacota y la Universidad de Tarapac\u00e1, se llev\u00f3 a cabo el foro \u201cLa importancia de la reinserci\u00f3n social juvenil en la regi\u00f3n\u201d. El evento reuni\u00f3 a m\u00e1s de 85 personas vinculadas a la reinserci\u00f3n social juvenil, incluida la seremi de [&hellip;]<\/p>\n","protected":false},"author":13,"featured_media":67381,"comment_status":"open","ping_status":"open","sticky":false,"template":"","format":"standard","meta":[],"categories":[318],"tags":[],"_links":{"self":[{"href":"https:\/\/www.uta.cl\/index.php\/wp-json\/wp\/v2\/posts\/67379"}],"collection":[{"href":"https:\/\/www.uta.cl\/index.php\/wp-json\/wp\/v2\/posts"}],"about":[{"href":"https:\/\/www.uta.cl\/index.php\/wp-json\/wp\/v2\/types\/post"}],"author":[{"embeddable":true,"href":"https:\/\/www.uta.cl\/index.php\/wp-json\/wp\/v2\/users\/13"}],"replies":[{"embeddable":true,"href":"https:\/\/www.uta.cl\/index.php\/wp-json\/wp\/v2\/comments?post=67379"}],"version-history":[{"count":1,"href":"https:\/\/www.uta.cl\/index.php\/wp-json\/wp\/v2\/posts\/67379\/revisions"}],"predecessor-version":[{"id":67384,"href":"https:\/\/www.uta.cl\/index.php\/wp-json\/wp\/v2\/posts\/67379\/revisions\/67384"}],"wp:featuredmedia":[{"embeddable":true,"href":"https:\/\/www.uta.cl\/index.php\/wp-json\/wp\/v2\/media\/67381"}],"wp:attachment":[{"href":"https:\/\/www.uta.cl\/index.php\/wp-json\/wp\/v2\/media?parent=67379"}],"wp:term":[{"taxonomy":"category","embeddable":true,"href":"https:\/\/www.uta.cl\/index.php\/wp-json\/wp\/v2\/categories?post=67379"},{"taxonomy":"post_tag","embeddable":true,"href":"https:\/\/www.uta.cl\/index.php\/wp-json\/wp\/v2\/tags?post=67379"}],"curies":[{"name":"wp","href":"https:\/\/api.w.org\/{rel}","templated":true}]}}