{"id":67324,"date":"2025-05-28T13:30:45","date_gmt":"2025-05-28T13:30:45","guid":{"rendered":"https:\/\/www.uta.cl\/?p=67324"},"modified":"2025-05-28T13:30:52","modified_gmt":"2025-05-28T13:30:52","slug":"estudiantes-del-liceo-bicentenario-jovina-naranjo-reciben-informacion-sobre-admision-a-la-uta","status":"publish","type":"post","link":"https:\/\/www.uta.cl\/index.php\/2025\/05\/28\/estudiantes-del-liceo-bicentenario-jovina-naranjo-reciben-informacion-sobre-admision-a-la-uta\/","title":{"rendered":"Estudiantes del Liceo Bicentenario Jovina Naranjo reciben informaci\u00f3n sobre admisi\u00f3n a la UTA"},"content":{"rendered":"\n<p>Estudiantes de 2\u00b0 Medio del Liceo Bicentenario Jovina Naranjo Fern\u00e1ndez (A-5) participaron en una charla de admisi\u00f3n a la Universidad de Tarapac\u00e1, organizada por el Programa PACE. La charla estuvo encabezada por la directora de Admisi\u00f3n y Comunicaciones Estrat\u00e9gicas, Dra. Daniela Gonz\u00e1lez Erber, y por el profesional Jorge Manr\u00edquez Picero.<\/p>\n\n\n\n<p>Durante la charla, las y los estudiantes conocieron la oferta acad\u00e9mica, los puntajes requeridos y los beneficios disponibles para el ingreso a la Universidad de Tarapac\u00e1.<\/p>\n\n\n\n<figure class=\"wp-block-gallery columns-2 is-cropped\"><ul class=\"blocks-gallery-grid\"><li class=\"blocks-gallery-item\"><figure><a href=\"https:\/\/www.uta.cl\/wp-content\/uploads\/2025\/05\/IMG_1680-scaled.jpg\"><img loading=\"lazy\" width=\"1024\" height=\"683\" src=\"https:\/\/www.uta.cl\/wp-content\/uploads\/2025\/05\/IMG_1680-1024x683.jpg\" alt=\"\" data-id=\"67328\" data-full-url=\"https:\/\/www.uta.cl\/wp-content\/uploads\/2025\/05\/IMG_1680-scaled.jpg\" data-link=\"https:\/\/www.uta.cl\/?attachment_id=67328\" class=\"wp-image-67328\" srcset=\"https:\/\/www.uta.cl\/wp-content\/uploads\/2025\/05\/IMG_1680-1024x683.jpg 1024w, https:\/\/www.uta.cl\/wp-content\/uploads\/2025\/05\/IMG_1680-300x200.jpg 300w, https:\/\/www.uta.cl\/wp-content\/uploads\/2025\/05\/IMG_1680-768x512.jpg 768w, https:\/\/www.uta.cl\/wp-content\/uploads\/2025\/05\/IMG_1680-1536x1024.jpg 1536w, https:\/\/www.uta.cl\/wp-content\/uploads\/2025\/05\/IMG_1680-2048x1365.jpg 2048w\" sizes=\"(max-width: 1024px) 100vw, 1024px\" \/><\/a><\/figure><\/li><li class=\"blocks-gallery-item\"><figure><a href=\"https:\/\/www.uta.cl\/wp-content\/uploads\/2025\/05\/IMG_1675-scaled.jpg\"><img loading=\"lazy\" width=\"1024\" height=\"683\" src=\"https:\/\/www.uta.cl\/wp-content\/uploads\/2025\/05\/IMG_1675-1024x683.jpg\" alt=\"\" data-id=\"67327\" data-full-url=\"https:\/\/www.uta.cl\/wp-content\/uploads\/2025\/05\/IMG_1675-scaled.jpg\" data-link=\"https:\/\/www.uta.cl\/?attachment_id=67327\" class=\"wp-image-67327\" srcset=\"https:\/\/www.uta.cl\/wp-content\/uploads\/2025\/05\/IMG_1675-1024x683.jpg 1024w, https:\/\/www.uta.cl\/wp-content\/uploads\/2025\/05\/IMG_1675-300x200.jpg 300w, https:\/\/www.uta.cl\/wp-content\/uploads\/2025\/05\/IMG_1675-768x512.jpg 768w, https:\/\/www.uta.cl\/wp-content\/uploads\/2025\/05\/IMG_1675-1536x1024.jpg 1536w, https:\/\/www.uta.cl\/wp-content\/uploads\/2025\/05\/IMG_1675-2048x1365.jpg 2048w\" sizes=\"(max-width: 1024px) 100vw, 1024px\" \/><\/a><\/figure><\/li><li class=\"blocks-gallery-item\"><figure><a href=\"https:\/\/www.uta.cl\/wp-content\/uploads\/2025\/05\/foto-central-5.jpeg\"><img loading=\"lazy\" width=\"1024\" height=\"768\" src=\"https:\/\/www.uta.cl\/wp-content\/uploads\/2025\/05\/foto-central-5-1024x768.jpeg\" alt=\"\" data-id=\"67325\" data-full-url=\"https:\/\/www.uta.cl\/wp-content\/uploads\/2025\/05\/foto-central-5.jpeg\" data-link=\"https:\/\/www.uta.cl\/?attachment_id=67325\" class=\"wp-image-67325\" srcset=\"https:\/\/www.uta.cl\/wp-content\/uploads\/2025\/05\/foto-central-5-1024x768.jpeg 1024w, https:\/\/www.uta.cl\/wp-content\/uploads\/2025\/05\/foto-central-5-300x225.jpeg 300w, https:\/\/www.uta.cl\/wp-content\/uploads\/2025\/05\/foto-central-5-768x576.jpeg 768w, https:\/\/www.uta.cl\/wp-content\/uploads\/2025\/05\/foto-central-5.jpeg 1280w\" sizes=\"(max-width: 1024px) 100vw, 1024px\" \/><\/a><\/figure><\/li><li class=\"blocks-gallery-item\"><figure><a href=\"https:\/\/www.uta.cl\/wp-content\/uploads\/2025\/05\/IMG_1658-scaled.jpg\"><img loading=\"lazy\" width=\"1024\" height=\"683\" src=\"https:\/\/www.uta.cl\/wp-content\/uploads\/2025\/05\/IMG_1658-1024x683.jpg\" alt=\"\" data-id=\"67326\" data-full-url=\"https:\/\/www.uta.cl\/wp-content\/uploads\/2025\/05\/IMG_1658-scaled.jpg\" data-link=\"https:\/\/www.uta.cl\/?attachment_id=67326\" class=\"wp-image-67326\" srcset=\"https:\/\/www.uta.cl\/wp-content\/uploads\/2025\/05\/IMG_1658-1024x683.jpg 1024w, https:\/\/www.uta.cl\/wp-content\/uploads\/2025\/05\/IMG_1658-300x200.jpg 300w, https:\/\/www.uta.cl\/wp-content\/uploads\/2025\/05\/IMG_1658-768x512.jpg 768w, https:\/\/www.uta.cl\/wp-content\/uploads\/2025\/05\/IMG_1658-1536x1024.jpg 1536w, https:\/\/www.uta.cl\/wp-content\/uploads\/2025\/05\/IMG_1658-2048x1365.jpg 2048w\" sizes=\"(max-width: 1024px) 100vw, 1024px\" \/><\/a><\/figure><\/li><li class=\"blocks-gallery-item\"><figure><a href=\"https:\/\/www.uta.cl\/wp-content\/uploads\/2025\/05\/WhatsApp-Image-2025-05-23-at-14.28.30-2.jpeg\"><img loading=\"lazy\" width=\"1024\" height=\"590\" src=\"https:\/\/www.uta.cl\/wp-content\/uploads\/2025\/05\/WhatsApp-Image-2025-05-23-at-14.28.30-2-1024x590.jpeg\" alt=\"\" data-id=\"67329\" data-full-url=\"https:\/\/www.uta.cl\/wp-content\/uploads\/2025\/05\/WhatsApp-Image-2025-05-23-at-14.28.30-2.jpeg\" data-link=\"https:\/\/www.uta.cl\/?attachment_id=67329\" class=\"wp-image-67329\" srcset=\"https:\/\/www.uta.cl\/wp-content\/uploads\/2025\/05\/WhatsApp-Image-2025-05-23-at-14.28.30-2-1024x590.jpeg 1024w, https:\/\/www.uta.cl\/wp-content\/uploads\/2025\/05\/WhatsApp-Image-2025-05-23-at-14.28.30-2-300x173.jpeg 300w, https:\/\/www.uta.cl\/wp-content\/uploads\/2025\/05\/WhatsApp-Image-2025-05-23-at-14.28.30-2-768x442.jpeg 768w, https:\/\/www.uta.cl\/wp-content\/uploads\/2025\/05\/WhatsApp-Image-2025-05-23-at-14.28.30-2.jpeg 1280w\" sizes=\"(max-width: 1024px) 100vw, 1024px\" \/><\/a><\/figure><\/li><\/ul><\/figure>\n","protected":false},"excerpt":{"rendered":"<p>Estudiantes de 2\u00b0 Medio del Liceo Bicentenario Jovina Naranjo Fern\u00e1ndez (A-5) participaron en una charla de admisi\u00f3n a la Universidad de Tarapac\u00e1, organizada por el Programa PACE. La charla estuvo encabezada por la directora de Admisi\u00f3n y Comunicaciones Estrat\u00e9gicas, Dra. Daniela Gonz\u00e1lez Erber, y por el profesional Jorge Manr\u00edquez Picero. Durante la charla, las y [&hellip;]<\/p>\n","protected":false},"author":13,"featured_media":67325,"comment_status":"open","ping_status":"open","sticky":false,"template":"","format":"standard","meta":[],"categories":[318],"tags":[],"_links":{"self":[{"href":"https:\/\/www.uta.cl\/index.php\/wp-json\/wp\/v2\/posts\/67324"}],"collection":[{"href":"https:\/\/www.uta.cl\/index.php\/wp-json\/wp\/v2\/posts"}],"about":[{"href":"https:\/\/www.uta.cl\/index.php\/wp-json\/wp\/v2\/types\/post"}],"author":[{"embeddable":true,"href":"https:\/\/www.uta.cl\/index.php\/wp-json\/wp\/v2\/users\/13"}],"replies":[{"embeddable":true,"href":"https:\/\/www.uta.cl\/index.php\/wp-json\/wp\/v2\/comments?post=67324"}],"version-history":[{"count":1,"href":"https:\/\/www.uta.cl\/index.php\/wp-json\/wp\/v2\/posts\/67324\/revisions"}],"predecessor-version":[{"id":67330,"href":"https:\/\/www.uta.cl\/index.php\/wp-json\/wp\/v2\/posts\/67324\/revisions\/67330"}],"wp:featuredmedia":[{"embeddable":true,"href":"https:\/\/www.uta.cl\/index.php\/wp-json\/wp\/v2\/media\/67325"}],"wp:attachment":[{"href":"https:\/\/www.uta.cl\/index.php\/wp-json\/wp\/v2\/media?parent=67324"}],"wp:term":[{"taxonomy":"category","embeddable":true,"href":"https:\/\/www.uta.cl\/index.php\/wp-json\/wp\/v2\/categories?post=67324"},{"taxonomy":"post_tag","embeddable":true,"href":"https:\/\/www.uta.cl\/index.php\/wp-json\/wp\/v2\/tags?post=67324"}],"curies":[{"name":"wp","href":"https:\/\/api.w.org\/{rel}","templated":true}]}}