{"id":67246,"date":"2025-05-26T15:33:18","date_gmt":"2025-05-26T15:33:18","guid":{"rendered":"https:\/\/www.uta.cl\/?p=67246"},"modified":"2025-05-26T15:33:24","modified_gmt":"2025-05-26T15:33:24","slug":"vocacion-de-servicio-y-compromiso-con-la-comunidad-uta-clausura-operacion-renta-2025-de-la-carrera-de-contador-auditor-contador-publico","status":"publish","type":"post","link":"https:\/\/www.uta.cl\/index.php\/2025\/05\/26\/vocacion-de-servicio-y-compromiso-con-la-comunidad-uta-clausura-operacion-renta-2025-de-la-carrera-de-contador-auditor-contador-publico\/","title":{"rendered":"Vocaci\u00f3n de servicio y compromiso con la comunidad: UTA clausura Operaci\u00f3n Renta 2025 de la carrera de Contador Auditor-Contador P\u00fablico"},"content":{"rendered":"\n<p>Con una emotiva ceremonia realizada el viernes 16 de mayo, en la sala de eventos de la Facultad de Administraci\u00f3n y Econom\u00eda (FAE) de la Universidad de Tarapac\u00e1 (UTA), se dio por finalizada la participaci\u00f3n de los estudiantes de la carrera de Contador Auditor-Contador P\u00fablico en la Operaci\u00f3n Renta 2025. Esta iniciativa, desarrollada en abril en colaboraci\u00f3n con el Servicio de Impuestos Internos (SII), permiti\u00f3 brindar asistencia tributaria gratuita a contribuyentes de segunda categor\u00eda en la Regi\u00f3n de Arica y Parinacota.<\/p>\n\n\n\n<p>El decano de la Facultad de Administraci\u00f3n y Econom\u00eda, Luis Mella Salinas, abri\u00f3 la jornada destacando la relevancia de esta actividad: \u201cDesde 2015, gracias a un convenio de colaboraci\u00f3n entre la FAE y el SII, nuestros estudiantes demuestran su vocaci\u00f3n de servicio y compromiso social al apoyar a la comunidad en sus declaraciones de renta, fortaleciendo su formaci\u00f3n profesional\u201d.<\/p>\n\n\n\n<p>Por su parte, el director regional del SII, Orlando Godoy, felicit\u00f3 a los estudiantes por su desempe\u00f1o t\u00e9cnico y sus habilidades blandas, reflejando el alto nivel de la carrera en la UTA. \u201cSu dedicaci\u00f3n es un ejemplo del impacto positivo que pueden tener los futuros profesionales en la sociedad\u201d, afirm\u00f3.<\/p>\n\n\n\n<p>En representaci\u00f3n de sus compa\u00f1eros, Loreto L\u00f3pez, estudiante de quinto a\u00f1o, motiv\u00f3 a las nuevas generaciones a sumarse a esta experiencia en 2026, destacando su valor tanto en el aprendizaje pr\u00e1ctico como en el v\u00ednculo de los futuros profesionales con las necesidades reales de la comunidad.<\/p>\n\n\n\n<p>El jefe de Atenci\u00f3n al Contribuyente del SII, Marcelo Viveros, agradeci\u00f3 el entusiasmo, dedicaci\u00f3n y responsabilidad de los estudiantes en todo el proceso, entregando un obsequio simb\u00f3lico al Centro de Estudiantes de Auditor\u00eda, gesto recibido con emoci\u00f3n y gratitud.<\/p>\n\n\n\n<p>La jefa de carrera, Sof\u00eda Chura, cerr\u00f3 la ceremonia destacando la importancia de la actividad de Operaci\u00f3n Renta: \u201cEsta actividad se ha consolidado como un pilar del plan formativo, permitiendo a los estudiantes aplicar conocimientos, desarrollar competencias transversales y contribuir al bienestar colectivo desde la profesi\u00f3n contable\u201d.<\/p>\n\n\n\n<figure class=\"wp-block-gallery columns-3 is-cropped\"><ul class=\"blocks-gallery-grid\"><li class=\"blocks-gallery-item\"><figure><a href=\"https:\/\/www.uta.cl\/wp-content\/uploads\/2025\/05\/decano-scaled.jpg\"><img loading=\"lazy\" width=\"1024\" height=\"768\" src=\"https:\/\/www.uta.cl\/wp-content\/uploads\/2025\/05\/decano-1024x768.jpg\" alt=\"\" data-id=\"67247\" data-full-url=\"https:\/\/www.uta.cl\/wp-content\/uploads\/2025\/05\/decano-scaled.jpg\" data-link=\"https:\/\/www.uta.cl\/?attachment_id=67247\" class=\"wp-image-67247\" srcset=\"https:\/\/www.uta.cl\/wp-content\/uploads\/2025\/05\/decano-1024x768.jpg 1024w, https:\/\/www.uta.cl\/wp-content\/uploads\/2025\/05\/decano-300x225.jpg 300w, https:\/\/www.uta.cl\/wp-content\/uploads\/2025\/05\/decano-768x576.jpg 768w, https:\/\/www.uta.cl\/wp-content\/uploads\/2025\/05\/decano-1536x1152.jpg 1536w, https:\/\/www.uta.cl\/wp-content\/uploads\/2025\/05\/decano-2048x1536.jpg 2048w\" sizes=\"(max-width: 1024px) 100vw, 1024px\" \/><\/a><\/figure><\/li><li class=\"blocks-gallery-item\"><figure><a href=\"https:\/\/www.uta.cl\/wp-content\/uploads\/2025\/05\/director-sii-scaled.jpg\"><img loading=\"lazy\" width=\"1024\" height=\"478\" src=\"https:\/\/www.uta.cl\/wp-content\/uploads\/2025\/05\/director-sii-1024x478.jpg\" alt=\"\" data-id=\"67248\" data-full-url=\"https:\/\/www.uta.cl\/wp-content\/uploads\/2025\/05\/director-sii-scaled.jpg\" data-link=\"https:\/\/www.uta.cl\/?attachment_id=67248\" class=\"wp-image-67248\" srcset=\"https:\/\/www.uta.cl\/wp-content\/uploads\/2025\/05\/director-sii-1024x478.jpg 1024w, https:\/\/www.uta.cl\/wp-content\/uploads\/2025\/05\/director-sii-300x140.jpg 300w, https:\/\/www.uta.cl\/wp-content\/uploads\/2025\/05\/director-sii-768x359.jpg 768w, https:\/\/www.uta.cl\/wp-content\/uploads\/2025\/05\/director-sii-1536x717.jpg 1536w, https:\/\/www.uta.cl\/wp-content\/uploads\/2025\/05\/director-sii-2048x956.jpg 2048w\" sizes=\"(max-width: 1024px) 100vw, 1024px\" \/><\/a><\/figure><\/li><li class=\"blocks-gallery-item\"><figure><a href=\"https:\/\/www.uta.cl\/wp-content\/uploads\/2025\/05\/estudiante-5to-an\u0303o-scaled.jpg\"><img loading=\"lazy\" width=\"1024\" height=\"478\" src=\"https:\/\/www.uta.cl\/wp-content\/uploads\/2025\/05\/estudiante-5to-an\u0303o-1024x478.jpg\" alt=\"\" data-id=\"67249\" data-full-url=\"https:\/\/www.uta.cl\/wp-content\/uploads\/2025\/05\/estudiante-5to-an\u0303o-scaled.jpg\" data-link=\"https:\/\/www.uta.cl\/?attachment_id=67249\" class=\"wp-image-67249\" srcset=\"https:\/\/www.uta.cl\/wp-content\/uploads\/2025\/05\/estudiante-5to-an\u0303o-1024x478.jpg 1024w, https:\/\/www.uta.cl\/wp-content\/uploads\/2025\/05\/estudiante-5to-an\u0303o-300x140.jpg 300w, https:\/\/www.uta.cl\/wp-content\/uploads\/2025\/05\/estudiante-5to-an\u0303o-768x359.jpg 768w, https:\/\/www.uta.cl\/wp-content\/uploads\/2025\/05\/estudiante-5to-an\u0303o-1536x717.jpg 1536w, https:\/\/www.uta.cl\/wp-content\/uploads\/2025\/05\/estudiante-5to-an\u0303o-2048x956.jpg 2048w\" sizes=\"(max-width: 1024px) 100vw, 1024px\" \/><\/a><\/figure><\/li><li class=\"blocks-gallery-item\"><figure><a href=\"https:\/\/www.uta.cl\/wp-content\/uploads\/2025\/05\/foto-central-4.jpeg\"><img loading=\"lazy\" width=\"1024\" height=\"477\" src=\"https:\/\/www.uta.cl\/wp-content\/uploads\/2025\/05\/foto-central-4-1024x477.jpeg\" alt=\"\" data-id=\"67250\" data-full-url=\"https:\/\/www.uta.cl\/wp-content\/uploads\/2025\/05\/foto-central-4.jpeg\" data-link=\"https:\/\/www.uta.cl\/?attachment_id=67250\" class=\"wp-image-67250\" srcset=\"https:\/\/www.uta.cl\/wp-content\/uploads\/2025\/05\/foto-central-4-1024x477.jpeg 1024w, https:\/\/www.uta.cl\/wp-content\/uploads\/2025\/05\/foto-central-4-300x140.jpeg 300w, https:\/\/www.uta.cl\/wp-content\/uploads\/2025\/05\/foto-central-4-768x358.jpeg 768w, https:\/\/www.uta.cl\/wp-content\/uploads\/2025\/05\/foto-central-4-1536x716.jpeg 1536w, https:\/\/www.uta.cl\/wp-content\/uploads\/2025\/05\/foto-central-4.jpeg 1600w\" sizes=\"(max-width: 1024px) 100vw, 1024px\" \/><\/a><\/figure><\/li><li class=\"blocks-gallery-item\"><figure><a href=\"https:\/\/www.uta.cl\/wp-content\/uploads\/2025\/05\/jefe-de-asistencia-sii-scaled.jpg\"><img loading=\"lazy\" width=\"1024\" height=\"478\" src=\"https:\/\/www.uta.cl\/wp-content\/uploads\/2025\/05\/jefe-de-asistencia-sii-1024x478.jpg\" alt=\"\" data-id=\"67251\" data-full-url=\"https:\/\/www.uta.cl\/wp-content\/uploads\/2025\/05\/jefe-de-asistencia-sii-scaled.jpg\" data-link=\"https:\/\/www.uta.cl\/?attachment_id=67251\" class=\"wp-image-67251\" srcset=\"https:\/\/www.uta.cl\/wp-content\/uploads\/2025\/05\/jefe-de-asistencia-sii-1024x478.jpg 1024w, https:\/\/www.uta.cl\/wp-content\/uploads\/2025\/05\/jefe-de-asistencia-sii-300x140.jpg 300w, https:\/\/www.uta.cl\/wp-content\/uploads\/2025\/05\/jefe-de-asistencia-sii-768x359.jpg 768w, https:\/\/www.uta.cl\/wp-content\/uploads\/2025\/05\/jefe-de-asistencia-sii-1536x717.jpg 1536w, https:\/\/www.uta.cl\/wp-content\/uploads\/2025\/05\/jefe-de-asistencia-sii-2048x956.jpg 2048w\" sizes=\"(max-width: 1024px) 100vw, 1024px\" \/><\/a><\/figure><\/li><li class=\"blocks-gallery-item\"><figure><a href=\"https:\/\/www.uta.cl\/wp-content\/uploads\/2025\/05\/WhatsApp-Image-2025-05-17-at-11.39.09-AM.jpeg\"><img loading=\"lazy\" width=\"1024\" height=\"477\" src=\"https:\/\/www.uta.cl\/wp-content\/uploads\/2025\/05\/WhatsApp-Image-2025-05-17-at-11.39.09-AM-1024x477.jpeg\" alt=\"\" data-id=\"67252\" data-full-url=\"https:\/\/www.uta.cl\/wp-content\/uploads\/2025\/05\/WhatsApp-Image-2025-05-17-at-11.39.09-AM.jpeg\" data-link=\"https:\/\/www.uta.cl\/?attachment_id=67252\" class=\"wp-image-67252\" srcset=\"https:\/\/www.uta.cl\/wp-content\/uploads\/2025\/05\/WhatsApp-Image-2025-05-17-at-11.39.09-AM-1024x477.jpeg 1024w, https:\/\/www.uta.cl\/wp-content\/uploads\/2025\/05\/WhatsApp-Image-2025-05-17-at-11.39.09-AM-300x140.jpeg 300w, https:\/\/www.uta.cl\/wp-content\/uploads\/2025\/05\/WhatsApp-Image-2025-05-17-at-11.39.09-AM-768x358.jpeg 768w, https:\/\/www.uta.cl\/wp-content\/uploads\/2025\/05\/WhatsApp-Image-2025-05-17-at-11.39.09-AM-1536x716.jpeg 1536w, https:\/\/www.uta.cl\/wp-content\/uploads\/2025\/05\/WhatsApp-Image-2025-05-17-at-11.39.09-AM.jpeg 1600w\" sizes=\"(max-width: 1024px) 100vw, 1024px\" \/><\/a><\/figure><\/li><li class=\"blocks-gallery-item\"><figure><a href=\"https:\/\/www.uta.cl\/wp-content\/uploads\/2025\/05\/WhatsApp-Image-2025-05-17-at-11.41.41-AM.jpeg\"><img loading=\"lazy\" width=\"1024\" height=\"477\" src=\"https:\/\/www.uta.cl\/wp-content\/uploads\/2025\/05\/WhatsApp-Image-2025-05-17-at-11.41.41-AM-1024x477.jpeg\" alt=\"\" data-id=\"67253\" data-full-url=\"https:\/\/www.uta.cl\/wp-content\/uploads\/2025\/05\/WhatsApp-Image-2025-05-17-at-11.41.41-AM.jpeg\" data-link=\"https:\/\/www.uta.cl\/?attachment_id=67253\" class=\"wp-image-67253\" srcset=\"https:\/\/www.uta.cl\/wp-content\/uploads\/2025\/05\/WhatsApp-Image-2025-05-17-at-11.41.41-AM-1024x477.jpeg 1024w, https:\/\/www.uta.cl\/wp-content\/uploads\/2025\/05\/WhatsApp-Image-2025-05-17-at-11.41.41-AM-300x140.jpeg 300w, https:\/\/www.uta.cl\/wp-content\/uploads\/2025\/05\/WhatsApp-Image-2025-05-17-at-11.41.41-AM-768x358.jpeg 768w, https:\/\/www.uta.cl\/wp-content\/uploads\/2025\/05\/WhatsApp-Image-2025-05-17-at-11.41.41-AM-1536x716.jpeg 1536w, https:\/\/www.uta.cl\/wp-content\/uploads\/2025\/05\/WhatsApp-Image-2025-05-17-at-11.41.41-AM.jpeg 1600w\" sizes=\"(max-width: 1024px) 100vw, 1024px\" \/><\/a><\/figure><\/li><li class=\"blocks-gallery-item\"><figure><a href=\"https:\/\/www.uta.cl\/wp-content\/uploads\/2025\/05\/WhatsApp-Image-2025-05-17-at-11.42.40-AM.jpeg\"><img loading=\"lazy\" width=\"1024\" height=\"477\" src=\"https:\/\/www.uta.cl\/wp-content\/uploads\/2025\/05\/WhatsApp-Image-2025-05-17-at-11.42.40-AM-1024x477.jpeg\" alt=\"\" data-id=\"67254\" data-full-url=\"https:\/\/www.uta.cl\/wp-content\/uploads\/2025\/05\/WhatsApp-Image-2025-05-17-at-11.42.40-AM.jpeg\" data-link=\"https:\/\/www.uta.cl\/?attachment_id=67254\" class=\"wp-image-67254\" srcset=\"https:\/\/www.uta.cl\/wp-content\/uploads\/2025\/05\/WhatsApp-Image-2025-05-17-at-11.42.40-AM-1024x477.jpeg 1024w, https:\/\/www.uta.cl\/wp-content\/uploads\/2025\/05\/WhatsApp-Image-2025-05-17-at-11.42.40-AM-300x140.jpeg 300w, https:\/\/www.uta.cl\/wp-content\/uploads\/2025\/05\/WhatsApp-Image-2025-05-17-at-11.42.40-AM-768x358.jpeg 768w, https:\/\/www.uta.cl\/wp-content\/uploads\/2025\/05\/WhatsApp-Image-2025-05-17-at-11.42.40-AM-1536x716.jpeg 1536w, https:\/\/www.uta.cl\/wp-content\/uploads\/2025\/05\/WhatsApp-Image-2025-05-17-at-11.42.40-AM.jpeg 1600w\" sizes=\"(max-width: 1024px) 100vw, 1024px\" \/><\/a><\/figure><\/li><\/ul><\/figure>\n","protected":false},"excerpt":{"rendered":"<p>Encuentro permiti\u00f3 reconocer a las y los estudiantes por su desempe\u00f1o en este proceso donde se brind\u00f3 asistencia tributaria a contribuyentes de la Regi\u00f3n de Arica y Parinacota. <\/p>\n","protected":false},"author":13,"featured_media":67250,"comment_status":"open","ping_status":"open","sticky":false,"template":"","format":"standard","meta":[],"categories":[316,51],"tags":[],"_links":{"self":[{"href":"https:\/\/www.uta.cl\/index.php\/wp-json\/wp\/v2\/posts\/67246"}],"collection":[{"href":"https:\/\/www.uta.cl\/index.php\/wp-json\/wp\/v2\/posts"}],"about":[{"href":"https:\/\/www.uta.cl\/index.php\/wp-json\/wp\/v2\/types\/post"}],"author":[{"embeddable":true,"href":"https:\/\/www.uta.cl\/index.php\/wp-json\/wp\/v2\/users\/13"}],"replies":[{"embeddable":true,"href":"https:\/\/www.uta.cl\/index.php\/wp-json\/wp\/v2\/comments?post=67246"}],"version-history":[{"count":1,"href":"https:\/\/www.uta.cl\/index.php\/wp-json\/wp\/v2\/posts\/67246\/revisions"}],"predecessor-version":[{"id":67255,"href":"https:\/\/www.uta.cl\/index.php\/wp-json\/wp\/v2\/posts\/67246\/revisions\/67255"}],"wp:featuredmedia":[{"embeddable":true,"href":"https:\/\/www.uta.cl\/index.php\/wp-json\/wp\/v2\/media\/67250"}],"wp:attachment":[{"href":"https:\/\/www.uta.cl\/index.php\/wp-json\/wp\/v2\/media?parent=67246"}],"wp:term":[{"taxonomy":"category","embeddable":true,"href":"https:\/\/www.uta.cl\/index.php\/wp-json\/wp\/v2\/categories?post=67246"},{"taxonomy":"post_tag","embeddable":true,"href":"https:\/\/www.uta.cl\/index.php\/wp-json\/wp\/v2\/tags?post=67246"}],"curies":[{"name":"wp","href":"https:\/\/api.w.org\/{rel}","templated":true}]}}