{"id":67206,"date":"2025-05-23T13:14:58","date_gmt":"2025-05-23T13:14:58","guid":{"rendered":"https:\/\/www.uta.cl\/?p=67206"},"modified":"2025-05-23T13:15:06","modified_gmt":"2025-05-23T13:15:06","slug":"departamento-de-quimica-de-la-universidad-de-tarapaca-participa-en-el-dia-mundial-del-reciclaje","status":"publish","type":"post","link":"https:\/\/www.uta.cl\/index.php\/2025\/05\/23\/departamento-de-quimica-de-la-universidad-de-tarapaca-participa-en-el-dia-mundial-del-reciclaje\/","title":{"rendered":"Departamento de Qu\u00edmica de la Universidad de Tarapac\u00e1 participa en el D\u00eda Mundial del Reciclaje"},"content":{"rendered":"\n<p>El Departamento de Qu\u00edmica de la Universidad de Tarapac\u00e1 (UTA) particip\u00f3 en las actividades del D\u00eda Mundial del Reciclaje, organizadas por la Municipalidad de Arica y la Secretar\u00eda Ministerial Regional de Medio Ambiente. El evento, que incluy\u00f3 un seminario y una feria ambiental, se llev\u00f3 a cabo en el Campus Vel\u00e1squez de esta casa de estudios superiores.<\/p>\n\n\n\n<p>En la ocasi\u00f3n, el Departamento de Qu\u00edmica de la UTA particip\u00f3 con un stand donde present\u00f3 proyectos de investigaci\u00f3n y acciones educativas relacionadas con el reciclaje. Adem\u00e1s, estudiantes de la carrera de Ingenier\u00eda Qu\u00edmico Ambiental difundieron informaci\u00f3n sobre su programa acad\u00e9mico, cuyo perfil de egreso destaca una s\u00f3lida formaci\u00f3n en qu\u00edmica y ciencias ambientales. Esta carrera forma profesionales capacitados para desempe\u00f1arse en \u00e1reas como Ciencias Ambientales, Gesti\u00f3n Ambiental Integral e Investigaci\u00f3n Aplicada, con una visi\u00f3n integral del medio ambiente, un enfoque en el desarrollo sustentable y s\u00f3lidos valores \u00e9ticos que promueven la probidad, el respeto, la integraci\u00f3n intercultural y el compromiso con el desarrollo de la sociedad.<\/p>\n\n\n\n<p>Organizaciones como CampoLimpio, Entel, Coaniquem, Recycling PET, ReSimple, RECIMAT, Planeta Verde, Explora, Procitex, Prosust, North Clothes, ZOFRI y SolarTrust, junto a emprendedores locales, participaron en el evento, fortaleciendo una red de colaboraci\u00f3n para la sostenibilidad.<\/p>\n\n\n\n<figure class=\"wp-block-gallery columns-3 is-cropped\"><ul class=\"blocks-gallery-grid\"><li class=\"blocks-gallery-item\"><figure><a href=\"https:\/\/www.uta.cl\/wp-content\/uploads\/2025\/05\/MG_0385-scaled.jpg\"><img loading=\"lazy\" width=\"683\" height=\"1024\" src=\"https:\/\/www.uta.cl\/wp-content\/uploads\/2025\/05\/MG_0385-683x1024.jpg\" alt=\"\" data-id=\"67209\" data-full-url=\"https:\/\/www.uta.cl\/wp-content\/uploads\/2025\/05\/MG_0385-scaled.jpg\" data-link=\"https:\/\/www.uta.cl\/?attachment_id=67209\" class=\"wp-image-67209\" srcset=\"https:\/\/www.uta.cl\/wp-content\/uploads\/2025\/05\/MG_0385-683x1024.jpg 683w, https:\/\/www.uta.cl\/wp-content\/uploads\/2025\/05\/MG_0385-200x300.jpg 200w, https:\/\/www.uta.cl\/wp-content\/uploads\/2025\/05\/MG_0385-768x1152.jpg 768w, https:\/\/www.uta.cl\/wp-content\/uploads\/2025\/05\/MG_0385-1024x1536.jpg 1024w, https:\/\/www.uta.cl\/wp-content\/uploads\/2025\/05\/MG_0385-1365x2048.jpg 1365w, https:\/\/www.uta.cl\/wp-content\/uploads\/2025\/05\/MG_0385-scaled.jpg 1707w\" sizes=\"(max-width: 683px) 100vw, 683px\" \/><\/a><\/figure><\/li><li class=\"blocks-gallery-item\"><figure><a href=\"https:\/\/www.uta.cl\/wp-content\/uploads\/2025\/05\/3-1.jpg\"><img loading=\"lazy\" width=\"1024\" height=\"684\" src=\"https:\/\/www.uta.cl\/wp-content\/uploads\/2025\/05\/3-1-1024x684.jpg\" alt=\"\" data-id=\"67210\" data-full-url=\"https:\/\/www.uta.cl\/wp-content\/uploads\/2025\/05\/3-1.jpg\" data-link=\"https:\/\/www.uta.cl\/?attachment_id=67210\" class=\"wp-image-67210\" srcset=\"https:\/\/www.uta.cl\/wp-content\/uploads\/2025\/05\/3-1-1024x684.jpg 1024w, https:\/\/www.uta.cl\/wp-content\/uploads\/2025\/05\/3-1-300x200.jpg 300w, https:\/\/www.uta.cl\/wp-content\/uploads\/2025\/05\/3-1-768x513.jpg 768w, https:\/\/www.uta.cl\/wp-content\/uploads\/2025\/05\/3-1-1536x1025.jpg 1536w, https:\/\/www.uta.cl\/wp-content\/uploads\/2025\/05\/3-1.jpg 2048w\" sizes=\"(max-width: 1024px) 100vw, 1024px\" \/><\/a><\/figure><\/li><li class=\"blocks-gallery-item\"><figure><a href=\"https:\/\/www.uta.cl\/wp-content\/uploads\/2025\/05\/4-1.jpg\"><img loading=\"lazy\" width=\"1024\" height=\"684\" src=\"https:\/\/www.uta.cl\/wp-content\/uploads\/2025\/05\/4-1-1024x684.jpg\" alt=\"\" data-id=\"67211\" data-full-url=\"https:\/\/www.uta.cl\/wp-content\/uploads\/2025\/05\/4-1.jpg\" data-link=\"https:\/\/www.uta.cl\/?attachment_id=67211\" class=\"wp-image-67211\" srcset=\"https:\/\/www.uta.cl\/wp-content\/uploads\/2025\/05\/4-1-1024x684.jpg 1024w, https:\/\/www.uta.cl\/wp-content\/uploads\/2025\/05\/4-1-300x200.jpg 300w, https:\/\/www.uta.cl\/wp-content\/uploads\/2025\/05\/4-1-768x513.jpg 768w, https:\/\/www.uta.cl\/wp-content\/uploads\/2025\/05\/4-1-1536x1025.jpg 1536w, https:\/\/www.uta.cl\/wp-content\/uploads\/2025\/05\/4-1.jpg 2048w\" sizes=\"(max-width: 1024px) 100vw, 1024px\" \/><\/a><\/figure><\/li><li class=\"blocks-gallery-item\"><figure><a href=\"https:\/\/www.uta.cl\/wp-content\/uploads\/2025\/05\/IMG_4762-scaled.jpg\"><img loading=\"lazy\" width=\"1024\" height=\"683\" src=\"https:\/\/www.uta.cl\/wp-content\/uploads\/2025\/05\/IMG_4762-1024x683.jpg\" alt=\"\" data-id=\"67208\" data-full-url=\"https:\/\/www.uta.cl\/wp-content\/uploads\/2025\/05\/IMG_4762-scaled.jpg\" data-link=\"https:\/\/www.uta.cl\/?attachment_id=67208\" class=\"wp-image-67208\" srcset=\"https:\/\/www.uta.cl\/wp-content\/uploads\/2025\/05\/IMG_4762-1024x683.jpg 1024w, https:\/\/www.uta.cl\/wp-content\/uploads\/2025\/05\/IMG_4762-300x200.jpg 300w, https:\/\/www.uta.cl\/wp-content\/uploads\/2025\/05\/IMG_4762-768x512.jpg 768w, https:\/\/www.uta.cl\/wp-content\/uploads\/2025\/05\/IMG_4762-1536x1024.jpg 1536w, https:\/\/www.uta.cl\/wp-content\/uploads\/2025\/05\/IMG_4762-2048x1365.jpg 2048w\" sizes=\"(max-width: 1024px) 100vw, 1024px\" \/><\/a><\/figure><\/li><\/ul><\/figure>\n","protected":false},"excerpt":{"rendered":"<p>El Departamento de Qu\u00edmica de la Universidad de Tarapac\u00e1 (UTA) particip\u00f3 en las actividades del D\u00eda Mundial del Reciclaje, organizadas por la Municipalidad de Arica y la Secretar\u00eda Ministerial Regional de Medio Ambiente. El evento, que incluy\u00f3 un seminario y una feria ambiental, se llev\u00f3 a cabo en el Campus Vel\u00e1squez de esta casa de [&hellip;]<\/p>\n","protected":false},"author":13,"featured_media":67207,"comment_status":"open","ping_status":"open","sticky":false,"template":"","format":"standard","meta":[],"categories":[318],"tags":[],"_links":{"self":[{"href":"https:\/\/www.uta.cl\/index.php\/wp-json\/wp\/v2\/posts\/67206"}],"collection":[{"href":"https:\/\/www.uta.cl\/index.php\/wp-json\/wp\/v2\/posts"}],"about":[{"href":"https:\/\/www.uta.cl\/index.php\/wp-json\/wp\/v2\/types\/post"}],"author":[{"embeddable":true,"href":"https:\/\/www.uta.cl\/index.php\/wp-json\/wp\/v2\/users\/13"}],"replies":[{"embeddable":true,"href":"https:\/\/www.uta.cl\/index.php\/wp-json\/wp\/v2\/comments?post=67206"}],"version-history":[{"count":1,"href":"https:\/\/www.uta.cl\/index.php\/wp-json\/wp\/v2\/posts\/67206\/revisions"}],"predecessor-version":[{"id":67212,"href":"https:\/\/www.uta.cl\/index.php\/wp-json\/wp\/v2\/posts\/67206\/revisions\/67212"}],"wp:featuredmedia":[{"embeddable":true,"href":"https:\/\/www.uta.cl\/index.php\/wp-json\/wp\/v2\/media\/67207"}],"wp:attachment":[{"href":"https:\/\/www.uta.cl\/index.php\/wp-json\/wp\/v2\/media?parent=67206"}],"wp:term":[{"taxonomy":"category","embeddable":true,"href":"https:\/\/www.uta.cl\/index.php\/wp-json\/wp\/v2\/categories?post=67206"},{"taxonomy":"post_tag","embeddable":true,"href":"https:\/\/www.uta.cl\/index.php\/wp-json\/wp\/v2\/tags?post=67206"}],"curies":[{"name":"wp","href":"https:\/\/api.w.org\/{rel}","templated":true}]}}