{"id":67154,"date":"2025-05-19T19:46:49","date_gmt":"2025-05-19T19:46:49","guid":{"rendered":"https:\/\/www.uta.cl\/?p=67154"},"modified":"2025-05-19T19:46:57","modified_gmt":"2025-05-19T19:46:57","slug":"carrera-de-enfermeria-participa-en-expo-enfermeria-integral","status":"publish","type":"post","link":"https:\/\/www.uta.cl\/index.php\/2025\/05\/19\/carrera-de-enfermeria-participa-en-expo-enfermeria-integral\/","title":{"rendered":"Carrera de Enfermer\u00eda participa en Expo Enfermer\u00eda Integral"},"content":{"rendered":"\n<p>Con motivo de la conmemoraci\u00f3n del D\u00eda Internacional de la Enfermer\u00eda, acad\u00e9micas de la carrera de Enfermer\u00eda de la Universidad de Tarapac\u00e1, participaron en la Expo Enfermer\u00eda Integral, realizada el 12 de mayo en el sector Plaza Ciudadana del Hospital Dr. Juan No\u00e9 Crevani de la Ciudad de Arica.<\/p>\n\n\n\n<p>La actividad organizada por la Asociaci\u00f3n de Enfermeras y Enfermeros del Hospital Dr. Juan No\u00e9 en conjunto con el Servicio de Salud de Arica y Parinacota, tuvo como objetivo resaltar el rol de Enfermer\u00eda en las diversas \u00e1reas de atenci\u00f3n, educaci\u00f3n y salud.<\/p>\n\n\n\n<p>Durante la jornada, las acad\u00e9micas compartieron con los usuarios y profesionales, el Rol de Enfermer\u00eda en la Investigaci\u00f3n. La Dra. Natalia Herrera Medina, directora del Departamento de Enfermer\u00eda y presidenta del Comit\u00e9 \u00c9tico Cient\u00edfico de la Universidad de Tarapac\u00e1, destac\u00f3 la importancia de la investigaci\u00f3n cient\u00edfica en el \u00e1mbito de la Gesti\u00f3n del Cuidado de Enfermer\u00eda, resaltando que el conocimiento cient\u00edfico es el \u201c Saber detr\u00e1s del hacer\u201d.<\/p>\n\n\n\n<p>Por su parte Andrea Inchausti, jefe de carrera de Enfermer\u00eda, valor\u00f3 la instancia de mostrar trabajos de investigaci\u00f3n realizados por estudiantes con sus acad\u00e9micos. La Directora del Departamento de Enfermer\u00eda y Jefatura de carrera, agradecieron la invitaci\u00f3n y el espacio, como una oportunidad para visibilizar el quehacer profesional de enfermer\u00eda y generar lazos con la comunidad.<\/p>\n\n\n\n<figure class=\"wp-block-gallery columns-3 is-cropped\"><ul class=\"blocks-gallery-grid\"><li class=\"blocks-gallery-item\"><figure><a href=\"https:\/\/www.uta.cl\/wp-content\/uploads\/2025\/05\/IMG_4308-scaled.jpg\"><img loading=\"lazy\" width=\"1024\" height=\"768\" src=\"https:\/\/www.uta.cl\/wp-content\/uploads\/2025\/05\/IMG_4308-1024x768.jpg\" alt=\"\" data-id=\"67155\" data-full-url=\"https:\/\/www.uta.cl\/wp-content\/uploads\/2025\/05\/IMG_4308-scaled.jpg\" data-link=\"https:\/\/www.uta.cl\/?attachment_id=67155\" class=\"wp-image-67155\" srcset=\"https:\/\/www.uta.cl\/wp-content\/uploads\/2025\/05\/IMG_4308-1024x768.jpg 1024w, https:\/\/www.uta.cl\/wp-content\/uploads\/2025\/05\/IMG_4308-300x225.jpg 300w, https:\/\/www.uta.cl\/wp-content\/uploads\/2025\/05\/IMG_4308-768x576.jpg 768w, https:\/\/www.uta.cl\/wp-content\/uploads\/2025\/05\/IMG_4308-1536x1152.jpg 1536w, https:\/\/www.uta.cl\/wp-content\/uploads\/2025\/05\/IMG_4308-2048x1536.jpg 2048w\" sizes=\"(max-width: 1024px) 100vw, 1024px\" \/><\/a><\/figure><\/li><li class=\"blocks-gallery-item\"><figure><a href=\"https:\/\/www.uta.cl\/wp-content\/uploads\/2025\/05\/IMG_4313-scaled.jpg\"><img loading=\"lazy\" width=\"1024\" height=\"768\" src=\"https:\/\/www.uta.cl\/wp-content\/uploads\/2025\/05\/IMG_4313-1024x768.jpg\" alt=\"\" data-id=\"67156\" data-full-url=\"https:\/\/www.uta.cl\/wp-content\/uploads\/2025\/05\/IMG_4313-scaled.jpg\" data-link=\"https:\/\/www.uta.cl\/?attachment_id=67156\" class=\"wp-image-67156\" srcset=\"https:\/\/www.uta.cl\/wp-content\/uploads\/2025\/05\/IMG_4313-1024x768.jpg 1024w, https:\/\/www.uta.cl\/wp-content\/uploads\/2025\/05\/IMG_4313-300x225.jpg 300w, https:\/\/www.uta.cl\/wp-content\/uploads\/2025\/05\/IMG_4313-768x576.jpg 768w, https:\/\/www.uta.cl\/wp-content\/uploads\/2025\/05\/IMG_4313-1536x1152.jpg 1536w, https:\/\/www.uta.cl\/wp-content\/uploads\/2025\/05\/IMG_4313-2048x1536.jpg 2048w\" sizes=\"(max-width: 1024px) 100vw, 1024px\" \/><\/a><\/figure><\/li><li class=\"blocks-gallery-item\"><figure><a href=\"https:\/\/www.uta.cl\/wp-content\/uploads\/2025\/05\/IMG_4314-scaled.jpg\"><img loading=\"lazy\" width=\"1024\" height=\"768\" src=\"https:\/\/www.uta.cl\/wp-content\/uploads\/2025\/05\/IMG_4314-1024x768.jpg\" alt=\"\" data-id=\"67157\" data-full-url=\"https:\/\/www.uta.cl\/wp-content\/uploads\/2025\/05\/IMG_4314-scaled.jpg\" data-link=\"https:\/\/www.uta.cl\/?attachment_id=67157\" class=\"wp-image-67157\" srcset=\"https:\/\/www.uta.cl\/wp-content\/uploads\/2025\/05\/IMG_4314-1024x768.jpg 1024w, https:\/\/www.uta.cl\/wp-content\/uploads\/2025\/05\/IMG_4314-300x225.jpg 300w, https:\/\/www.uta.cl\/wp-content\/uploads\/2025\/05\/IMG_4314-768x576.jpg 768w, https:\/\/www.uta.cl\/wp-content\/uploads\/2025\/05\/IMG_4314-1536x1152.jpg 1536w, https:\/\/www.uta.cl\/wp-content\/uploads\/2025\/05\/IMG_4314-2048x1536.jpg 2048w\" sizes=\"(max-width: 1024px) 100vw, 1024px\" \/><\/a><\/figure><\/li><li class=\"blocks-gallery-item\"><figure><a href=\"https:\/\/www.uta.cl\/wp-content\/uploads\/2025\/05\/IMG_4315-scaled.jpg\"><img loading=\"lazy\" width=\"1024\" height=\"768\" src=\"https:\/\/www.uta.cl\/wp-content\/uploads\/2025\/05\/IMG_4315-1024x768.jpg\" alt=\"\" data-id=\"67158\" data-full-url=\"https:\/\/www.uta.cl\/wp-content\/uploads\/2025\/05\/IMG_4315-scaled.jpg\" data-link=\"https:\/\/www.uta.cl\/?attachment_id=67158\" class=\"wp-image-67158\" srcset=\"https:\/\/www.uta.cl\/wp-content\/uploads\/2025\/05\/IMG_4315-1024x768.jpg 1024w, https:\/\/www.uta.cl\/wp-content\/uploads\/2025\/05\/IMG_4315-300x225.jpg 300w, https:\/\/www.uta.cl\/wp-content\/uploads\/2025\/05\/IMG_4315-768x576.jpg 768w, https:\/\/www.uta.cl\/wp-content\/uploads\/2025\/05\/IMG_4315-1536x1152.jpg 1536w, https:\/\/www.uta.cl\/wp-content\/uploads\/2025\/05\/IMG_4315-2048x1536.jpg 2048w\" sizes=\"(max-width: 1024px) 100vw, 1024px\" \/><\/a><\/figure><\/li><li class=\"blocks-gallery-item\"><figure><a href=\"https:\/\/www.uta.cl\/wp-content\/uploads\/2025\/05\/IMG_4317-scaled.jpg\"><img loading=\"lazy\" width=\"1024\" height=\"768\" src=\"https:\/\/www.uta.cl\/wp-content\/uploads\/2025\/05\/IMG_4317-1024x768.jpg\" alt=\"\" data-id=\"67159\" data-full-url=\"https:\/\/www.uta.cl\/wp-content\/uploads\/2025\/05\/IMG_4317-scaled.jpg\" data-link=\"https:\/\/www.uta.cl\/?attachment_id=67159\" class=\"wp-image-67159\" srcset=\"https:\/\/www.uta.cl\/wp-content\/uploads\/2025\/05\/IMG_4317-1024x768.jpg 1024w, https:\/\/www.uta.cl\/wp-content\/uploads\/2025\/05\/IMG_4317-300x225.jpg 300w, https:\/\/www.uta.cl\/wp-content\/uploads\/2025\/05\/IMG_4317-768x576.jpg 768w, https:\/\/www.uta.cl\/wp-content\/uploads\/2025\/05\/IMG_4317-1536x1151.jpg 1536w, https:\/\/www.uta.cl\/wp-content\/uploads\/2025\/05\/IMG_4317-2048x1535.jpg 2048w\" sizes=\"(max-width: 1024px) 100vw, 1024px\" \/><\/a><\/figure><\/li><li class=\"blocks-gallery-item\"><figure><a href=\"https:\/\/www.uta.cl\/wp-content\/uploads\/2025\/05\/IMG_4318.jpg\"><img loading=\"lazy\" width=\"722\" height=\"406\" src=\"https:\/\/www.uta.cl\/wp-content\/uploads\/2025\/05\/IMG_4318.jpg\" alt=\"\" data-id=\"67160\" data-full-url=\"https:\/\/www.uta.cl\/wp-content\/uploads\/2025\/05\/IMG_4318.jpg\" data-link=\"https:\/\/www.uta.cl\/?attachment_id=67160\" class=\"wp-image-67160\" srcset=\"https:\/\/www.uta.cl\/wp-content\/uploads\/2025\/05\/IMG_4318.jpg 722w, https:\/\/www.uta.cl\/wp-content\/uploads\/2025\/05\/IMG_4318-300x169.jpg 300w\" sizes=\"(max-width: 722px) 100vw, 722px\" \/><\/a><\/figure><\/li><\/ul><\/figure>\n","protected":false},"excerpt":{"rendered":"<p>Con motivo de la conmemoraci\u00f3n del D\u00eda Internacional de la Enfermer\u00eda, acad\u00e9micas de la carrera de Enfermer\u00eda de la Universidad de Tarapac\u00e1, participaron en la Expo Enfermer\u00eda Integral, realizada el 12 de mayo en el sector Plaza Ciudadana del Hospital Dr. Juan No\u00e9 Crevani de la Ciudad de Arica. La actividad organizada por la Asociaci\u00f3n [&hellip;]<\/p>\n","protected":false},"author":13,"featured_media":67158,"comment_status":"open","ping_status":"open","sticky":false,"template":"","format":"standard","meta":[],"categories":[318],"tags":[],"_links":{"self":[{"href":"https:\/\/www.uta.cl\/index.php\/wp-json\/wp\/v2\/posts\/67154"}],"collection":[{"href":"https:\/\/www.uta.cl\/index.php\/wp-json\/wp\/v2\/posts"}],"about":[{"href":"https:\/\/www.uta.cl\/index.php\/wp-json\/wp\/v2\/types\/post"}],"author":[{"embeddable":true,"href":"https:\/\/www.uta.cl\/index.php\/wp-json\/wp\/v2\/users\/13"}],"replies":[{"embeddable":true,"href":"https:\/\/www.uta.cl\/index.php\/wp-json\/wp\/v2\/comments?post=67154"}],"version-history":[{"count":1,"href":"https:\/\/www.uta.cl\/index.php\/wp-json\/wp\/v2\/posts\/67154\/revisions"}],"predecessor-version":[{"id":67161,"href":"https:\/\/www.uta.cl\/index.php\/wp-json\/wp\/v2\/posts\/67154\/revisions\/67161"}],"wp:featuredmedia":[{"embeddable":true,"href":"https:\/\/www.uta.cl\/index.php\/wp-json\/wp\/v2\/media\/67158"}],"wp:attachment":[{"href":"https:\/\/www.uta.cl\/index.php\/wp-json\/wp\/v2\/media?parent=67154"}],"wp:term":[{"taxonomy":"category","embeddable":true,"href":"https:\/\/www.uta.cl\/index.php\/wp-json\/wp\/v2\/categories?post=67154"},{"taxonomy":"post_tag","embeddable":true,"href":"https:\/\/www.uta.cl\/index.php\/wp-json\/wp\/v2\/tags?post=67154"}],"curies":[{"name":"wp","href":"https:\/\/api.w.org\/{rel}","templated":true}]}}