{"id":66854,"date":"2025-04-29T21:33:57","date_gmt":"2025-04-29T21:33:57","guid":{"rendered":"https:\/\/www.uta.cl\/?p=66854"},"modified":"2025-04-29T21:34:02","modified_gmt":"2025-04-29T21:34:02","slug":"facultad-de-derecho-inauguro-su-ano-academico-2025-con-clase-magistral-de-experta-constitucional","status":"publish","type":"post","link":"https:\/\/www.uta.cl\/index.php\/2025\/04\/29\/facultad-de-derecho-inauguro-su-ano-academico-2025-con-clase-magistral-de-experta-constitucional\/","title":{"rendered":"Facultad de Derecho inaugur\u00f3 su a\u00f1o acad\u00e9mico 2025 con clase magistral de experta constitucional"},"content":{"rendered":"\n<div class=\"wp-block-image\"><figure class=\"aligncenter size-large is-resized\"><img loading=\"lazy\" src=\"https:\/\/www.uta.cl\/wp-content\/uploads\/2025\/04\/WhatsApp-Image-2025-04-29-at-17.23.37-2-1024x768.jpeg\" alt=\"\" class=\"wp-image-66856\" width=\"577\" height=\"433\" srcset=\"https:\/\/www.uta.cl\/wp-content\/uploads\/2025\/04\/WhatsApp-Image-2025-04-29-at-17.23.37-2-1024x768.jpeg 1024w, https:\/\/www.uta.cl\/wp-content\/uploads\/2025\/04\/WhatsApp-Image-2025-04-29-at-17.23.37-2-300x225.jpeg 300w, https:\/\/www.uta.cl\/wp-content\/uploads\/2025\/04\/WhatsApp-Image-2025-04-29-at-17.23.37-2-768x576.jpeg 768w, https:\/\/www.uta.cl\/wp-content\/uploads\/2025\/04\/WhatsApp-Image-2025-04-29-at-17.23.37-2-1536x1152.jpeg 1536w, https:\/\/www.uta.cl\/wp-content\/uploads\/2025\/04\/WhatsApp-Image-2025-04-29-at-17.23.37-2-2048x1536.jpeg 2048w\" sizes=\"(max-width: 577px) 100vw, 577px\" \/><\/figure><\/div>\n\n\n\n<p>La Facultad de Derecho de la Universidad de Tarapac\u00e1 llev\u00f3 a cabo el evento que da inicio a su calendario acad\u00e9mico 2025 en el auditorio Arturo Flores Franulic del Campus Saucache, ocasi\u00f3n que cont\u00f3 con la clase inaugural \u201cReflexiones a partir de los procesos constituyentes chilenos\u201d dictada por la doctora en Derecho, Ver\u00f3nica Undurraga Vald\u00e9s, en una ceremonia presidida por la decana de la Facultad, Dra. Claudia Moraga Contreras.<\/p>\n\n\n\n<p>En sus palabras de bienvenida, la Dra. Moraga destac\u00f3 los avances logrados en el plan de desarrollo estrat\u00e9gico 2022-2030 de la Facultad, entre ellos la certificaci\u00f3n de excelencia de la carrera por seis a\u00f1os y la oficializaci\u00f3n de la comisi\u00f3n que realizar\u00e1 el diagn\u00f3stico de su plan de estudios con miras a evaluar el redise\u00f1o curricular; la pr\u00f3xima oficializaci\u00f3n del Mag\u00edster en Derecho, enfocado en responder a las necesidades de la profesi\u00f3n jur\u00eddica en la regi\u00f3n; el fortalecimiento de su vinculaci\u00f3n con el medio aboc\u00e1ndose en el presente a\u00f1o al dise\u00f1o del Centro Cl\u00ednico de la Carrera de Derecho.<\/p>\n\n\n\n<div class=\"wp-block-image\"><figure class=\"aligncenter size-large is-resized\"><img loading=\"lazy\" src=\"https:\/\/www.uta.cl\/wp-content\/uploads\/2025\/04\/WhatsApp-Image-2025-04-29-at-17.23.37-1024x768.jpeg\" alt=\"\" class=\"wp-image-66858\" width=\"475\" height=\"356\" srcset=\"https:\/\/www.uta.cl\/wp-content\/uploads\/2025\/04\/WhatsApp-Image-2025-04-29-at-17.23.37-1024x768.jpeg 1024w, https:\/\/www.uta.cl\/wp-content\/uploads\/2025\/04\/WhatsApp-Image-2025-04-29-at-17.23.37-300x225.jpeg 300w, https:\/\/www.uta.cl\/wp-content\/uploads\/2025\/04\/WhatsApp-Image-2025-04-29-at-17.23.37-768x576.jpeg 768w, https:\/\/www.uta.cl\/wp-content\/uploads\/2025\/04\/WhatsApp-Image-2025-04-29-at-17.23.37-1536x1152.jpeg 1536w, https:\/\/www.uta.cl\/wp-content\/uploads\/2025\/04\/WhatsApp-Image-2025-04-29-at-17.23.37-2048x1536.jpeg 2048w\" sizes=\"(max-width: 475px) 100vw, 475px\" \/><\/figure><\/div>\n\n\n\n<p>En esta l\u00ednea, la decana se\u00f1al\u00f3 que \u201cson ya 30 a\u00f1os en los que nos hemos abocado a la ense\u00f1anza de la profesi\u00f3n jur\u00eddica. Sin embargo, hoy, mucho m\u00e1s que antes, estamos llamados a cumplir nuestro rol con responsabilidad y sentido de la \u00e9tica. Un trabajo que va m\u00e1s all\u00e1 del an\u00e1lisis de los vertiginosos cambios que atraviesa nuestro sistema normativo chileno, que exige una lectura profunda y cuidada del derecho, que cuestione recurrentemente no solo sus funciones y sus fines, sino que tambi\u00e9n indague el por qu\u00e9 y el para qu\u00e9 de la existencia del derecho\u201d.&nbsp;<\/p>\n\n\n\n<p>\u201cEste sentido profundo de comprender la pedagog\u00eda jur\u00eddica es inseparable del an\u00e1lisis del modo en que nos estamos relacionando, del modo en que se va construyendo el derecho en lo cotidiano y se va aplicando aqu\u00ed, en la Facultad de Derecho\u201d, ahond\u00f3 Moraga durante sus palabras iniciales.<\/p>\n\n\n\n<div class=\"wp-block-image\"><figure class=\"aligncenter size-large is-resized\"><img loading=\"lazy\" src=\"https:\/\/www.uta.cl\/wp-content\/uploads\/2025\/04\/WhatsApp-Image-2025-04-29-at-17.23.37-1-1024x768.jpeg\" alt=\"\" class=\"wp-image-66857\" width=\"491\" height=\"368\" srcset=\"https:\/\/www.uta.cl\/wp-content\/uploads\/2025\/04\/WhatsApp-Image-2025-04-29-at-17.23.37-1-1024x768.jpeg 1024w, https:\/\/www.uta.cl\/wp-content\/uploads\/2025\/04\/WhatsApp-Image-2025-04-29-at-17.23.37-1-300x225.jpeg 300w, https:\/\/www.uta.cl\/wp-content\/uploads\/2025\/04\/WhatsApp-Image-2025-04-29-at-17.23.37-1-768x576.jpeg 768w, https:\/\/www.uta.cl\/wp-content\/uploads\/2025\/04\/WhatsApp-Image-2025-04-29-at-17.23.37-1-1536x1152.jpeg 1536w, https:\/\/www.uta.cl\/wp-content\/uploads\/2025\/04\/WhatsApp-Image-2025-04-29-at-17.23.37-1-2048x1536.jpeg 2048w\" sizes=\"(max-width: 491px) 100vw, 491px\" \/><\/figure><\/div>\n\n\n\n<p>Respecto a la direcci\u00f3n que ha tomado la Facultad de Derecho de la UTA, la Dra. Undurraga afirm\u00f3 que \u201ctiene claramente un compromiso p\u00fablico muy importante. Es una universidad que est\u00e1 abierta a los desaf\u00edos, no solo del pa\u00eds, sino espec\u00edficamente de la regi\u00f3n y eso a m\u00ed me parece muy bien. Sus acad\u00e9micas y acad\u00e9micos est\u00e1n haciendo investigaci\u00f3n relevante y en temas constitucionales (&#8230;) Y esa formaci\u00f3n s\u00f3lida que le dan a los estudiantes da mucha esperanza porque van a ser esas personas las que saliendo van a poder volver a crear la confianza en las instituciones, la confianza en el respeto a las normas y, espec\u00edficamente, en el respeto a los derechos de todas las personas\u201d.<\/p>\n\n\n\n<p>Esta confianza hacia las instituciones y el respeto de las normas fue parte de la tem\u00e1tica abordada por la acad\u00e9mica en su clase magistral, donde expuso sobre de la importancia palabras y la confianza en los procesos constituyentes: \u201cEstuve siguiendo y apoyando en lo que fue posible el primer proceso constitucional y junto con sus profesores, Mar\u00eda Pardo y Flavio Quezada, particip\u00e9 en el segundo, en mi caso como integrante y presidenta de la Comisi\u00f3n Experta del Proceso Constitucional. Lo que quiero compartir con ustedes son las distintas maneras en que las palabras adoptaron sentidos y produjeron diversos efectos en distintos contextos dentro del proceso constitucional. C\u00f3mo con las palabras se puede construir y tambi\u00e9n destruir las confianzas\u201d.<\/p>\n\n\n\n<p>Los estudiantes presentes valoraron la exposici\u00f3n, como es el caso de la estudiante en tercer a\u00f1o de Derecho, Fernanda Cerda: \u201cMe gust\u00f3 mucho la tem\u00e1tica y creo que es muy importante, no solamente como carrera de Derecho, sino que a nivel social la importancia de la pol\u00edtica, de la participaci\u00f3n y el problema de la desafecci\u00f3n pol\u00edtica que se est\u00e1 viviendo hoy en d\u00eda\u201d.<\/p>\n","protected":false},"excerpt":{"rendered":"<p>\u201cEsta Facultad es un espacio que promueve la reflexi\u00f3n cr\u00edtica sobre el derecho tan necesaria para generar conocimientos pertinentes a los desaf\u00edos sociales del pa\u00eds y de las regiones en que funcionan sus dos escuelas\u201d, indic\u00f3 la Dra. Ver\u00f3nica Undurraga, acad\u00e9mica de la U. Adolfo Ib\u00e1\u00f1ez y expresidenta de la Comisi\u00f3n Experta en el segundo proceso constituyente.<\/p>\n","protected":false},"author":13,"featured_media":66856,"comment_status":"open","ping_status":"open","sticky":false,"template":"","format":"standard","meta":[],"categories":[316,51],"tags":[],"_links":{"self":[{"href":"https:\/\/www.uta.cl\/index.php\/wp-json\/wp\/v2\/posts\/66854"}],"collection":[{"href":"https:\/\/www.uta.cl\/index.php\/wp-json\/wp\/v2\/posts"}],"about":[{"href":"https:\/\/www.uta.cl\/index.php\/wp-json\/wp\/v2\/types\/post"}],"author":[{"embeddable":true,"href":"https:\/\/www.uta.cl\/index.php\/wp-json\/wp\/v2\/users\/13"}],"replies":[{"embeddable":true,"href":"https:\/\/www.uta.cl\/index.php\/wp-json\/wp\/v2\/comments?post=66854"}],"version-history":[{"count":1,"href":"https:\/\/www.uta.cl\/index.php\/wp-json\/wp\/v2\/posts\/66854\/revisions"}],"predecessor-version":[{"id":66859,"href":"https:\/\/www.uta.cl\/index.php\/wp-json\/wp\/v2\/posts\/66854\/revisions\/66859"}],"wp:featuredmedia":[{"embeddable":true,"href":"https:\/\/www.uta.cl\/index.php\/wp-json\/wp\/v2\/media\/66856"}],"wp:attachment":[{"href":"https:\/\/www.uta.cl\/index.php\/wp-json\/wp\/v2\/media?parent=66854"}],"wp:term":[{"taxonomy":"category","embeddable":true,"href":"https:\/\/www.uta.cl\/index.php\/wp-json\/wp\/v2\/categories?post=66854"},{"taxonomy":"post_tag","embeddable":true,"href":"https:\/\/www.uta.cl\/index.php\/wp-json\/wp\/v2\/tags?post=66854"}],"curies":[{"name":"wp","href":"https:\/\/api.w.org\/{rel}","templated":true}]}}