{"id":66788,"date":"2025-04-28T15:54:45","date_gmt":"2025-04-28T15:54:45","guid":{"rendered":"https:\/\/www.uta.cl\/?p=66788"},"modified":"2025-04-28T15:54:58","modified_gmt":"2025-04-28T15:54:58","slug":"premio-nacional-de-historia-2024-inauguro-el-ano-academico-de-los-programas-de-postgrado-en-historia","status":"publish","type":"post","link":"https:\/\/www.uta.cl\/index.php\/2025\/04\/28\/premio-nacional-de-historia-2024-inauguro-el-ano-academico-de-los-programas-de-postgrado-en-historia\/","title":{"rendered":"Premio Nacional de Historia 2024 inaugur\u00f3 el a\u00f1o acad\u00e9mico de los programas de postgrado en Historia"},"content":{"rendered":"\n<div class=\"wp-block-image\"><figure class=\"aligncenter size-large is-resized\"><img loading=\"lazy\" src=\"https:\/\/www.uta.cl\/wp-content\/uploads\/2025\/04\/WhatsApp-Image-2025-04-28-at-11.45.19-2-1024x768.jpeg\" alt=\"\" class=\"wp-image-66791\" width=\"567\" height=\"425\" srcset=\"https:\/\/www.uta.cl\/wp-content\/uploads\/2025\/04\/WhatsApp-Image-2025-04-28-at-11.45.19-2-1024x768.jpeg 1024w, https:\/\/www.uta.cl\/wp-content\/uploads\/2025\/04\/WhatsApp-Image-2025-04-28-at-11.45.19-2-300x225.jpeg 300w, https:\/\/www.uta.cl\/wp-content\/uploads\/2025\/04\/WhatsApp-Image-2025-04-28-at-11.45.19-2-768x576.jpeg 768w, https:\/\/www.uta.cl\/wp-content\/uploads\/2025\/04\/WhatsApp-Image-2025-04-28-at-11.45.19-2-1536x1152.jpeg 1536w, https:\/\/www.uta.cl\/wp-content\/uploads\/2025\/04\/WhatsApp-Image-2025-04-28-at-11.45.19-2-2048x1536.jpeg 2048w\" sizes=\"(max-width: 567px) 100vw, 567px\" \/><\/figure><\/div>\n\n\n\n<p>Los programas de mag\u00edster y doctorado en Historia de la Universidad de Tarapac\u00e1 llevaron a cabo la ceremonia que da inicio a su calendario acad\u00e9mico, con la presencia del Premio Nacional de Historia 2024 y profesor titular de la Universidad de Santiago de Chile, Dr. C\u00e9sar Ross Orellana, quien dict\u00f3 la clase magistral \u201cLa Paradoja de Chile y Asia (1973-1989): Una historia de aislamiento y supervivencia\u201d, para los estudiantes tanto de pregrado como de postgrado.<\/p>\n\n\n\n<p>Durante su visita, el Dr. Ross destac\u00f3 la relevancia de la UTA en esta \u00e1rea de estudio: \u201cEste es un lugar muy importante para nuestra disciplina. Durante largo tiempo las revistas que tiene la universidad y los acad\u00e9micos que trabajan aqu\u00ed han interactuado internacional y nacionalmente a un nivel muy alto. Y tal vez es dif\u00edcil que ellos mismos lo digan, pero alguien que viene de afuera, en mi caso de Santiago, es algo de lo cual yo tengo plena conciencia\u201d.<\/p>\n\n\n\n<div class=\"wp-block-image\"><figure class=\"aligncenter size-large is-resized\"><img loading=\"lazy\" src=\"https:\/\/www.uta.cl\/wp-content\/uploads\/2025\/04\/WhatsApp-Image-2025-04-28-at-11.45.19-1-1024x768.jpeg\" alt=\"\" class=\"wp-image-66792\" width=\"522\" height=\"391\" srcset=\"https:\/\/www.uta.cl\/wp-content\/uploads\/2025\/04\/WhatsApp-Image-2025-04-28-at-11.45.19-1-1024x768.jpeg 1024w, https:\/\/www.uta.cl\/wp-content\/uploads\/2025\/04\/WhatsApp-Image-2025-04-28-at-11.45.19-1-300x225.jpeg 300w, https:\/\/www.uta.cl\/wp-content\/uploads\/2025\/04\/WhatsApp-Image-2025-04-28-at-11.45.19-1-768x576.jpeg 768w, https:\/\/www.uta.cl\/wp-content\/uploads\/2025\/04\/WhatsApp-Image-2025-04-28-at-11.45.19-1-1536x1152.jpeg 1536w, https:\/\/www.uta.cl\/wp-content\/uploads\/2025\/04\/WhatsApp-Image-2025-04-28-at-11.45.19-1-2048x1536.jpeg 2048w\" sizes=\"(max-width: 522px) 100vw, 522px\" \/><\/figure><\/div>\n\n\n\n<p>Y es que actualmente los programas de postgrado en Historia de la Universidad reflejan un alto grado de consolidaci\u00f3n: El Mag\u00edster se encuentra en proceso de obtener su tercera acreditaci\u00f3n, este programa cuenta con un claustro acad\u00e9mico de gran nivel, que comparte actividades con el Doctorado, operando como una unidad integrada. Desde el a\u00f1o pasado, ha fortalecido la movilidad acad\u00e9mica mediante la incorporaci\u00f3n de profesores visitantes y ha implementado apoyos concretos como becas de ingl\u00e9s y recursos para participaci\u00f3n en eventos acad\u00e9micos.&nbsp;<\/p>\n\n\n\n<p>Por su parte, el Doctorado en Historia est\u00e1 finalizando su segundo proceso de acreditaci\u00f3n, a la espera de los resultados de la CNA. Este programa, respaldado por m\u00e1s de 45 a\u00f1os de trayectoria del Departamento de Ciencias Hist\u00f3ricas y Geogr\u00e1ficas, todos sus acad\u00e9micos cuentan con grado de doctor, y con amplia participaci\u00f3n en proyectos financiados por ANID, la Uni\u00f3n Europea, UNESCO, entre muchos m\u00e1s. Adem\u00e1s, el 100% de sus estudiantes cuentan con becas de ANID o de la UTA que cubren arancel y manutenci\u00f3n, junto a recursos adicionales para pasant\u00edas y congresos.<\/p>\n\n\n\n<div class=\"wp-block-image\"><figure class=\"aligncenter size-large is-resized\"><img loading=\"lazy\" src=\"https:\/\/www.uta.cl\/wp-content\/uploads\/2025\/04\/WhatsApp-Image-2025-04-28-at-11.45.20-1024x768.jpeg\" alt=\"\" class=\"wp-image-66790\" width=\"498\" height=\"374\" srcset=\"https:\/\/www.uta.cl\/wp-content\/uploads\/2025\/04\/WhatsApp-Image-2025-04-28-at-11.45.20-1024x768.jpeg 1024w, https:\/\/www.uta.cl\/wp-content\/uploads\/2025\/04\/WhatsApp-Image-2025-04-28-at-11.45.20-300x225.jpeg 300w, https:\/\/www.uta.cl\/wp-content\/uploads\/2025\/04\/WhatsApp-Image-2025-04-28-at-11.45.20-768x576.jpeg 768w, https:\/\/www.uta.cl\/wp-content\/uploads\/2025\/04\/WhatsApp-Image-2025-04-28-at-11.45.20-1536x1152.jpeg 1536w, https:\/\/www.uta.cl\/wp-content\/uploads\/2025\/04\/WhatsApp-Image-2025-04-28-at-11.45.20-2048x1536.jpeg 2048w\" sizes=\"(max-width: 498px) 100vw, 498px\" \/><\/figure><\/div>\n\n\n\n<p>\u201cNo es casualidad entonces que nuestros programas, tanto de mag\u00edster como de doctorado, hayan alcanzado un alto nivel de consolidaci\u00f3n. En el a\u00f1o 2024, el \u00e1rea de Historia de la U. de Tarapac\u00e1 se posiciona como la segunda universidad estatal a nivel nacional en publicaciones WOS en Historia y como la tercera universidad del pa\u00eds en esta \u00e1rea seg\u00fan el ranking Times Higher Education y, en el ranking Scimago 2025, la U. de Tarapac\u00e1 aparece en tercer lugar en Chile en el \u00e1rea de Historia\u201d, afirm\u00f3 el director del doctorado en Historia, Dr. Alfonso D\u00edaz Aguad.&nbsp;<\/p>\n\n\n\n<p>\u201cSin duda que todos estos logros sostenidos son el resultado de un trabajo en equipo, de un esfuerzo y un trabajo sostenido de todos los integrantes de la comunidad educativa de nuestro programa de postgrado, que los colocan como un faro de luz de la intelectualidad hist\u00f3rica en el extremo norte de Chile\u201d, ahond\u00f3 D\u00edaz.<\/p>\n\n\n\n<div class=\"wp-block-image\"><figure class=\"aligncenter size-large is-resized\"><img loading=\"lazy\" src=\"https:\/\/www.uta.cl\/wp-content\/uploads\/2025\/04\/WhatsApp-Image-2025-04-28-at-11.45.18-1024x732.jpeg\" alt=\"\" class=\"wp-image-66794\" width=\"476\" height=\"340\" srcset=\"https:\/\/www.uta.cl\/wp-content\/uploads\/2025\/04\/WhatsApp-Image-2025-04-28-at-11.45.18-1024x732.jpeg 1024w, https:\/\/www.uta.cl\/wp-content\/uploads\/2025\/04\/WhatsApp-Image-2025-04-28-at-11.45.18-300x214.jpeg 300w, https:\/\/www.uta.cl\/wp-content\/uploads\/2025\/04\/WhatsApp-Image-2025-04-28-at-11.45.18-768x549.jpeg 768w, https:\/\/www.uta.cl\/wp-content\/uploads\/2025\/04\/WhatsApp-Image-2025-04-28-at-11.45.18-1536x1097.jpeg 1536w, https:\/\/www.uta.cl\/wp-content\/uploads\/2025\/04\/WhatsApp-Image-2025-04-28-at-11.45.18-2048x1463.jpeg 2048w\" sizes=\"(max-width: 476px) 100vw, 476px\" \/><\/figure><\/div>\n\n\n\n<p>Respecto a la charla magistral, el Dr. Ross se\u00f1al\u00f3 que m\u00e1s que una exposici\u00f3n acad\u00e9mica, quiso compartir experiencias de su trayectoria investigativa con los estudiantes: \u201cNo hay l\u00edmite geogr\u00e1fico, ni ling\u00fc\u00edstico, para que alguien que quiera investigar pueda hacerlo en cualquier lugar del mundo. Los ejemplo que puse de Jap\u00f3n, Corea, India, China, que son los lugares por los cuales yo circulo, o Estados Unidos, son espacios posibles para todos y sobre todo para los m\u00e1s j\u00f3venes, que son los que, por ejemplo, pueden tomar la decisi\u00f3n de aprender una lengua compleja como el japon\u00e9s o como el coreano. Pueden hacerlo, lo est\u00e1n haciendo en muchos otros lugares y la invitaci\u00f3n que yo les hago es a que no pongan ustedes mismos el l\u00edmite a las posibilidades que tienen de desarrollo\u201d.<\/p>\n\n\n\n<p>La exposici\u00f3n fue altamente valorada por los estudiantes tanto de pregrado, como de postgrado, as\u00ed fue el caso de la estudiante de primer a\u00f1o del Mag\u00edster de Historia, Marycielo Hidalgo: \u201cMe pareci\u00f3 muy interesante porque creo que tambi\u00e9n da mucho que hablar acerca del programa como tal, las vinculaciones que ha ido generando en su desarrollo y que tambi\u00e9n cuenta con un programa de doctorado. Mis principales apreciaciones acerca del investigador es sobre todo su metodolog\u00eda, empezar a trabajar la historia m\u00e1s all\u00e1 de lo local, que es importante, pero tambi\u00e9n ver las relaciones internacionales que implica un fen\u00f3meno\u201d.<\/p>\n\n\n\n<p>Por su parte, el estudiante de cuarto a\u00f1o Pedagog\u00eda en Historia y Geograf\u00eda, Diego Costa,&nbsp; comparti\u00f3 que la charla le pareci\u00f3 \u201crefrescante y bastante educativa, porque principalmente son cosas que no las pasan como materia, sino que son cosas que uno siempre aprende ac\u00e1 o en los archivos\u201d.<\/p>\n","protected":false},"excerpt":{"rendered":"<p>\u201cEste es un lugar muy importante para nuestra disciplina. Durante largo tiempo las revistas que tiene la universidad y los acad\u00e9micos que trabajan aqu\u00ed han interactuado internacional y nacionalmente a un nivel muy alto\u201d, destac\u00f3 el Dr. Cesar Ross durante su visita.<\/p>\n","protected":false},"author":13,"featured_media":66791,"comment_status":"open","ping_status":"open","sticky":false,"template":"","format":"standard","meta":[],"categories":[316,51],"tags":[],"_links":{"self":[{"href":"https:\/\/www.uta.cl\/index.php\/wp-json\/wp\/v2\/posts\/66788"}],"collection":[{"href":"https:\/\/www.uta.cl\/index.php\/wp-json\/wp\/v2\/posts"}],"about":[{"href":"https:\/\/www.uta.cl\/index.php\/wp-json\/wp\/v2\/types\/post"}],"author":[{"embeddable":true,"href":"https:\/\/www.uta.cl\/index.php\/wp-json\/wp\/v2\/users\/13"}],"replies":[{"embeddable":true,"href":"https:\/\/www.uta.cl\/index.php\/wp-json\/wp\/v2\/comments?post=66788"}],"version-history":[{"count":1,"href":"https:\/\/www.uta.cl\/index.php\/wp-json\/wp\/v2\/posts\/66788\/revisions"}],"predecessor-version":[{"id":66795,"href":"https:\/\/www.uta.cl\/index.php\/wp-json\/wp\/v2\/posts\/66788\/revisions\/66795"}],"wp:featuredmedia":[{"embeddable":true,"href":"https:\/\/www.uta.cl\/index.php\/wp-json\/wp\/v2\/media\/66791"}],"wp:attachment":[{"href":"https:\/\/www.uta.cl\/index.php\/wp-json\/wp\/v2\/media?parent=66788"}],"wp:term":[{"taxonomy":"category","embeddable":true,"href":"https:\/\/www.uta.cl\/index.php\/wp-json\/wp\/v2\/categories?post=66788"},{"taxonomy":"post_tag","embeddable":true,"href":"https:\/\/www.uta.cl\/index.php\/wp-json\/wp\/v2\/tags?post=66788"}],"curies":[{"name":"wp","href":"https:\/\/api.w.org\/{rel}","templated":true}]}}