{"id":66554,"date":"2024-11-12T13:02:00","date_gmt":"2024-11-12T13:02:00","guid":{"rendered":"https:\/\/www.uta.cl\/?p=66554"},"modified":"2025-04-21T13:03:30","modified_gmt":"2025-04-21T13:03:30","slug":"congreso-internacional-educacion-emocional-en-el-aula-como-regular-emocionalmente-a-nuestros-estudiantes-reunio-a-distinguidos-conferencistas-2","status":"publish","type":"post","link":"https:\/\/www.uta.cl\/index.php\/2024\/11\/12\/congreso-internacional-educacion-emocional-en-el-aula-como-regular-emocionalmente-a-nuestros-estudiantes-reunio-a-distinguidos-conferencistas-2\/","title":{"rendered":"Congreso Internacional \u201cEducaci\u00f3n Emocional en el aula. C\u00f3mo regular emocionalmente a nuestros estudiantes\u201d reuni\u00f3 a distinguidos conferencistas"},"content":{"rendered":"\n<p>El <strong>Congreso Internacional \u201cEducaci\u00f3n Emocional en el Aula\u201d,<\/strong> organizado por la <strong>ADEP<\/strong>y la <strong>Universidad de Tarapac\u00e1<\/strong>, reuni\u00f3 a destacados expertos en educaci\u00f3n emocional. Con una alta convocatoria, el evento abord\u00f3 la importancia de la regulaci\u00f3n emocional en el aprendizaje, el trabajo colaborativo familia-escuela y el rol docente en la educaci\u00f3n del siglo XXI.<\/p>\n\n\n\n<figure class=\"wp-block-image size-large\"><img loading=\"lazy\" width=\"582\" height=\"726\" src=\"https:\/\/www.uta.cl\/wp-content\/uploads\/2025\/04\/image-7.png\" alt=\"\" class=\"wp-image-66555\" srcset=\"https:\/\/www.uta.cl\/wp-content\/uploads\/2025\/04\/image-7.png 582w, https:\/\/www.uta.cl\/wp-content\/uploads\/2025\/04\/image-7-240x300.png 240w\" sizes=\"(max-width: 582px) 100vw, 582px\" \/><\/figure>\n","protected":false},"excerpt":{"rendered":"<p>El Congreso Internacional \u201cEducaci\u00f3n Emocional en el Aula\u201d, organizado por la ADEPy la Universidad de Tarapac\u00e1, reuni\u00f3 a destacados expertos en educaci\u00f3n emocional. Con una alta convocatoria, el evento abord\u00f3 la importancia de la regulaci\u00f3n emocional en el aprendizaje, el trabajo colaborativo familia-escuela y el rol docente en la educaci\u00f3n del siglo XXI.<\/p>\n","protected":false},"author":13,"featured_media":66555,"comment_status":"open","ping_status":"open","sticky":false,"template":"","format":"standard","meta":[],"categories":[342],"tags":[],"_links":{"self":[{"href":"https:\/\/www.uta.cl\/index.php\/wp-json\/wp\/v2\/posts\/66554"}],"collection":[{"href":"https:\/\/www.uta.cl\/index.php\/wp-json\/wp\/v2\/posts"}],"about":[{"href":"https:\/\/www.uta.cl\/index.php\/wp-json\/wp\/v2\/types\/post"}],"author":[{"embeddable":true,"href":"https:\/\/www.uta.cl\/index.php\/wp-json\/wp\/v2\/users\/13"}],"replies":[{"embeddable":true,"href":"https:\/\/www.uta.cl\/index.php\/wp-json\/wp\/v2\/comments?post=66554"}],"version-history":[{"count":1,"href":"https:\/\/www.uta.cl\/index.php\/wp-json\/wp\/v2\/posts\/66554\/revisions"}],"predecessor-version":[{"id":66556,"href":"https:\/\/www.uta.cl\/index.php\/wp-json\/wp\/v2\/posts\/66554\/revisions\/66556"}],"wp:featuredmedia":[{"embeddable":true,"href":"https:\/\/www.uta.cl\/index.php\/wp-json\/wp\/v2\/media\/66555"}],"wp:attachment":[{"href":"https:\/\/www.uta.cl\/index.php\/wp-json\/wp\/v2\/media?parent=66554"}],"wp:term":[{"taxonomy":"category","embeddable":true,"href":"https:\/\/www.uta.cl\/index.php\/wp-json\/wp\/v2\/categories?post=66554"},{"taxonomy":"post_tag","embeddable":true,"href":"https:\/\/www.uta.cl\/index.php\/wp-json\/wp\/v2\/tags?post=66554"}],"curies":[{"name":"wp","href":"https:\/\/api.w.org\/{rel}","templated":true}]}}