{"id":66551,"date":"2024-10-17T13:01:00","date_gmt":"2024-10-17T13:01:00","guid":{"rendered":"https:\/\/www.uta.cl\/?p=66551"},"modified":"2025-04-21T13:02:39","modified_gmt":"2025-04-21T13:02:39","slug":"charla-magistral-neurodiversidad-en-positivo-como-garantizar-la-participacion-de-estudiantes-neurodivergentes-2","status":"publish","type":"post","link":"https:\/\/www.uta.cl\/index.php\/2024\/10\/17\/charla-magistral-neurodiversidad-en-positivo-como-garantizar-la-participacion-de-estudiantes-neurodivergentes-2\/","title":{"rendered":"Charla Magistral: \u201cNeurodiversidad en Positivo: \u00bfC\u00f3mo garantizar la participaci\u00f3n de estudiantes neurodivergentes?\u201d"},"content":{"rendered":"\n<p>Esta actividad se realiz\u00f3 en el Aula Magna del Campus Vel\u00e1squez de la Universidad de Tarapac\u00e1, el lunes 14 de octubre a las 16:30 horas.<\/p>\n\n\n\n<figure class=\"wp-block-image size-large\"><img loading=\"lazy\" width=\"724\" height=\"728\" src=\"https:\/\/www.uta.cl\/wp-content\/uploads\/2025\/04\/image-6.png\" alt=\"\" class=\"wp-image-66552\" srcset=\"https:\/\/www.uta.cl\/wp-content\/uploads\/2025\/04\/image-6.png 724w, https:\/\/www.uta.cl\/wp-content\/uploads\/2025\/04\/image-6-298x300.png 298w, https:\/\/www.uta.cl\/wp-content\/uploads\/2025\/04\/image-6-150x150.png 150w\" sizes=\"(max-width: 724px) 100vw, 724px\" \/><\/figure>\n\n\n\n<p>La <strong>Universidad de Tarapac\u00e1 (UTA)<\/strong>, en colaboraci\u00f3n con la <strong>Universidad del Desarrollo (UDD)<\/strong> e <strong>Integratepie<\/strong>, organiz\u00f3 la charla magistral <strong>\u201cNeurodiversidad en Positivo\u201d<\/strong>, impartida por <strong>Tatiana Luis<\/strong>, especialista en el espectro autista. Con 300 asistentes, el evento abord\u00f3 la participaci\u00f3n de estudiantes neurodivergentes en el aula, destacando la importancia de la inclusi\u00f3n efectiva.<\/p>\n","protected":false},"excerpt":{"rendered":"<p>Esta actividad se realiz\u00f3 en el Aula Magna del Campus Vel\u00e1squez de la Universidad de Tarapac\u00e1, el lunes 14 de octubre a las 16:30 horas. La Universidad de Tarapac\u00e1 (UTA), en colaboraci\u00f3n con la Universidad del Desarrollo (UDD) e Integratepie, organiz\u00f3 la charla magistral \u201cNeurodiversidad en Positivo\u201d, impartida por Tatiana Luis, especialista en el espectro [&hellip;]<\/p>\n","protected":false},"author":13,"featured_media":66552,"comment_status":"open","ping_status":"open","sticky":false,"template":"","format":"standard","meta":[],"categories":[342],"tags":[],"_links":{"self":[{"href":"https:\/\/www.uta.cl\/index.php\/wp-json\/wp\/v2\/posts\/66551"}],"collection":[{"href":"https:\/\/www.uta.cl\/index.php\/wp-json\/wp\/v2\/posts"}],"about":[{"href":"https:\/\/www.uta.cl\/index.php\/wp-json\/wp\/v2\/types\/post"}],"author":[{"embeddable":true,"href":"https:\/\/www.uta.cl\/index.php\/wp-json\/wp\/v2\/users\/13"}],"replies":[{"embeddable":true,"href":"https:\/\/www.uta.cl\/index.php\/wp-json\/wp\/v2\/comments?post=66551"}],"version-history":[{"count":1,"href":"https:\/\/www.uta.cl\/index.php\/wp-json\/wp\/v2\/posts\/66551\/revisions"}],"predecessor-version":[{"id":66553,"href":"https:\/\/www.uta.cl\/index.php\/wp-json\/wp\/v2\/posts\/66551\/revisions\/66553"}],"wp:featuredmedia":[{"embeddable":true,"href":"https:\/\/www.uta.cl\/index.php\/wp-json\/wp\/v2\/media\/66552"}],"wp:attachment":[{"href":"https:\/\/www.uta.cl\/index.php\/wp-json\/wp\/v2\/media?parent=66551"}],"wp:term":[{"taxonomy":"category","embeddable":true,"href":"https:\/\/www.uta.cl\/index.php\/wp-json\/wp\/v2\/categories?post=66551"},{"taxonomy":"post_tag","embeddable":true,"href":"https:\/\/www.uta.cl\/index.php\/wp-json\/wp\/v2\/tags?post=66551"}],"curies":[{"name":"wp","href":"https:\/\/api.w.org\/{rel}","templated":true}]}}