{"id":66548,"date":"2024-08-28T13:00:00","date_gmt":"2024-08-28T13:00:00","guid":{"rendered":"https:\/\/www.uta.cl\/?p=66548"},"modified":"2025-04-21T13:01:46","modified_gmt":"2025-04-21T13:01:46","slug":"programa-de-talleres-innovacion-en-la-ensenanza-adecuacion-curricular-y-evaluacion-formativa-segun-el-decreto-67-2","status":"publish","type":"post","link":"https:\/\/www.uta.cl\/index.php\/2024\/08\/28\/programa-de-talleres-innovacion-en-la-ensenanza-adecuacion-curricular-y-evaluacion-formativa-segun-el-decreto-67-2\/","title":{"rendered":"Programa de talleres: \u201cInnovaci\u00f3n en la Ense\u00f1anza: Adecuaci\u00f3n Curricular y Evaluaci\u00f3n Formativa seg\u00fan el Decreto 67\u201d"},"content":{"rendered":"\n<p>Esta actividad se realiz\u00f3 en la ciudad de Iquique en la instalaciones de la Secretar\u00eda Ministerial de Tarapac\u00e1 (SECREDUC), el lunes 26 de agosto de 2024 a las 9:00 horas.<\/p>\n\n\n\n<figure class=\"wp-block-image size-large\"><img loading=\"lazy\" width=\"662\" height=\"856\" src=\"https:\/\/www.uta.cl\/wp-content\/uploads\/2025\/04\/image-5.png\" alt=\"\" class=\"wp-image-66549\" srcset=\"https:\/\/www.uta.cl\/wp-content\/uploads\/2025\/04\/image-5.png 662w, https:\/\/www.uta.cl\/wp-content\/uploads\/2025\/04\/image-5-232x300.png 232w\" sizes=\"(max-width: 662px) 100vw, 662px\" \/><\/figure>\n\n\n\n<p>El <strong>Centro de Innovaci\u00f3n en Liderazgo Educativo (CILED),<\/strong> en coordinaci\u00f3n con el <strong>Ministerio de Educaci\u00f3n<\/strong>y la <strong>Universidad de Tarapac\u00e1<\/strong>, desarroll\u00f3 un taller en <strong>Iquique<\/strong> sobre adecuaci\u00f3n curricular y evaluaci\u00f3n formativa seg\u00fan el <strong>Decreto 67<\/strong>. La jornada reuni\u00f3 a 18 l\u00edderes intermedios y destac\u00f3 la importancia del liderazgo educativo y la mejora continua.<\/p>\n","protected":false},"excerpt":{"rendered":"<p>Esta actividad se realiz\u00f3 en la ciudad de Iquique en la instalaciones de la Secretar\u00eda Ministerial de Tarapac\u00e1 (SECREDUC), el lunes 26 de agosto de 2024 a las 9:00 horas. El Centro de Innovaci\u00f3n en Liderazgo Educativo (CILED), en coordinaci\u00f3n con el Ministerio de Educaci\u00f3ny la Universidad de Tarapac\u00e1, desarroll\u00f3 un taller en Iquique sobre [&hellip;]<\/p>\n","protected":false},"author":13,"featured_media":66549,"comment_status":"open","ping_status":"open","sticky":false,"template":"","format":"standard","meta":[],"categories":[342],"tags":[],"_links":{"self":[{"href":"https:\/\/www.uta.cl\/index.php\/wp-json\/wp\/v2\/posts\/66548"}],"collection":[{"href":"https:\/\/www.uta.cl\/index.php\/wp-json\/wp\/v2\/posts"}],"about":[{"href":"https:\/\/www.uta.cl\/index.php\/wp-json\/wp\/v2\/types\/post"}],"author":[{"embeddable":true,"href":"https:\/\/www.uta.cl\/index.php\/wp-json\/wp\/v2\/users\/13"}],"replies":[{"embeddable":true,"href":"https:\/\/www.uta.cl\/index.php\/wp-json\/wp\/v2\/comments?post=66548"}],"version-history":[{"count":1,"href":"https:\/\/www.uta.cl\/index.php\/wp-json\/wp\/v2\/posts\/66548\/revisions"}],"predecessor-version":[{"id":66550,"href":"https:\/\/www.uta.cl\/index.php\/wp-json\/wp\/v2\/posts\/66548\/revisions\/66550"}],"wp:featuredmedia":[{"embeddable":true,"href":"https:\/\/www.uta.cl\/index.php\/wp-json\/wp\/v2\/media\/66549"}],"wp:attachment":[{"href":"https:\/\/www.uta.cl\/index.php\/wp-json\/wp\/v2\/media?parent=66548"}],"wp:term":[{"taxonomy":"category","embeddable":true,"href":"https:\/\/www.uta.cl\/index.php\/wp-json\/wp\/v2\/categories?post=66548"},{"taxonomy":"post_tag","embeddable":true,"href":"https:\/\/www.uta.cl\/index.php\/wp-json\/wp\/v2\/tags?post=66548"}],"curies":[{"name":"wp","href":"https:\/\/api.w.org\/{rel}","templated":true}]}}