{"id":66545,"date":"2024-05-23T12:59:00","date_gmt":"2024-05-23T12:59:00","guid":{"rendered":"https:\/\/www.uta.cl\/?p=66545"},"modified":"2025-04-21T13:00:37","modified_gmt":"2025-04-21T13:00:37","slug":"seminario-educacion-en-contextos-de-fronteras-2","status":"publish","type":"post","link":"https:\/\/www.uta.cl\/index.php\/2024\/05\/23\/seminario-educacion-en-contextos-de-fronteras-2\/","title":{"rendered":"Seminario: \u201cEducaci\u00f3n en Contextos de Fronteras\u201d"},"content":{"rendered":"\n<p>Esta actividad se realiz\u00f3 en el Auditorio Carlos Herrera de Vinculaci\u00f3n con el Medio de la Universidad de Tarapac\u00e1, el jueves 16 de mayo de 2024 a las 9:30 horas de 2024.<\/p>\n\n\n\n<figure class=\"wp-block-image size-large\"><img loading=\"lazy\" width=\"892\" height=\"892\" src=\"https:\/\/www.uta.cl\/wp-content\/uploads\/2025\/04\/image-4.png\" alt=\"\" class=\"wp-image-66546\" srcset=\"https:\/\/www.uta.cl\/wp-content\/uploads\/2025\/04\/image-4.png 892w, https:\/\/www.uta.cl\/wp-content\/uploads\/2025\/04\/image-4-300x300.png 300w, https:\/\/www.uta.cl\/wp-content\/uploads\/2025\/04\/image-4-150x150.png 150w, https:\/\/www.uta.cl\/wp-content\/uploads\/2025\/04\/image-4-768x768.png 768w\" sizes=\"(max-width: 892px) 100vw, 892px\" \/><\/figure>\n\n\n\n<p>El <strong>Seminario \u201cEducaci\u00f3n en Contextos de Fronteras\u201d<\/strong>, realizado en la <strong>Universidad de Tarapac\u00e1<\/strong> con el apoyo de proyectos <strong>Fondecyt, ANID<\/strong>y<strong> CILED<\/strong>, reuni\u00f3 a acad\u00e9micos para debatir sobre educaci\u00f3n regional. Se abordaron temas como inclusi\u00f3n, satisfacci\u00f3n docente y pueblos originarios. La jornada concluy\u00f3 con un di\u00e1logo entre asistentes y expositores.<\/p>\n","protected":false},"excerpt":{"rendered":"<p>Esta actividad se realiz\u00f3 en el Auditorio Carlos Herrera de Vinculaci\u00f3n con el Medio de la Universidad de Tarapac\u00e1, el jueves 16 de mayo de 2024 a las 9:30 horas de 2024. El Seminario \u201cEducaci\u00f3n en Contextos de Fronteras\u201d, realizado en la Universidad de Tarapac\u00e1 con el apoyo de proyectos Fondecyt, ANIDy CILED, reuni\u00f3 a [&hellip;]<\/p>\n","protected":false},"author":13,"featured_media":66546,"comment_status":"open","ping_status":"open","sticky":false,"template":"","format":"standard","meta":[],"categories":[342],"tags":[],"_links":{"self":[{"href":"https:\/\/www.uta.cl\/index.php\/wp-json\/wp\/v2\/posts\/66545"}],"collection":[{"href":"https:\/\/www.uta.cl\/index.php\/wp-json\/wp\/v2\/posts"}],"about":[{"href":"https:\/\/www.uta.cl\/index.php\/wp-json\/wp\/v2\/types\/post"}],"author":[{"embeddable":true,"href":"https:\/\/www.uta.cl\/index.php\/wp-json\/wp\/v2\/users\/13"}],"replies":[{"embeddable":true,"href":"https:\/\/www.uta.cl\/index.php\/wp-json\/wp\/v2\/comments?post=66545"}],"version-history":[{"count":1,"href":"https:\/\/www.uta.cl\/index.php\/wp-json\/wp\/v2\/posts\/66545\/revisions"}],"predecessor-version":[{"id":66547,"href":"https:\/\/www.uta.cl\/index.php\/wp-json\/wp\/v2\/posts\/66545\/revisions\/66547"}],"wp:featuredmedia":[{"embeddable":true,"href":"https:\/\/www.uta.cl\/index.php\/wp-json\/wp\/v2\/media\/66546"}],"wp:attachment":[{"href":"https:\/\/www.uta.cl\/index.php\/wp-json\/wp\/v2\/media?parent=66545"}],"wp:term":[{"taxonomy":"category","embeddable":true,"href":"https:\/\/www.uta.cl\/index.php\/wp-json\/wp\/v2\/categories?post=66545"},{"taxonomy":"post_tag","embeddable":true,"href":"https:\/\/www.uta.cl\/index.php\/wp-json\/wp\/v2\/tags?post=66545"}],"curies":[{"name":"wp","href":"https:\/\/api.w.org\/{rel}","templated":true}]}}