{"id":66542,"date":"2024-04-23T12:58:00","date_gmt":"2024-04-23T12:58:00","guid":{"rendered":"https:\/\/www.uta.cl\/?p=66542"},"modified":"2025-04-21T12:59:27","modified_gmt":"2025-04-21T12:59:27","slug":"seminario-de-educacion-diagnostico-y-perspectivas-de-desarrollo-en-la-educacion-del-norte-de-chile-2","status":"publish","type":"post","link":"https:\/\/www.uta.cl\/index.php\/2024\/04\/23\/seminario-de-educacion-diagnostico-y-perspectivas-de-desarrollo-en-la-educacion-del-norte-de-chile-2\/","title":{"rendered":"Seminario de Educaci\u00f3n: \u201cDiagn\u00f3stico y perspectivas de desarrollo en la educaci\u00f3n del norte de Chile\u201d"},"content":{"rendered":"\n<p>Esta actividad se realiz\u00f3 en el Campus La Tirana de la Universidad de Tarapac\u00e1 Sede Iquique, el jueves 18 de abril de 2024 a las 9:00 horas.<\/p>\n\n\n\n<figure class=\"wp-block-image size-large\"><img loading=\"lazy\" width=\"654\" height=\"926\" src=\"https:\/\/www.uta.cl\/wp-content\/uploads\/2025\/04\/image-3.png\" alt=\"\" class=\"wp-image-66543\" srcset=\"https:\/\/www.uta.cl\/wp-content\/uploads\/2025\/04\/image-3.png 654w, https:\/\/www.uta.cl\/wp-content\/uploads\/2025\/04\/image-3-212x300.png 212w\" sizes=\"(max-width: 654px) 100vw, 654px\" \/><\/figure>\n\n\n\n<p>El <strong>Seminario de Educaci\u00f3n<\/strong> organizado por la <strong>Universidad de Tarapac\u00e1 (UTA) Sede Iquique<\/strong> y el<strong>Centrode Innovaci\u00f3n y Liderazgo Educativo (CILED)<\/strong> reuni\u00f3 a cerca de 80 asistentes para debatir sobre los desaf\u00edos educativos del norte de Chile. Se abordaron temas como educaci\u00f3n p\u00fablica, inclusi\u00f3n, clima escolar y gesti\u00f3n educativa.<\/p>\n","protected":false},"excerpt":{"rendered":"<p>Esta actividad se realiz\u00f3 en el Campus La Tirana de la Universidad de Tarapac\u00e1 Sede Iquique, el jueves 18 de abril de 2024 a las 9:00 horas. El Seminario de Educaci\u00f3n organizado por la Universidad de Tarapac\u00e1 (UTA) Sede Iquique y elCentrode Innovaci\u00f3n y Liderazgo Educativo (CILED) reuni\u00f3 a cerca de 80 asistentes para debatir [&hellip;]<\/p>\n","protected":false},"author":13,"featured_media":66543,"comment_status":"open","ping_status":"open","sticky":false,"template":"","format":"standard","meta":[],"categories":[342],"tags":[],"_links":{"self":[{"href":"https:\/\/www.uta.cl\/index.php\/wp-json\/wp\/v2\/posts\/66542"}],"collection":[{"href":"https:\/\/www.uta.cl\/index.php\/wp-json\/wp\/v2\/posts"}],"about":[{"href":"https:\/\/www.uta.cl\/index.php\/wp-json\/wp\/v2\/types\/post"}],"author":[{"embeddable":true,"href":"https:\/\/www.uta.cl\/index.php\/wp-json\/wp\/v2\/users\/13"}],"replies":[{"embeddable":true,"href":"https:\/\/www.uta.cl\/index.php\/wp-json\/wp\/v2\/comments?post=66542"}],"version-history":[{"count":1,"href":"https:\/\/www.uta.cl\/index.php\/wp-json\/wp\/v2\/posts\/66542\/revisions"}],"predecessor-version":[{"id":66544,"href":"https:\/\/www.uta.cl\/index.php\/wp-json\/wp\/v2\/posts\/66542\/revisions\/66544"}],"wp:featuredmedia":[{"embeddable":true,"href":"https:\/\/www.uta.cl\/index.php\/wp-json\/wp\/v2\/media\/66543"}],"wp:attachment":[{"href":"https:\/\/www.uta.cl\/index.php\/wp-json\/wp\/v2\/media?parent=66542"}],"wp:term":[{"taxonomy":"category","embeddable":true,"href":"https:\/\/www.uta.cl\/index.php\/wp-json\/wp\/v2\/categories?post=66542"},{"taxonomy":"post_tag","embeddable":true,"href":"https:\/\/www.uta.cl\/index.php\/wp-json\/wp\/v2\/tags?post=66542"}],"curies":[{"name":"wp","href":"https:\/\/api.w.org\/{rel}","templated":true}]}}