{"id":66536,"date":"2023-06-28T12:54:00","date_gmt":"2023-06-28T12:54:00","guid":{"rendered":"https:\/\/www.uta.cl\/?p=66536"},"modified":"2025-04-21T12:56:31","modified_gmt":"2025-04-21T12:56:31","slug":"conversatorio-de-la-superintendencia-de-educacion-rol-de-la-superintendencia-de-educacion-en-los-colegios-como-afrontarlo-y-el-paso-de-estudiantes-de-docencia-a-profesores-2","status":"publish","type":"post","link":"https:\/\/www.uta.cl\/index.php\/2023\/06\/28\/conversatorio-de-la-superintendencia-de-educacion-rol-de-la-superintendencia-de-educacion-en-los-colegios-como-afrontarlo-y-el-paso-de-estudiantes-de-docencia-a-profesores-2\/","title":{"rendered":"Conversatorio de la Superintendencia de Educaci\u00f3n: \u201cRol de la Superintendencia de Educaci\u00f3n en los colegios, como afrontarlo y el paso de estudiantes de docencia a profesores\u201d"},"content":{"rendered":"\n<p>Esta actividad se realiz\u00f3 en la Sala Ovidio Sotomayor del Departamento de Ciencias de la Actividad F\u00edsica y del Deporte, el viernes 16 de junio de 2023 a las 16:15 horas.<\/p>\n\n\n\n<figure class=\"wp-block-image size-large\"><img loading=\"lazy\" width=\"806\" height=\"806\" src=\"https:\/\/www.uta.cl\/wp-content\/uploads\/2025\/04\/image-1.png\" alt=\"\" class=\"wp-image-66537\" srcset=\"https:\/\/www.uta.cl\/wp-content\/uploads\/2025\/04\/image-1.png 806w, https:\/\/www.uta.cl\/wp-content\/uploads\/2025\/04\/image-1-300x300.png 300w, https:\/\/www.uta.cl\/wp-content\/uploads\/2025\/04\/image-1-150x150.png 150w, https:\/\/www.uta.cl\/wp-content\/uploads\/2025\/04\/image-1-768x768.png 768w\" sizes=\"(max-width: 806px) 100vw, 806px\" \/><\/figure>\n\n\n\n<p>La <strong>Superintendencia de Educaci\u00f3n<\/strong>, en colaboraci\u00f3n con la <strong>Facultad de Educaci\u00f3n y Humanidades,<\/strong> realiz\u00f3 un conversatorio dirigido a acad\u00e9micos y estudiantes en pr\u00e1ctica de pedagog\u00eda sobre el rol de la Superintendencia y la transici\u00f3n del profesorado a la docencia. La actividad incluy\u00f3 la exposici\u00f3n del <strong>Dr. Mauricio Far\u00edas Arenas<\/strong>, Superintendente de Educaci\u00f3n de la Regi\u00f3n de Arica y Parinacota, quien explic\u00f3 las funciones de la instituci\u00f3n en fiscalizaci\u00f3n y rendici\u00f3n de cuentas. Se discutieron desaf\u00edos docentes en el contexto regional y la estructura interna de la Superintendencia.<\/p>\n","protected":false},"excerpt":{"rendered":"<p>Esta actividad se realiz\u00f3 en la Sala Ovidio Sotomayor del Departamento de Ciencias de la Actividad F\u00edsica y del Deporte, el viernes 16 de junio de 2023 a las 16:15 horas. La Superintendencia de Educaci\u00f3n, en colaboraci\u00f3n con la Facultad de Educaci\u00f3n y Humanidades, realiz\u00f3 un conversatorio dirigido a acad\u00e9micos y estudiantes en pr\u00e1ctica de [&hellip;]<\/p>\n","protected":false},"author":13,"featured_media":66537,"comment_status":"open","ping_status":"open","sticky":false,"template":"","format":"standard","meta":[],"categories":[342],"tags":[],"_links":{"self":[{"href":"https:\/\/www.uta.cl\/index.php\/wp-json\/wp\/v2\/posts\/66536"}],"collection":[{"href":"https:\/\/www.uta.cl\/index.php\/wp-json\/wp\/v2\/posts"}],"about":[{"href":"https:\/\/www.uta.cl\/index.php\/wp-json\/wp\/v2\/types\/post"}],"author":[{"embeddable":true,"href":"https:\/\/www.uta.cl\/index.php\/wp-json\/wp\/v2\/users\/13"}],"replies":[{"embeddable":true,"href":"https:\/\/www.uta.cl\/index.php\/wp-json\/wp\/v2\/comments?post=66536"}],"version-history":[{"count":1,"href":"https:\/\/www.uta.cl\/index.php\/wp-json\/wp\/v2\/posts\/66536\/revisions"}],"predecessor-version":[{"id":66538,"href":"https:\/\/www.uta.cl\/index.php\/wp-json\/wp\/v2\/posts\/66536\/revisions\/66538"}],"wp:featuredmedia":[{"embeddable":true,"href":"https:\/\/www.uta.cl\/index.php\/wp-json\/wp\/v2\/media\/66537"}],"wp:attachment":[{"href":"https:\/\/www.uta.cl\/index.php\/wp-json\/wp\/v2\/media?parent=66536"}],"wp:term":[{"taxonomy":"category","embeddable":true,"href":"https:\/\/www.uta.cl\/index.php\/wp-json\/wp\/v2\/categories?post=66536"},{"taxonomy":"post_tag","embeddable":true,"href":"https:\/\/www.uta.cl\/index.php\/wp-json\/wp\/v2\/tags?post=66536"}],"curies":[{"name":"wp","href":"https:\/\/api.w.org\/{rel}","templated":true}]}}